{"id":112120,"date":"2025-05-19T15:55:07","date_gmt":"2025-05-19T15:55:07","guid":{"rendered":"https:\/\/www.europesays.com\/fr\/112120\/"},"modified":"2025-05-19T15:55:07","modified_gmt":"2025-05-19T15:55:07","slug":"lyon-une-femme-de-90-ans-agressee-chez-elle-le-courage-dune-voisine-la-sauve","status":"publish","type":"post","link":"https:\/\/www.europesays.com\/fr\/112120\/","title":{"rendered":"Lyon. Une femme de 90 ans agress\u00e9e chez elle, le courage d&rsquo;une voisine la sauve"},"content":{"rendered":"<p>            Par<br \/>\n        <strong><br \/>\n            <a href=\"https:\/\/actu.fr\/auteur\/julien-damboise\" title=\"Consulter tous les articles de Julien Damboise\" target=\"_blank\" rel=\"noopener\">Julien Damboise<\/a><br \/>\n        <\/strong><\/p>\n<p>        Publi\u00e9 le<\/p>\n<p>            19 mai 2025 \u00e0 17h27        <\/p>\n<p><strong>INFO ACTU LYON<\/strong>. Une grave <strong>agression d\u2019une femme \u00e2g\u00e9e de 90 ans<\/strong> s\u2019est d\u00e9roul\u00e9e ce samedi 17 mai 2025 dans le 8e arrondissement de <a href=\"https:\/\/actu.fr\/auvergne-rhone-alpes\/lyon_69123\" target=\"_blank\" rel=\"noopener\">Lyon<\/a>. La victime, suivie par son agresseuse, a \u00e9t\u00e9 attaqu\u00e9e chez elle puis a chut\u00e9 dans des escaliers. Elle a \u00e9t\u00e9 prise en charge par les <a href=\"https:\/\/actu.fr\/auvergne-rhone-alpes\/colombier-saugnieu_69299\/violent-accident-entre-une-voiture-et-un-bus-une-personne-heliportee-d-urgence-a-lyon_62653865.html\" target=\"_blank\" rel=\"noopener\">pompiers<\/a>, tandis que les voisins ont permis l\u2019interpellation de la mise en cause.<\/p>\n<p>    <a href=\"https:\/\/www.google.com\/maps\/embed?pb=!1m18!1m12!1m3!1d1088.2145689006124!2d4.87497970451675!3d45.725527322124144!2m3!1f0!2f0!3f0!3m2!1i1024!2i768!4f13.1!3m3!1m2!1s0x47f4c1f83a6afc33%3A0x56e2943761d8b8c6!2sRue%20Jules%20Valensaut%2C%20Lyon!5e1!3m2!1sfr!2sfr!4v1747646030809!5m2!1sfr!2sfr\" title=\"Ouvrie le lien\" target=\"_blank\" rel=\"noopener\">Cliquez ici pour visualiser le contenu<\/a><\/p>\n<p>Une dame de 90 ans cibl\u00e9e<\/p>\n<p class=\" wall-content\">Les faits se sont d\u00e9roul\u00e9s vers 11 h dans un immeuble de la rue Jules-Valensaut, entre les avenues Paul-Santy et Viviani.<\/p>\n<p class=\" wall-content\">Une femme aurait suivi sa victime, une dame \u00e2g\u00e9e de 90 ans, jusqu\u2019au 5 \u00e9tage de son immeuble d\u2019habitation dans le but d\u2019aller la voler. Elle <strong>ne s\u2019est pas laiss\u00e9e faire<\/strong>, provoquant une bousculade avec l\u2019agresseuse.<\/p>\n<p class=\" wall-content\">Mais les heurts ont provoqu\u00e9 <strong>la chute de la dame<\/strong> dans des escaliers, lui infligeant des blessures.<\/p>\n<p>Les voisins interviennent\u00a0<\/p>\n<p class=\" wall-content\">Alert\u00e9s pas le vacarme, des voisins sont intervenus pour mettre fin \u00e0 l\u2019agression et <strong>ma\u00eetriser la mise en cause<\/strong> qui aurait agi avec le visage dissimul\u00e9. Une riveraine, prenant son courage \u00e0 deux mains, aurait re\u00e7u <strong>des coups<\/strong> en s\u2019interposant. Une vaillance qui a permis de maintenir la cambrioleuse sur place.<\/p>\n<p class=\" wall-content\">L\u2019habitante de 90 ans a \u00e9t\u00e9 transport\u00e9e \u00e0 l\u2019h\u00f4pital Edouard-Herriot pour recevoir des soins. Son pronostic vital n\u2019\u00e9tait heureusement pas engag\u00e9.<\/p>\n<p>Interpell\u00e9e, la suspecte a d\u00e9rob\u00e9 de l\u2019argent \u00e0 sa victime<\/p>\n<p class=\" wall-content\">La direction interd\u00e9partementale de la police nationale du Rh\u00f4ne nous confirme cette agression dans laquelle la mise en cause, \u00e2g\u00e9e de 47 ans et d\u00e9favorablement connue des services de police, a r\u00e9ussi \u00e0 d\u00e9rober l\u2019argent de sa victime apr\u00e8s lui avoir port\u00e9 des coups.<\/p>\n<p class=\" wall-content\">\u00ab\u00a0En revanche, nous n\u2019avons pas la possibilit\u00e9 de vous confirmer la chute dans les escaliers\u00a0\u00bb, ajoutent les services de police.<\/p>\n<p class=\" wall-content\">Interpell\u00e9e par la police municipale, la suspecte a \u00e9t\u00e9 plac\u00e9e en garde \u00e0 vue et d\u00e9f\u00e9r\u00e9e en comparution \u00e0 d\u00e9lai diff\u00e9r\u00e9.<\/p>\n<p class=\" wall-content\">Suivez toute l\u2019actualit\u00e9 de vos villes et m\u00e9dias favoris en vous inscrivant \u00e0 <a href=\"https:\/\/moncompte.actu.fr\" title=\"D\u00e9couvez Mon Actu\" rel=\"nofollow noopener\" data-trk=\"{&quot;cta&quot;:{&quot;action&quot;:&quot;https:\\\/\\\/moncompte.actu.fr&quot;,&quot;category&quot;:&quot;mon compte&quot;,&quot;from&quot;:&quot;article footer&quot;,&quot;name&quot;:&quot;Mon actu&quot;,&quot;type&quot;:&quot;cta&quot;}}\" target=\"_blank\">Mon Actu<\/a>.<\/p>\n","protected":false},"excerpt":{"rendered":"Par Julien Damboise Publi\u00e9 le 19 mai 2025 \u00e0 17h27 INFO ACTU LYON. Une grave agression d\u2019une femme&hellip;\n","protected":false},"author":2,"featured_media":77715,"comment_status":"","ping_status":"","sticky":false,"template":"","format":"standard","meta":{"footnotes":""},"categories":[1889],"tags":[1111,11,2430,1174,1777,674,118,1011,27,2825,2428,12,1072,25],"class_list":{"0":"post-112120","1":"post","2":"type-post","3":"status-publish","4":"format-standard","5":"has-post-thumbnail","7":"category-lyon","8":"tag-actu","9":"tag-actualites","10":"tag-auvergne-rhone-alpes","11":"tag-cambriolage","12":"tag-eu","13":"tag-europe","14":"tag-faits-divers","15":"tag-fr","16":"tag-france","17":"tag-insecurite","18":"tag-lyon","19":"tag-news","20":"tag-police","21":"tag-republique-francaise"},"share_on_mastodon":{"url":"https:\/\/pubeurope.com\/@fr\/114535315826893336","error":""},"_links":{"self":[{"href":"https:\/\/www.europesays.com\/fr\/wp-json\/wp\/v2\/posts\/112120","targetHints":{"allow":["GET"]}}],"collection":[{"href":"https:\/\/www.europesays.com\/fr\/wp-json\/wp\/v2\/posts"}],"about":[{"href":"https:\/\/www.europesays.com\/fr\/wp-json\/wp\/v2\/types\/post"}],"author":[{"embeddable":true,"href":"https:\/\/www.europesays.com\/fr\/wp-json\/wp\/v2\/users\/2"}],"replies":[{"embeddable":true,"href":"https:\/\/www.europesays.com\/fr\/wp-json\/wp\/v2\/comments?post=112120"}],"version-history":[{"count":0,"href":"https:\/\/www.europesays.com\/fr\/wp-json\/wp\/v2\/posts\/112120\/revisions"}],"wp:featuredmedia":[{"embeddable":true,"href":"https:\/\/www.europesays.com\/fr\/wp-json\/wp\/v2\/media\/77715"}],"wp:attachment":[{"href":"https:\/\/www.europesays.com\/fr\/wp-json\/wp\/v2\/media?parent=112120"}],"wp:term":[{"taxonomy":"category","embeddable":true,"href":"https:\/\/www.europesays.com\/fr\/wp-json\/wp\/v2\/categories?post=112120"},{"taxonomy":"post_tag","embeddable":true,"href":"https:\/\/www.europesays.com\/fr\/wp-json\/wp\/v2\/tags?post=112120"}],"curies":[{"name":"wp","href":"https:\/\/api.w.org\/{rel}","templated":true}]}}