{"id":1121212,"date":"2026-08-11T18:16:23","date_gmt":"2026-08-11T18:16:23","guid":{"rendered":"https:\/\/www.europesays.com\/fr\/1121212\/"},"modified":"2026-08-11T18:16:23","modified_gmt":"2026-08-11T18:16:23","slug":"nancy-le-festival-les-burelesques-attaque-la-prefecture-de-la-meuse-en-refere-liberte","status":"publish","type":"post","link":"https:\/\/www.europesays.com\/fr\/1121212\/","title":{"rendered":"Nancy. Le festival \u00ab Les Bure\u2019lesques \u00bb attaque la pr\u00e9fecture de la Meuse en r\u00e9f\u00e9r\u00e9-libert\u00e9"},"content":{"rendered":"<p>Ils sont une demi-douzaine \u00e0 s\u2019\u00eatre retrouv\u00e9s \u00e0 l\u2019occasion de cette audience. Militants historiques contre le projet Cigeo \u00e0 Bure, comme Corinne Fran\u00e7ois, porte-parole du collectif Bure Stop, ainsi qu\u2019habitants des environs, comme Marie-C\u00e9cile.<\/p>\n<p>Alors que le festival Les Bure\u2019lesques est pr\u00e9vu du 14 au 16\u00a0ao\u00fbt sur la commune de Saint-Amand-sur-Ornain, <a href=\"https:\/\/www.estrepublicain.fr\/culture-loisirs\/2026\/08\/09\/contre-le-stockage-des-dechets-nucleaires-quand-l-opposition-a-cigeo-devient-un-festival-bure-lesques\" target=\"_blank\" rel=\"nofollow noopener\">avec au programme conf\u00e9rences, spectacles et concerts<\/a> , deux arr\u00eat\u00e9s ont \u00e9t\u00e9 publi\u00e9s le 4\u00a0ao\u00fbt par la pr\u00e9fecture de la Meuse. Repr\u00e9sent\u00e9e par elle-m\u00eame, en la personne d\u2019Eric Le Roux, sous-pr\u00e9fet de Commercy, la pr\u00e9fecture a d\u00e9fendu&#8230;<\/p>\n","protected":false},"excerpt":{"rendered":"Ils sont une demi-douzaine \u00e0 s\u2019\u00eatre retrouv\u00e9s \u00e0 l\u2019occasion de cette audience. Militants historiques contre le projet Cigeo&hellip;\n","protected":false},"author":2,"featured_media":1121213,"comment_status":"","ping_status":"","sticky":false,"template":"","format":"standard","meta":{"footnotes":"","_share_on_mastodon":"0"},"categories":[9635],"tags":[1111,11,3600,3601,1704,1777,674,274,107,1011,27,775,3457,1702,1703,12,3456,25,104],"class_list":["post-1121212","post","type-post","status-publish","format-standard","has-post-thumbnail","category-nancy","tag-actu","tag-actualites","tag-bar-le-duc","tag-bar-le-duc-ville-55a","tag-edition-nancy-et-agglomeration","tag-eu","tag-europe","tag-faits-divers-justice","tag-fil-info","tag-fr","tag-france","tag-grand-est","tag-meurthe-et-moselle","tag-nancy","tag-nancy-ville-54b","tag-news","tag-region-lorraine","tag-republique-francaise","tag-societe"],"share_on_mastodon":{"url":"https:\/\/pubeurope.com\/@fr\/117078247841184549","error":""},"_links":{"self":[{"href":"https:\/\/www.europesays.com\/fr\/wp-json\/wp\/v2\/posts\/1121212","targetHints":{"allow":["GET"]}}],"collection":[{"href":"https:\/\/www.europesays.com\/fr\/wp-json\/wp\/v2\/posts"}],"about":[{"href":"https:\/\/www.europesays.com\/fr\/wp-json\/wp\/v2\/types\/post"}],"author":[{"embeddable":true,"href":"https:\/\/www.europesays.com\/fr\/wp-json\/wp\/v2\/users\/2"}],"replies":[{"embeddable":true,"href":"https:\/\/www.europesays.com\/fr\/wp-json\/wp\/v2\/comments?post=1121212"}],"version-history":[{"count":0,"href":"https:\/\/www.europesays.com\/fr\/wp-json\/wp\/v2\/posts\/1121212\/revisions"}],"wp:featuredmedia":[{"embeddable":true,"href":"https:\/\/www.europesays.com\/fr\/wp-json\/wp\/v2\/media\/1121213"}],"wp:attachment":[{"href":"https:\/\/www.europesays.com\/fr\/wp-json\/wp\/v2\/media?parent=1121212"}],"wp:term":[{"taxonomy":"category","embeddable":true,"href":"https:\/\/www.europesays.com\/fr\/wp-json\/wp\/v2\/categories?post=1121212"},{"taxonomy":"post_tag","embeddable":true,"href":"https:\/\/www.europesays.com\/fr\/wp-json\/wp\/v2\/tags?post=1121212"}],"curies":[{"name":"wp","href":"https:\/\/api.w.org\/{rel}","templated":true}]}}