{"id":112123,"date":"2025-05-19T15:57:44","date_gmt":"2025-05-19T15:57:44","guid":{"rendered":"https:\/\/www.europesays.com\/fr\/112123\/"},"modified":"2025-05-19T15:57:44","modified_gmt":"2025-05-19T15:57:44","slug":"soutien-aux-aidants-une-priorite-pour-lars-ile-de-france","status":"publish","type":"post","link":"https:\/\/www.europesays.com\/fr\/112123\/","title":{"rendered":"Soutien aux aidants : une priorit\u00e9 pour l&rsquo;ARS \u00cele-de-France"},"content":{"rendered":"<p>Les actions \u00e0 destination des aidants, impuls\u00e9es par l\u2019Agence r\u00e9gionale de sant\u00e9 \u00cele-de-France, s\u2019inscrivent dans le cadre de l&rsquo;axe 2 du Projet r\u00e9gional de sant\u00e9 2023-2028 : \u00ab\u00a0Soutenir et accompagner les aidants dans leur parcours\u00a0\u00bb.<\/p>\n<p>L\u2019ann\u00e9e 2024 marque une intensification des actions de l\u2019ARS \u00cele-de-France en direction des aidants de personnes \u00e2g\u00e9es ou en situation de handicap, avec la mise en place d\u2019une feuille de route \u00ab\u00a0Agir pour les aidants 2024-2028\u00a0\u00bb d\u00e9di\u00e9e, qui entend\u00a0renforcer le soutien aux proches aidants, afin de pr\u00e9venir l\u2019\u00e9puisement des familles\u00a0et mailler le territoire francilien de solutions de relai et de r\u00e9pit.<\/p>\n<p>Cette feuille de route se d\u00e9clinera en 5 axes, qui couvriront l\u2019ensemble des actions \u00e0 mener. Ces axes de travail concerneront le diagnostic des besoins et de l\u2019offre existante, l\u2019information et la communication \u00e0 destination des aidants ainsi que les solutions de soutien aux aidants et de r\u00e9pit qui seront d\u00e9ploy\u00e9es et financ\u00e9es par l\u2019ARS \u00cele-de-France sur tout le territoire.<\/p>\n<p>L\u2019ARS \u00cele-de-France r\u00e9it\u00e8re son soutien \u00e0 tous les aidants franciliens qui \u0153uvrent au quotidien pour l\u2019accompagnement des personnes \u00e2g\u00e9es ou en situation de handicap.<\/p>\n<p>Le soutien aux aidants int\u00e9gr\u00e9 \u00e0 la prise en charge m\u00e9dico-sociale<\/p>\n<p>Les aidants des personnes \u00e2g\u00e9es<\/p>\n<p>En ce qui concerne les personnes \u00e2g\u00e9es, le soutien aux aidants est depuis de nombreuses ann\u00e9es un axe prioritaire des pouvoirs publics, mis en \u0153uvre \u00e0 travers les plans Alzheimer successifs et la strat\u00e9gie nationale \u00ab\u00a0agir pour les aidants\u00a0\u00bb.\u00a0L\u2019ARS \u00cele-de-France organise le soutien aux aidants \u00e0 travers une offre int\u00e9gr\u00e9e \u00e0 la prise en charge m\u00e9dico-sociale et par le financement d\u2019actions port\u00e9es par d\u2019autres acteurs. <\/p>\n<p>Les accueils de jour<\/p>\n<p>Structure autonome ou adoss\u00e9e \u00e0 un EHPAD, l\u2019accueil de jour s\u2019adresse principalement aux personnes \u00e2g\u00e9es pr\u00e9sentant une maladie d\u2019Alzheimer ou une maladie apparent\u00e9e et vivant \u00e0 domicile. Les personnes accueillies peuvent y suivre des activit\u00e9s adapt\u00e9es, offrant ainsi aux proches \u00ab aidants \u00bb du temps de r\u00e9pit.\u00a0<\/p>\n<p>En 2024, la r\u00e9gion \u00cele-de-France compte<strong> 1955 places d\u2019accueil de jour pour personnes \u00e2g\u00e9es en perte d\u2019autonomie<\/strong>.<\/p>\n<p>L\u2019h\u00e9bergement temporaire<\/p>\n<p>L\u2019h\u00e9bergement temporaire est une modalit\u00e9 d\u2019accueil en EHPAD limit\u00e9 dans le temps. Il s\u2019adresse aux personnes \u00e2g\u00e9es d\u00e9pendantes dont le maintien \u00e0 domicile est momentan\u00e9ment compromis du fait d\u2019une situation de crise : isolement, absence des aidants, d\u00e9part en vacances de la famille, travaux dans le logement&#8230; Il peut \u00e9galement s\u2019utiliser comme premier essai de vie en collectivit\u00e9 avant l\u2019entr\u00e9e d\u00e9finitive en \u00e9tablissement, ou servir de transition avant le retour \u00e0 domicile apr\u00e8s une hospitalisation.<\/p>\n<p>La r\u00e9gion \u00cele-de-France dispose actuellement de <strong>1393 places en h\u00e9bergement temporaire<\/strong>.<\/p>\n<p>Les aidants des personnes en situation de handicap<\/p>\n<p>Dans le champ du handicap, avant 2020, les solutions d\u00e9di\u00e9es au r\u00e9pit \u00e9taient essentiellement concentr\u00e9es autour du d\u00e9veloppement de places d\u2019accueil temporaire au sein des \u00e9tablissements m\u00e9dico-sociaux. Depuis, l\u2019ARS \u00cele-de-France a capitalis\u00e9 sur les initiatives port\u00e9es en r\u00e9ponse \u00e0 la crise sanitaire du Covid-19 pour d\u00e9velopper une offre de s\u00e9jours de r\u00e9pit en ESMS sur les p\u00e9riodes de fermeture des \u00e9tablissements, lors des vacances scolaires. <\/p>\n<p>Le d\u00e9veloppement de solutions innovantes de r\u00e9pit et de relai pour les aidants est \u00e9galement un axe du \u00ab\u00a0Plan Inclus&rsquo;IF 2030\u00a0\u00bb engag\u00e9 par l&rsquo;ARS \u00cele-de-France dans la suite des annonces de la Conf\u00e9rence nationale du handicap (CNH) du 26 avril 2023. 12 premiers projets de r\u00e9pit ont pu \u00eatre retenus\u00a0en 2024 : 9 \u00e0 destination des enfants et 3 \u00e0 destination des adultes. Cela correspond \u00e0 1<strong>03 solutions nouvelles, dont 84 en accueil de jour et 19 en internat.<\/strong> Ces projets ciblent diff\u00e9rents publics\u00a0(personnes pr\u00e9sentant des troubles du spectre de l\u2019autisme, personnes handicap\u00e9es vieillissantes avec d\u00e9ficience intellectuelle, toutes d\u00e9ficiences). \u00a0<\/p>\n<p>En compl\u00e9ment du Plan Inclus\u2019IF, plusieurs autres projets ont \u00e9t\u00e9 d\u00e9ploy\u00e9s en 2024\u00a0dans des d\u00e9partements franciliens, permettant des extensions de places et des extensions de jours d\u2019ouverture en ESMS. Ces efforts de d\u00e9veloppement d\u2019une large palette de solutions de r\u00e9pit et de soutien aux aidants se poursuivront dans les suites du Plan Inclus\u2019IF, pour garantir une offre la plus diversifi\u00e9e et compl\u00e8te possible.<\/p>\n<p>\u00a0<\/p>\n<p>Les plateformes d\u2019accompagnement et de r\u00e9pit\u00a0bient\u00f4t \u00e9tendues aux proches-aidants de personnes en situation de handicap<strong> <\/strong><\/p>\n<p>Les plateformes de r\u00e9pit (PFR) apportent un soutien et un accompagnement aux proches aidants d\u2019une personne \u00e2g\u00e9e en perte d\u2019autonomie, atteinte d\u2019une maladie neurod\u00e9g\u00e9n\u00e9rative ou d\u2019une personne en situation de handicap.<\/p>\n<p>Elles interviennent sur plusieurs communes et proposent diff\u00e9rentes formes de soutien aux aidants\u00a0: formation, activit\u00e9s, soutien psychologique, relayage \u00e0 domicile.<\/p>\n<p>Pour trouver la PFR pr\u00e8s de chez vous\u00a0: <a class=\"link-ext-icon\" href=\"https:\/\/www.soutenirlesaidants.fr\/\" target=\"_blank\" data-xiti-name=\"https:\/\/www.soutenirlesaidants.fr\/\" data-xiti-chapitre1=\"Soutien aux aidants : une priorit\u00e9 pour l&#039;ARS \u00cele-de-France\" data-xiti-type=\"exit\" rel=\"noopener\">https:\/\/www.soutenirlesaidants.fr\/<\/a><\/p>\n<p>\u00a0<\/p>\n<p>Autres acteurs soutenus par l&rsquo;ARS \u00cele-de-France<\/p>\n<ul>\n<li><a class=\"link-ext-icon\" href=\"https:\/\/www.centraider.fr\/\" target=\"_blank\" data-xiti-name=\"Le dispositif Centr\u2019aider\" data-xiti-chapitre1=\"Soutien aux aidants : une priorit\u00e9 pour l&#039;ARS \u00cele-de-France\" data-xiti-type=\"exit\" rel=\"noopener\">Le dispositif Centr\u2019aider<\/a>, port\u00e9 par la M2A de Paris Centre, qui intervient sur l\u2019ensemble de la r\u00e9gion.\u00a0Il propose des outils \u00e0 destination des professionnels pour mieux orienter les aidants ainsi que des informations \u00e0 destination des aidants et du grand public, avec un r\u00e9f\u00e9rencement de l\u2019offre existante.<\/li>\n<li><a class=\"link-ext-icon\" href=\"https:\/\/lacompagniedesaidants.org\/\" target=\"_blank\" data-xiti-name=\"La Compagnie des Aidants\" data-xiti-chapitre1=\"Soutien aux aidants : une priorit\u00e9 pour l&#039;ARS \u00cele-de-France\" data-xiti-type=\"exit\" rel=\"noopener\">La Compagnie des Aidants<\/a>, qui organise chaque ann\u00e9e la Caravane \u00ab Tous Aidants \u00bb, \u00e9v\u00e8nement itin\u00e9rant \u00e0 destination des aidants de proches en perte d\u2019autonomie, en situation de handicap ou atteints de maladies chroniques.\u00a0La Caravane s\u2019arr\u00eate dans plusieurs villes, choisissant des lieux strat\u00e9giques comme des places publiques, des h\u00f4pitaux et des universit\u00e9s, selon un calendrier d\u00e9fini et diffus\u00e9 aux diff\u00e9rents partenaires.<\/li>\n<\/ul>\n<p>*Source :\u00a0\u00ab \u00c9tudes et r\u00e9sultats \u00bb n\u00b01255 de la DREES \u2013 f\u00e9vrier 2023<\/p>\n","protected":false},"excerpt":{"rendered":"Les actions \u00e0 destination des aidants, impuls\u00e9es par l\u2019Agence r\u00e9gionale de sant\u00e9 \u00cele-de-France, s\u2019inscrivent dans le cadre de&hellip;\n","protected":false},"author":2,"featured_media":112124,"comment_status":"","ping_status":"","sticky":false,"template":"","format":"standard","meta":{"footnotes":""},"categories":[1592],"tags":[1111,11,23157,1777,674,1011,27,1943,662,23158,12,626,2571,20143,25],"class_list":{"0":"post-112123","1":"post","2":"type-post","3":"status-publish","4":"format-standard","5":"has-post-thumbnail","7":"category-ile-de-france","8":"tag-actu","9":"tag-actualites","10":"tag-aidants","11":"tag-eu","12":"tag-europe","13":"tag-fr","14":"tag-france","15":"tag-handicap","16":"tag-ile-de-france","17":"tag-medico-social","18":"tag-news","19":"tag-paris","20":"tag-personnes-agees","21":"tag-personnes-en-situation-de-handicap","22":"tag-republique-francaise"},"share_on_mastodon":{"url":"https:\/\/pubeurope.com\/@fr\/114535323873121227","error":""},"_links":{"self":[{"href":"https:\/\/www.europesays.com\/fr\/wp-json\/wp\/v2\/posts\/112123","targetHints":{"allow":["GET"]}}],"collection":[{"href":"https:\/\/www.europesays.com\/fr\/wp-json\/wp\/v2\/posts"}],"about":[{"href":"https:\/\/www.europesays.com\/fr\/wp-json\/wp\/v2\/types\/post"}],"author":[{"embeddable":true,"href":"https:\/\/www.europesays.com\/fr\/wp-json\/wp\/v2\/users\/2"}],"replies":[{"embeddable":true,"href":"https:\/\/www.europesays.com\/fr\/wp-json\/wp\/v2\/comments?post=112123"}],"version-history":[{"count":0,"href":"https:\/\/www.europesays.com\/fr\/wp-json\/wp\/v2\/posts\/112123\/revisions"}],"wp:featuredmedia":[{"embeddable":true,"href":"https:\/\/www.europesays.com\/fr\/wp-json\/wp\/v2\/media\/112124"}],"wp:attachment":[{"href":"https:\/\/www.europesays.com\/fr\/wp-json\/wp\/v2\/media?parent=112123"}],"wp:term":[{"taxonomy":"category","embeddable":true,"href":"https:\/\/www.europesays.com\/fr\/wp-json\/wp\/v2\/categories?post=112123"},{"taxonomy":"post_tag","embeddable":true,"href":"https:\/\/www.europesays.com\/fr\/wp-json\/wp\/v2\/tags?post=112123"}],"curies":[{"name":"wp","href":"https:\/\/api.w.org\/{rel}","templated":true}]}}