{"id":1121259,"date":"2026-08-11T19:13:24","date_gmt":"2026-08-11T19:13:24","guid":{"rendered":"https:\/\/www.europesays.com\/fr\/1121259\/"},"modified":"2026-08-11T19:13:24","modified_gmt":"2026-08-11T19:13:24","slug":"guerre-en-ukraine-plus-de-16-000-civils-toujours-prives-de-liberte-par-la-russie","status":"publish","type":"post","link":"https:\/\/www.europesays.com\/fr\/1121259\/","title":{"rendered":"Guerre en Ukraine: plus de 16 000 civils toujours \u00abpriv\u00e9s de libert\u00e9\u00bb par la Russie"},"content":{"rendered":"<p>Les Nations Unies (ONU) estiment que plus de 16\u00a0000\u00a0civils d\u00e9tenus par la Russie dans le cadre de sa guerre en Ukraine sont toujours \u00abpriv\u00e9s de libert\u00e9\u00bb, dont beaucoup sont maintenus au secret et pour des motifs non conformes au droit international.<\/p>\n<p>\u00abLa torture et les mauvais traitements g\u00e9n\u00e9ralis\u00e9s et syst\u00e9matiques\u00bb inflig\u00e9s par la Russie tant aux civils ukrainiens d\u00e9tenus qu\u2019aux prisonniers de guerre se poursuivent, y compris les violences sexuelles, a soulign\u00e9 Claudia Fuentes Julio, sous-secr\u00e9taire g\u00e9n\u00e9rale aux droits de l\u2019homme au sein des Nations unies.<\/p>\n<p>Elle s\u2019est exprim\u00e9e lors d\u2019une r\u00e9union informelle du Conseil de s\u00e9curit\u00e9 de l\u2019ONU convoqu\u00e9e lundi par la Lettonie et le Royaume-Uni afin de mettre en lumi\u00e8re le sort des civils et des soldats captur\u00e9s au cours de la guerre que la Russie a d\u00e9clench\u00e9e en f\u00e9vrier\u00a02022 par une invasion \u00e0 grande \u00e9chelle de son voisin. <\/p>\n<p>Depuis l\u2019invasion, a indiqu\u00e9 Mme\u00a0Julio, le personnel des droits de l\u2019homme de l\u2019ONU a interrog\u00e9 910\u00a0prisonniers de guerre ukrainiens et 403\u00a0d\u00e9tenus civils apr\u00e8s leur lib\u00e9ration. L\u2019ONU n\u2019a pas pu se rendre dans les centres de d\u00e9tention en Russie, et son estimation du nombre de personnes d\u00e9tenues ne pr\u00e9cise pas combien sont des adultes ou des enfants.<\/p>\n<p>Plus de 95\u00a0% des prisonniers de guerre ukrainiens et 85\u00a0% des d\u00e9tenus civils ont d\u00e9clar\u00e9 avoir \u00e9t\u00e9 tortur\u00e9s ou maltrait\u00e9s, souvent \u00e0 plusieurs reprises, a indiqu\u00e9 la responsable de l\u2019ONU. Ils ont \u00e9galement fait \u00e9tat d\u2019agressions sexuelles et de conditions inhumaines, notamment de privation de nourriture et de soins m\u00e9dicaux insuffisants.<\/p>\n<p>Le Haut-Commissariat des Nations Unies aux droits de l\u2019homme \u00aba document\u00e9 l\u2019ex\u00e9cution de 129\u00a0prisonniers de guerre ukrainiens au d\u00e9but de leur captivit\u00e9, ainsi que le d\u00e9c\u00e8s de 48\u00a0prisonniers de guerre ukrainiens en d\u00e9tention, r\u00e9sultant de tortures, du refus de soins m\u00e9dicaux ou d\u2019autres conditions de d\u00e9tention inhumaines\u00bb, a d\u00e9taill\u00e9 Mme\u00a0Julio.<\/p>\n<p><b>D\u2019anciens d\u00e9tenus t\u00e9moignent<\/b><\/p>\n<p>Le Conseil de s\u00e9curit\u00e9 de l\u2019ONU a entendu le t\u00e9moignage poignant de Leniie Umerova, militante des droits de la personne tatare de Crim\u00e9e, et de Khuan Leyva Garsiya, un soldat ukrainien qui combattait dans la ville assi\u00e9g\u00e9e de Marioupol, avant de se rendre aux Russes en mai\u00a02022.<\/p>\n<p>M.\u00a0Garsiya, n\u00e9 \u00e0 Marioupol d\u2019une m\u00e8re ukrainienne et d\u2019un p\u00e8re cubain, a pass\u00e9 1183 jours en captivit\u00e9. Il a confi\u00e9 ne peser que 55\u00a0kilogrammes au moment de sa lib\u00e9ration, et a sorti une photo de son corps \u00e9maci\u00e9 pour la montrer au Conseil.<\/p>\n<p>Il a d\u00e9clar\u00e9 avoir \u00e9t\u00e9 tortur\u00e9, battu plus violemment et humili\u00e9 davantage que les autres prisonniers, car les Russes le soup\u00e7onnaient d\u2019\u00eatre un mercenaire \u00e9tranger en raison de ses origines cubaines, ou un espion am\u00e9ricain parce qu\u2019il avait fait ses \u00e9tudes universitaires aux \u00c9tats-Unis.<\/p>\n<p>Il a ajout\u00e9 que les Russes avaient tent\u00e9 de briser psychologiquement les prisonniers et de les forcer \u00e0 avouer des crimes dont ils n\u2019\u00e9taient pas les auteurs, en recourant \u00e0 des tortures, telles que l\u2019exposition au froid, les coups, l\u2019\u00e9lectrocution et les abus sexuels.<\/p>\n<p>\u00abDeux de mes amis ont \u00e9t\u00e9 battus \u00e0 mort dans des centres de d\u00e9tention de la r\u00e9gion de Donetsk\u00bb, a t\u00e9moign\u00e9 Khuan Leyva Garsiya. \u00abDeux de mes amis sont morts \u00e0 cause des conditions dans lesquelles ils ont \u00e9t\u00e9 plac\u00e9s dans les prisons russes et ont \u00e9t\u00e9 rapatri\u00e9s dans des sacs en plastique.\u00bb<\/p>\n<p>Pour l\u2019activiste Leniie Umerova, sa captivit\u00e9 a commenc\u00e9 lorsqu\u2019elle a tent\u00e9 d\u2019entrer en Russie depuis la G\u00e9orgie pour rendre visite \u00e0 son p\u00e8re gravement malade en Crim\u00e9e, qui fait partie de l\u2019Ukraine, mais est occup\u00e9e par la Russie depuis 2014.<\/p>\n<p>Elle a d\u00e9clar\u00e9 avoir \u00e9t\u00e9 plac\u00e9e en d\u00e9tention sur la base d\u2019\u00abaccusations forg\u00e9es de toutes pi\u00e8ces\u00bb. Mais contrairement \u00e0 beaucoup d\u2019autres, elle a pu contacter un avocat. Au bout de trois mois, a-t-elle expliqu\u00e9, son avocat a obtenu sa lib\u00e9ration gr\u00e2ce \u00e0 une d\u00e9cision de justice. <\/p>\n<p>\u00abMais d\u00e8s que les portes de la prison se sont ouvertes, on m\u2019a mis un sac sur la t\u00eate et on m\u2019a emmen\u00e9e \u00e0 nouveau.\u00bb En six mois, elle a indiqu\u00e9 avoir \u00e9t\u00e9 transf\u00e9r\u00e9e dans sept \u00e9tablissements diff\u00e9rents, qualifiant cette situation de \u00abman\u00e8ge de la r\u00e9pression\u00bb.<\/p>\n<p><b>Des abus signal\u00e9s par les d\u00e9tenus russes<\/b><\/p>\n<p>Les experts des droits de la personne de l\u2019ONU ont \u00e9galement interrog\u00e9 816\u00a0Russes et 57\u00a0prisonniers de guerre ressortissants de pays tiers, originaires de plus de 45\u00a0pays, qui faisaient partie des forces arm\u00e9es russes en Ukraine, a d\u00e9clar\u00e9 la sous-secr\u00e9taire Julio.<\/p>\n<p>Environ la moiti\u00e9 d\u2019entre eux ont fait \u00e9tat de tortures ou de mauvais traitements, principalement au cours des premi\u00e8res phases de leur captivit\u00e9 et lors des interrogatoires men\u00e9s par les Ukrainiens, a-t-elle pr\u00e9cis\u00e9. Toutefois, les observateurs de l\u2019ONU ont indiqu\u00e9 qu\u2019une fois dans les centres de d\u00e9tention ukrainiens, \u00ables conditions sont g\u00e9n\u00e9ralement conformes au droit international humanitaire et se sont am\u00e9lior\u00e9es depuis 2022\u00bb.<\/p>\n<p>L\u2019ambassadrice adjointe de la Russie aupr\u00e8s des Nations unies, Maria Zabolotskaya, a assur\u00e9 au Conseil que les forces arm\u00e9es russes respectaient le droit international humanitaire, notamment en mati\u00e8re de traitement des prisonniers. Elle a affirm\u00e9 que les prisonniers russes en Ukraine \u00e9taient victimes de \u00abtortures et d\u2019humiliations, ainsi que de violences morales et physiques\u00bb.<\/p>\n<p>Elle a qualifi\u00e9 la r\u00e9union du Conseil de s\u00e9curit\u00e9 de \u00abcampagne de d\u00e9sinformation contre la Russie\u00bb, financ\u00e9e par les pays de l\u2019OTAN impliqu\u00e9s dans le conflit ukrainien.<\/p>\n<p>L\u2019ambassadeur adjoint de l\u2019Ukraine aupr\u00e8s des Nations unies, Volodymyr Pavlichenko, s\u2019est dit frapp\u00e9 par le fait que, lors de la r\u00e9union de lundi, la Russie n\u2019\u00e9tait pas dispos\u00e9e \u00e0 discuter du retour des prisonniers de guerre \u2014 \u00aby compris de ses propres prisonniers de guerre\u00bb\u2014 et de tous les d\u00e9tenus civils, y compris les enfants enlev\u00e9s.<\/p>\n","protected":false},"excerpt":{"rendered":"Les Nations Unies (ONU) estiment que plus de 16\u00a0000\u00a0civils d\u00e9tenus par la Russie dans le cadre de sa&hellip;\n","protected":false},"author":2,"featured_media":972678,"comment_status":"","ping_status":"","sticky":false,"template":"","format":"standard","meta":{"footnotes":"","_share_on_mastodon":"0"},"categories":[1591],"tags":[11,1887,1854,20106,4576,12,1885,1886,132],"class_list":["post-1121259","post","type-post","status-publish","format-standard","has-post-thumbnail","category-russie","tag-actualites","tag-federation-de-russie","tag-https-lactualite-com-sujet-international","tag-https-lactualite-com-sujet-justice","tag-https-lactualite-com-sujet-politique","tag-news","tag-russia","tag-russian-federation","tag-russie"],"share_on_mastodon":{"url":"","error":""},"_links":{"self":[{"href":"https:\/\/www.europesays.com\/fr\/wp-json\/wp\/v2\/posts\/1121259","targetHints":{"allow":["GET"]}}],"collection":[{"href":"https:\/\/www.europesays.com\/fr\/wp-json\/wp\/v2\/posts"}],"about":[{"href":"https:\/\/www.europesays.com\/fr\/wp-json\/wp\/v2\/types\/post"}],"author":[{"embeddable":true,"href":"https:\/\/www.europesays.com\/fr\/wp-json\/wp\/v2\/users\/2"}],"replies":[{"embeddable":true,"href":"https:\/\/www.europesays.com\/fr\/wp-json\/wp\/v2\/comments?post=1121259"}],"version-history":[{"count":0,"href":"https:\/\/www.europesays.com\/fr\/wp-json\/wp\/v2\/posts\/1121259\/revisions"}],"wp:featuredmedia":[{"embeddable":true,"href":"https:\/\/www.europesays.com\/fr\/wp-json\/wp\/v2\/media\/972678"}],"wp:attachment":[{"href":"https:\/\/www.europesays.com\/fr\/wp-json\/wp\/v2\/media?parent=1121259"}],"wp:term":[{"taxonomy":"category","embeddable":true,"href":"https:\/\/www.europesays.com\/fr\/wp-json\/wp\/v2\/categories?post=1121259"},{"taxonomy":"post_tag","embeddable":true,"href":"https:\/\/www.europesays.com\/fr\/wp-json\/wp\/v2\/tags?post=1121259"}],"curies":[{"name":"wp","href":"https:\/\/api.w.org\/{rel}","templated":true}]}}