{"id":112127,"date":"2025-05-19T15:59:10","date_gmt":"2025-05-19T15:59:10","guid":{"rendered":"https:\/\/www.europesays.com\/fr\/112127\/"},"modified":"2025-05-19T15:59:10","modified_gmt":"2025-05-19T15:59:10","slug":"des-plaques-de-rue-volatilisees-revendues-a-prix-dor-sur-leboncoin","status":"publish","type":"post","link":"https:\/\/www.europesays.com\/fr\/112127\/","title":{"rendered":"des plaques de rue volatilis\u00e9es revendues \u00e0 prix d&rsquo;or sur Leboncoin"},"content":{"rendered":"<p>            Par<br \/>\n        <strong><br \/>\n            <a href=\"https:\/\/actu.fr\/auteur\/ines-cussac-actu-fr\" title=\"Consulter tous les articles de In\u00e8s Cussac\" target=\"_blank\" rel=\"noopener\">In\u00e8s Cussac<\/a><br \/>\n        <\/strong><\/p>\n<p>        Publi\u00e9 le<\/p>\n<p>            19 mai 2025 \u00e0 6h24        <\/p>\n<p>\u00c0 Paris, c\u2019est chacun son coin. Quand une plaque de <a href=\"https:\/\/actu.fr\/ile-de-france\/paris_75056\/patrimoine-ou-se-trouve-la-plus-petite-rue-de-paris_38078922.html\" target=\"_blank\" rel=\"noopener\">rue<\/a> dispara\u00eet d\u2019un coin d\u2019immeuble, une petite annonce fleurie presque aussi vite sur le site de revente en ligne <a href=\"https:\/\/actu.fr\/tag\/le-bon-coin\" target=\"_blank\" rel=\"noopener\">Leboncoin<\/a>. D\u00e9but mai, le remplacement d\u2019une plaque historique dans le 4e arrondissement par une nouvelle a suscit\u00e9 la curiosit\u00e9 de Jacques. En quelques clics seulement, il a retrouv\u00e9 des centaines de panneaux en acier bleus \u00e0 lettres blanches. Myst\u00e9rieusement disparus du paysage, ils sont d\u00e9sormais \u00e0 vendre sur la plateforme. Il faut compter <strong>entre 50 et 500 euros pour s\u2019offrir un morceau de la capitale.\u00a0<\/strong>\u00ab\u2009\u00c7a montre l\u2019ampleur du probl\u00e8me et \u00e7a montre qu\u2019il serait relativement facile pour la mairie de Paris de limiter les d\u00e9g\u00e2ts\u2009\u00bb, se d\u00e9sole ce Parisien qui vient de publier son enqu\u00eate sur les r\u00e9seaux sociaux. Certaines plaques sont us\u00e9es, d\u2019autres tout \u00e0 fait neuves. Certaines <a href=\"https:\/\/actu.fr\/ile-de-france\/paris_75056\/insolite-ces-rues-de-paris-qui-n-ont-pas-de-nom_51818830.html\" target=\"_blank\" rel=\"noopener\">nomment des rues<\/a>\u00a0qui n\u2019existent plus, d\u2019autres des c\u00e9l\u00e8bres\u00a0<a href=\"https:\/\/actu.fr\/ile-de-france\/paris_75056\/quelles-differences-a-paris-entre-une-avenue-un-boulevard-et-une-rue_48083712.html\" target=\"_blank\" rel=\"noopener\">art\u00e8res<\/a> qui, \u00e0 leur seul nom, suffisent \u00e0 \u00e9voquer l\u2019image de Paris.\u00a0<\/p>\n<p>Des biens inali\u00e9nables<\/p>\n<p class=\" wall-content\">\u00ab\u2009Quelle tristesse de voir dispara\u00eetre les plaques de rue de Paris [\u2026]. Nous avons fait le boulot de la mairie. Nous en avons retrouv\u00e9, beaucoup. Et \u00e7a n\u2019a pas \u00e9t\u00e9 compliqu\u00e9\u2009\u00bb, fait-il remarquer dans sa publication post\u00e9e sur X.<\/p>\n<p class=\" wall-content\">\n<p class=\" wall-content\">Pour mener ses investigations, Jacques a recherch\u00e9 sur Google maps les rues dont les plaques sont \u00e0 propos\u00e9es sur Leboncoin. Comme celle de la rue Olivier de Serres. En comparant l\u2019image prise en 2010, le panneau est bien accroch\u00e9 au mur. Mais en 2016, il dispara\u00eet sans \u00eatre remplac\u00e9 en 2020. Aujourd\u2019hui, <strong>elle est affich\u00e9e \u00e0 350 sur Internet<\/strong>. \u00ab\u00a0Autrefois, il y avait des plaques en haut et en bas pour les pi\u00e9tons. Aujourd\u2019hui, beaucoup de plaques du bas ont disparues\u00a0\u00bb, fait remarquer le Parisien chevronn\u00e9.<\/p>\n<p class=\" wall-content\">Ces disparitions de l\u2019espace public sont parfois dues \u00e0 des vols. Les vendeurs d\u2019Internet assurent avoir trouv\u00e9 leurs produits en salle de ventes ou en brocantes, \u00ab\u2009par hasard\u2009\u00bb. Certains semblent toutefois \u00eatre des sp\u00e9cialistes de la signal\u00e9tique d\u2019arrondissement. L\u2019un propose des noms de rues du 9e uniquement, un autre est le pro du 12e et du 13e. <strong>Au niveau des prix, ils varient selon plusieurs crit\u00e8res<\/strong>. Si le produit date du si\u00e8cle dernier, il aura plus de valeur qu\u2019un r\u00e9cent. Le nom de la rue, iconique ou inconnu, p\u00e8sera aussi dans la balance tarifaire.<\/p>\n<p class=\" wall-content\">\u00ab\u2009Du fait de leur esth\u00e9tique embl\u00e9matique, de leur durabilit\u00e9 reconnue et de la popularit\u00e9 prise par la capitale \u00e0 travers les \u00e9poques, <strong>elles sont aujourd\u2019hui un objet convoit\u00e9<\/strong>\u2009\u00bb, reconna\u00eet la mairie de Paris qui, dans sa boutique de l\u2019H\u00f4tel de Ville, en commercialise aussi. Le design, libre de droit, a n\u00e9anmoins \u00e9t\u00e9 d\u00e9pos\u00e9 et les produits sont num\u00e9rot\u00e9s. \u00ab\u2009Il n\u2019est donc pas possible aujourd\u2019hui d\u2019affirmer que les plaques retrouv\u00e9es sur les diff\u00e9rents sites de reventes et d\u2019occasions en ligne <strong>sont de r\u00e9elles plaques de rue<\/strong>\u2009\u00bb, se d\u00e9fend-elle.<\/p>\n<p>    <img   decoding=\"async\" loading=\"lazy\" src=\"https:\/\/www.europesays.com\/fr\/wp-content\/uploads\/2025\/05\/rues-960x640.png\" alt=\"Certains revendeurs proposent des plaques de rue toutes venues d'un m\u00eame arrondissement.\" width=\"960\" height=\"640\"\/><br \/>\n    Certains vendeurs proposent des plaques de rue provenant toutes d\u2019un m\u00eame arrondissement. (\u00a9Capture d\u2019\u00e9cran Leboncoin)<\/p>\n<p class=\" wall-content\">V\u00e9rifier la provenance de toutes les plaques n\u00e9cessiterait <strong>un travail de fourmi<\/strong> pour la Ville, responsable de ces biens pourtant inali\u00e9nables. \u00ab\u2009Ce n\u2019est pas parce qu\u2019on voit passer une plaque de rue parisienne dans une brocante ou une vente aux ench\u00e8res qu\u2019elle a \u00e9t\u00e9 vol\u00e9e ou que la vente est ill\u00e9gale\u2009\u00bb, rappelle Jacques. Certaines sont effectivement r\u00e9form\u00e9es \u00e0 la suite d\u2019un changement de nom de rue ou parce que devenus inutiles. Une construction d\u2019immeubles avec des fa\u00e7ades en verre ou un agrandissement de devantures de commerces par exemple peuvent en outre constituer des contraintes techniques rendant impossible la pose de plaque. Ainsi, <strong>elles se volatilisent de l\u2019espace public.<\/strong> Th\u00e9oriquement, elles sont ensuite conserv\u00e9es par la municipalit\u00e9 qui peut s\u2019en d\u00e9barrasser en passant par le Domaine, le service public de ventes aux ench\u00e8res.<\/p>\n<blockquote class=\"ac-article-quote wall-content\">\n<p>Ce que je fais moi dans mon coin, en quelques heures, la mairie de Paris avec ses 55 000 employ\u00e9s pourrait le g\u00e9rer au quotidien.<\/p>\n<p>    <strong>Jacques<\/strong>\n            <\/p><\/blockquote>\n<p class=\" wall-content\">Pour tenter de lutter contre ces disparitions, la mairie avait lanc\u00e9 <a href=\"https:\/\/actu.fr\/ile-de-france\/paris_75056\/paris-lance-un-concours-pour-recenser-les-plaques-de-rues-abimees-ou-manquantes_60485827.html\" target=\"_blank\" rel=\"noopener\">un recensement participatif<\/a> en d\u00e9cembre 2023. A l\u2019occasion des Jeux de Paris 2024, avant l\u2019arriv\u00e9e des millions de visiteurs dans la capitale, elle avait incit\u00e9 les Parisiens \u00e0 localiser les fa\u00e7ades d\u00e9pourvues de plaques notamment pour faciliter leur orientation.<\/p>\n<p class=\" wall-content\">A l\u2019approche des Jeux de Paris 2024, elle comptait ainsi sur les Parisiens pour l\u2019aider \u00e0 orienter les visiteurs qui \u00e9taient attendus. Ils pouvaient notamment localiser les fa\u00e7ades d\u00e9pourvues de leurs plaques. Chaque ann\u00e9e, la Ville en remplace environ 200 mais, en 2024 \u00e0 la suite de cette campagne, <strong>1\u2009280 \u00e9criteaux ont \u00e9t\u00e9 pos\u00e9s<\/strong>. \u00ab\u2009\u00c0 ce jour, il reste encore 300 plaques \u00e0 poser, sur les 1\u2009200 signalements jug\u00e9s recevables\u2009\u00bb, indique-t-elle.<\/p>\n<p class=\" wall-content\">\u00ab\u2009Bien s\u00fbr, tout cela est anecdotique, <strong>on ne parle pas d\u2019un h\u00f4pital<\/strong>\u2009\u00bb, relativise de son c\u00f4t\u00e9 l\u2019enqu\u00eateur Jacques. \u00ab\u2009C\u2019est comme une ampoule \u00e0 changer ou une vitre \u00e0 laver, si l\u2019on ne fait rien on se retrouve un jour avec des appartements insalubres. Ce sont des petits travaux du quotidien, invisibles et peu gratifiants. Mais \u00e0 terme, ce sont les plus importants.\u2009\u00bb<\/p>\n<p class=\" wall-content\">Suivez toute l\u2019actualit\u00e9 de vos villes et m\u00e9dias favoris en vous inscrivant \u00e0 <a href=\"https:\/\/moncompte.actu.fr\" title=\"D\u00e9couvez Mon Actu\" rel=\"nofollow noopener\" data-trk=\"{&quot;cta&quot;:{&quot;action&quot;:&quot;https:\\\/\\\/moncompte.actu.fr&quot;,&quot;category&quot;:&quot;mon compte&quot;,&quot;from&quot;:&quot;article footer&quot;,&quot;name&quot;:&quot;Mon actu&quot;,&quot;type&quot;:&quot;cta&quot;}}\" target=\"_blank\">Mon Actu<\/a>.<\/p>\n","protected":false},"excerpt":{"rendered":"Par In\u00e8s Cussac Publi\u00e9 le 19 mai 2025 \u00e0 6h24 \u00c0 Paris, c\u2019est chacun son coin. Quand une&hellip;\n","protected":false},"author":2,"featured_media":112128,"comment_status":"","ping_status":"","sticky":false,"template":"","format":"standard","meta":{"footnotes":""},"categories":[1888],"tags":[1111,1928,11,1927,1777,674,1011,27,8025,12,1926,626,1925,2551,25,104],"class_list":{"0":"post-112127","1":"post","2":"type-post","3":"status-publish","4":"format-standard","5":"has-post-thumbnail","7":"category-paris","8":"tag-actu","9":"tag-actu-paris","10":"tag-actualites","11":"tag-actualites-paris","12":"tag-eu","13":"tag-europe","14":"tag-fr","15":"tag-france","16":"tag-leboncoin","17":"tag-news","18":"tag-news-paris","19":"tag-paris","20":"tag-paris-news","21":"tag-patrimoine","22":"tag-republique-francaise","23":"tag-societe"},"share_on_mastodon":{"url":"https:\/\/pubeurope.com\/@fr\/114535331680822877","error":""},"_links":{"self":[{"href":"https:\/\/www.europesays.com\/fr\/wp-json\/wp\/v2\/posts\/112127","targetHints":{"allow":["GET"]}}],"collection":[{"href":"https:\/\/www.europesays.com\/fr\/wp-json\/wp\/v2\/posts"}],"about":[{"href":"https:\/\/www.europesays.com\/fr\/wp-json\/wp\/v2\/types\/post"}],"author":[{"embeddable":true,"href":"https:\/\/www.europesays.com\/fr\/wp-json\/wp\/v2\/users\/2"}],"replies":[{"embeddable":true,"href":"https:\/\/www.europesays.com\/fr\/wp-json\/wp\/v2\/comments?post=112127"}],"version-history":[{"count":0,"href":"https:\/\/www.europesays.com\/fr\/wp-json\/wp\/v2\/posts\/112127\/revisions"}],"wp:featuredmedia":[{"embeddable":true,"href":"https:\/\/www.europesays.com\/fr\/wp-json\/wp\/v2\/media\/112128"}],"wp:attachment":[{"href":"https:\/\/www.europesays.com\/fr\/wp-json\/wp\/v2\/media?parent=112127"}],"wp:term":[{"taxonomy":"category","embeddable":true,"href":"https:\/\/www.europesays.com\/fr\/wp-json\/wp\/v2\/categories?post=112127"},{"taxonomy":"post_tag","embeddable":true,"href":"https:\/\/www.europesays.com\/fr\/wp-json\/wp\/v2\/tags?post=112127"}],"curies":[{"name":"wp","href":"https:\/\/api.w.org\/{rel}","templated":true}]}}