{"id":112139,"date":"2025-05-19T16:05:09","date_gmt":"2025-05-19T16:05:09","guid":{"rendered":"https:\/\/www.europesays.com\/fr\/112139\/"},"modified":"2025-05-19T16:05:09","modified_gmt":"2025-05-19T16:05:09","slug":"une-clinique-daide-a-la-procreation-ciblee-par-un-attentat-antinataliste","status":"publish","type":"post","link":"https:\/\/www.europesays.com\/fr\/112139\/","title":{"rendered":"une clinique d&rsquo;aide \u00e0 la procr\u00e9ation cibl\u00e9e par un attentat \u201cantinataliste\u201d"},"content":{"rendered":"<p>L\u2019explosion d\u2019une voiture samedi 17\u00a0mai \u00e0 <strong>Palm Springs en Californie devant une clinique d\u2019aide \u00e0 la procr\u00e9ation<\/strong> a fait quatre bless\u00e9s et tu\u00e9 son auteur. La d\u00e9tonation a \u00e9t\u00e9 extr\u00eamement violente et a projet\u00e9 des d\u00e9bris \u00e0 plus de 200 m\u00e8tres. \u00ab\u00a0Il s\u2019agit d\u2019un acte terroriste intentionnel. L\u2019avanc\u00e9e de l\u2019enqu\u00eate permettra de d\u00e9terminer s\u2019il s\u2019agit de terrorisme international ou de terrorisme int\u00e9rieur\u00a0\u00bb, a d\u00e9clar\u00e9 \u00e0 la presse Akil Davis, chef du bureau local du FBI \u00e0 Los Angeles.<\/p>\n<p>Guy Edward Bartkus, l\u2019auteur de l\u2019attentat, aurait d\u00e9lib\u00e9r\u00e9ment vis\u00e9 l\u2019\u00e9tablissement. Le mobile du jeune homme de 25 ans, qui n\u2019avait jamais eu affaire \u00e0 la justice, demeure flou. \u00ab\u00a0Il avait des id\u00e9es nihilistes, et il s\u2019agissait d\u2019une attaque cibl\u00e9e contre les installations de cette clinique sp\u00e9cialis\u00e9e dans la PMA. <strong>Ne vous y trompez pas, nous traitons cette affaire comme un acte de terrorisme intentionnel<\/strong>\u00ab\u00a0, a repris Akil Davis. Les enqu\u00eateurs sont \u00e0 la recherche d\u2019une \u00e9ventuelle lettre de revendication, et pensent que l\u2019auteur de l\u2019attentat a pu vouloir diffuser en direct en ligne son attaque.<\/p>\n<p>Un acte \u00ab\u00a0anti-nataliste\u00a0\u00bb<strong\/><\/p>\n<p>Les enqu\u00eateurs du FBI ont trouv\u00e9 plusieurs messages publi\u00e9s par le suspect sur les r\u00e9seaux sociaux, dont un audio de 30 minutes, qui soutiennent des opinions antinatalistes. <strong>Ce courant de pens\u00e9e qui consid\u00e8re la naissance comme immorale<\/strong> est accentu\u00e9 par des enjeux actuels comme la surpopulation ou le d\u00e9r\u00e8glement climatique.<\/p>\n<p>Aux \u00c9tats-Unis, le mouvement conservateur pro-nataliste soutenu par Donald Trump milite pour une augmentation du nombre de naissances, une fa\u00e7on de promouvoir des valeurs familiales traditionnelles. \u00ab\u00a0La violence contre une clinique de fertilit\u00e9 est impardonnable\u00a0\u00bb, a r\u00e9agi, samedi, la ministre de la Justice am\u00e9ricaine, Pam Bondi. \u00ab\u00a0Nous travaillons \u00e0 en savoir plus, mais permettez-moi d\u2019\u00eatre claire : l\u2019administration Trump comprend bien que les femmes et les m\u00e8res sont le c\u0153ur battant de l\u2019Am\u00e9rique\u00a0\u00bb, a-t-elle \u00e9crit sur X.<\/p>\n","protected":false},"excerpt":{"rendered":"L\u2019explosion d\u2019une voiture samedi 17\u00a0mai \u00e0 Palm Springs en Californie devant une clinique d\u2019aide \u00e0 la procr\u00e9ation a&hellip;\n","protected":false},"author":2,"featured_media":112140,"comment_status":"","ping_status":"","sticky":false,"template":"","format":"standard","meta":{"footnotes":""},"categories":[1589],"tags":[17,11,23164,3562,23162,73,1866,329,12,5912,23163,96,1864,1865,1863,308],"class_list":{"0":"post-112139","1":"post","2":"type-post","3":"status-publish","4":"format-standard","5":"has-post-thumbnail","7":"category-etats-unis","8":"tag-17","9":"tag-actualites","10":"tag-ciblee","11":"tag-clinique","12":"tag-daide","13":"tag-etats-unis","14":"tag-etats-unis-damerique","15":"tag-france-monde","16":"tag-news","17":"tag-par","18":"tag-procreation","19":"tag-une","20":"tag-united-states","21":"tag-united-states-of-america","22":"tag-us","23":"tag-usa"},"share_on_mastodon":{"url":"https:\/\/pubeurope.com\/@fr\/114535355153101963","error":""},"_links":{"self":[{"href":"https:\/\/www.europesays.com\/fr\/wp-json\/wp\/v2\/posts\/112139","targetHints":{"allow":["GET"]}}],"collection":[{"href":"https:\/\/www.europesays.com\/fr\/wp-json\/wp\/v2\/posts"}],"about":[{"href":"https:\/\/www.europesays.com\/fr\/wp-json\/wp\/v2\/types\/post"}],"author":[{"embeddable":true,"href":"https:\/\/www.europesays.com\/fr\/wp-json\/wp\/v2\/users\/2"}],"replies":[{"embeddable":true,"href":"https:\/\/www.europesays.com\/fr\/wp-json\/wp\/v2\/comments?post=112139"}],"version-history":[{"count":0,"href":"https:\/\/www.europesays.com\/fr\/wp-json\/wp\/v2\/posts\/112139\/revisions"}],"wp:featuredmedia":[{"embeddable":true,"href":"https:\/\/www.europesays.com\/fr\/wp-json\/wp\/v2\/media\/112140"}],"wp:attachment":[{"href":"https:\/\/www.europesays.com\/fr\/wp-json\/wp\/v2\/media?parent=112139"}],"wp:term":[{"taxonomy":"category","embeddable":true,"href":"https:\/\/www.europesays.com\/fr\/wp-json\/wp\/v2\/categories?post=112139"},{"taxonomy":"post_tag","embeddable":true,"href":"https:\/\/www.europesays.com\/fr\/wp-json\/wp\/v2\/tags?post=112139"}],"curies":[{"name":"wp","href":"https:\/\/api.w.org\/{rel}","templated":true}]}}