{"id":1121411,"date":"2026-08-12T00:24:15","date_gmt":"2026-08-12T00:24:15","guid":{"rendered":"https:\/\/www.europesays.com\/fr\/1121411\/"},"modified":"2026-08-12T00:24:15","modified_gmt":"2026-08-12T00:24:15","slug":"lyon-sandra-viricel-revient-sur-m6-le-3-septembre","status":"publish","type":"post","link":"https:\/\/www.europesays.com\/fr\/1121411\/","title":{"rendered":"Lyon : Sandra Viricel revient sur M6 le 3 septembre"},"content":{"rendered":"<p itemprop=\"description\"><strong>La lyonnaise Sandra Viricel retrouvera \u00ab\u00a0Recherche appartement ou maison\u00a0\u00bb \u00e0 la rentr\u00e9e. L\u2019\u00e9mission immobili\u00e8re de M6 reviendra le jeudi 3 septembre avec une \u00e9quipe renouvel\u00e9e et deux nouveaux experts, toujours sans St\u00e9phane Plaza.<\/strong><\/p>\n<p>Sandra Viricel sera bien au rendez-vous de la nouvelle saison de \u00ab\u00a0Recherche appartement ou maison\u00a0\u00bb.<\/p>\n<p>L\u2019experte immobili\u00e8re lyonnaise fera partie des quatre visages retenus par M6 pour incarner la nouvelle formule du programme, qui reviendra \u00e0 l\u2019antenne le jeudi 3 septembre.<\/p>\n<p>Vingt ans apr\u00e8s son lancement, l\u2019\u00e9mission poursuit ainsi son \u00e9volution sans St\u00e9phane Plaza, qui en avait longtemps \u00e9t\u00e9 la figure centrale.<\/p>\n<p>Sandra Viricel reste l\u2019un des piliers de l\u2019\u00e9mission<\/p>\n<p>D\u00e9j\u00e0 pr\u00e9sente dans les pr\u00e9c\u00e9dentes saisons, Sandra Viricel conserve sa place aux c\u00f4t\u00e9s de Thibault Chanel.<\/p>\n<p>La Lyonnaise sera accompagn\u00e9e de deux nouveaux experts : \u00c9tienne Claude, sp\u00e9cialis\u00e9 dans la valorisation immobili\u00e8re et le home staging, et Camille Duquennoy, qui apportera notamment sa connaissance du march\u00e9 immobilier du nord de la France.<\/p>\n<p>M6 mise ainsi sur une \u00e9quipe davantage coll\u00e9giale, avec plusieurs professionnels capables d\u2019intervenir selon les territoires et les profils des candidats.<\/p>\n<p>Toujours des particuliers \u00e0 la recherche du bien id\u00e9al<\/p>\n<p>Le principe immuable de \u00ab\u00a0Recherche appartement ou maison\u00a0\u00bb ne change pas.<\/p>\n<p>Sandra Viricel et les autres experts continueront d\u2019accompagner des particuliers dans leurs projets immobiliers, de la d\u00e9finition des crit\u00e8res jusqu\u2019aux visites et \u00e0 la n\u00e9gociation.<\/p>\n<p>Cette nouvelle saison doit \u00e9galement davantage mettre en avant les arbitrages impos\u00e9s par un march\u00e9 o\u00f9 les budgets des acqu\u00e9reurs sont plus contraints.<\/p>\n<p>Pour Sandra Viricel, cette rentr\u00e9e marquera donc une nouvelle saison sur M6 dans l\u2019un des programmes immobiliers historiques de la cha\u00eene.<\/p>\n","protected":false},"excerpt":{"rendered":"La lyonnaise Sandra Viricel retrouvera \u00ab\u00a0Recherche appartement ou maison\u00a0\u00bb \u00e0 la rentr\u00e9e. L\u2019\u00e9mission immobili\u00e8re de M6 reviendra le&hellip;\n","protected":false},"author":2,"featured_media":1121412,"comment_status":"","ping_status":"","sticky":false,"template":"","format":"standard","meta":{"footnotes":"","_share_on_mastodon":"0"},"categories":[1889],"tags":[1111,11,2813,2190,2430,1109,251,1112,2811,1777,674,118,1294,4651,1011,27,1922,1110,1114,2428,4903,4902,12,241,316,25,2812,517,800],"class_list":["post-1121411","post","type-post","status-publish","format-standard","has-post-thumbnail","category-lyon","tag-actu","tag-actualites","tag-article","tag-asvel","tag-auvergne-rhone-alpes","tag-breves","tag-culture","tag-depeches","tag-economique","tag-eu","tag-europe","tag-faits-divers","tag-femme","tag-femmes","tag-fr","tag-france","tag-info","tag-informations","tag-infos","tag-lyon","tag-lyonfemme","tag-lyonfemmes","tag-news","tag-ol","tag-politique","tag-republique-francaise","tag-sociale","tag-sport","tag-transports"],"share_on_mastodon":{"url":"https:\/\/pubeurope.com\/@fr\/117079694715497333","error":""},"_links":{"self":[{"href":"https:\/\/www.europesays.com\/fr\/wp-json\/wp\/v2\/posts\/1121411","targetHints":{"allow":["GET"]}}],"collection":[{"href":"https:\/\/www.europesays.com\/fr\/wp-json\/wp\/v2\/posts"}],"about":[{"href":"https:\/\/www.europesays.com\/fr\/wp-json\/wp\/v2\/types\/post"}],"author":[{"embeddable":true,"href":"https:\/\/www.europesays.com\/fr\/wp-json\/wp\/v2\/users\/2"}],"replies":[{"embeddable":true,"href":"https:\/\/www.europesays.com\/fr\/wp-json\/wp\/v2\/comments?post=1121411"}],"version-history":[{"count":0,"href":"https:\/\/www.europesays.com\/fr\/wp-json\/wp\/v2\/posts\/1121411\/revisions"}],"wp:featuredmedia":[{"embeddable":true,"href":"https:\/\/www.europesays.com\/fr\/wp-json\/wp\/v2\/media\/1121412"}],"wp:attachment":[{"href":"https:\/\/www.europesays.com\/fr\/wp-json\/wp\/v2\/media?parent=1121411"}],"wp:term":[{"taxonomy":"category","embeddable":true,"href":"https:\/\/www.europesays.com\/fr\/wp-json\/wp\/v2\/categories?post=1121411"},{"taxonomy":"post_tag","embeddable":true,"href":"https:\/\/www.europesays.com\/fr\/wp-json\/wp\/v2\/tags?post=1121411"}],"curies":[{"name":"wp","href":"https:\/\/api.w.org\/{rel}","templated":true}]}}