{"id":1121776,"date":"2026-08-12T05:14:22","date_gmt":"2026-08-12T05:14:22","guid":{"rendered":"https:\/\/www.europesays.com\/fr\/1121776\/"},"modified":"2026-08-12T05:14:22","modified_gmt":"2026-08-12T05:14:22","slug":"championnats-deurope-de-natation-le-relais-francais-intervilles-une-valeur-sure-a-deux-ans-des-jo","status":"publish","type":"post","link":"https:\/\/www.europesays.com\/fr\/1121776\/","title":{"rendered":"Championnats d\u2019Europe de natation\u00a0: Le relais fran\u00e7ais \u00ab\u00a0Intervilles\u00a0\u00bb, une valeur s\u00fbre \u00e0 deux ans des JO\u00a0?"},"content":{"rendered":"<p class=\"mb-4 text-lg md:leading-8 break-words\"><strong>divertissement &#8211; Le relais mixte fran\u00e7ais du 4&#215;100 m 4 nages a d\u00e9croch\u00e9 l&rsquo;or au terme d&rsquo;une course palpitante marqu\u00e9e par le record d&rsquo;Europe de Mary-Ambre Moluh et la folle remont\u00e9e de Maxime Grousset<\/strong><\/p>\n<p class=\"mb-4 text-lg md:leading-8 break-words\">Le relais mixte du 4&#215;100 m 4 nages a beaucoup de qualit\u00e9s, <a data-ylk=\"slk:la premi\u00e8re \u00e9tant d&#039;avoir donn\u00e9 \u00e0 la France sa premi\u00e8re m\u00e9daille d&#039;or;elm:context_link;itc:0;sec:content-canvas;\" data-yga=\"{&quot;yLinkElement&quot;:&quot;link&quot;,&quot;yLinkElementType&quot;:&quot;article_link&quot;}\" href=\"https:\/\/www.20minutes.fr\/sport\/4238728-20260811-direct-championnats-europe-natation-grousset-engage-finale-nucleaire-50-papillon-nouveau-relais-marchand?at_medium=RSS%20feed&amp;at_campaign=ynews&amp;utm_source=yahoo&amp;utm_medium=rss&amp;utm_campaign=news_feed&amp;utm_content=in_article_link\" rel=\"noopener noreferrer nofollow\" target=\"_blank\">la premi\u00e8re \u00e9tant d&rsquo;avoir donn\u00e9 \u00e0 la France sa premi\u00e8re m\u00e9daille d&rsquo;or<\/a> des championnats d&rsquo;Europe de natation \u00e0 Paris, mais aussi un d\u00e9faut majeur : il ne valorise pas la performance des nageuses. Prenez Mary-Ambre Moluh. <a data-ylk=\"slk:La dossiste;elm:context_link;itc:0;sec:content-canvas;\" data-yga=\"{&quot;yLinkElement&quot;:&quot;link&quot;,&quot;yLinkElementType&quot;:&quot;article_link&quot;}\" href=\"https:\/\/www.20minutes.fr\/sport\/4238694-20260811-championnats-europe-natation-5e-series-elimine-ndoye-brouard-victime-pire-regle-histoire?at_medium=RSS%20feed&amp;at_campaign=ynews&amp;utm_source=yahoo&amp;utm_medium=rss&amp;utm_campaign=news_feed&amp;utm_content=in_article_link\" rel=\"noopener noreferrer nofollow\" target=\"_blank\">La dossiste<\/a> et premi\u00e8re relayeuse tricolore lors de la finale de mardi a claqu\u00e9 ni plus ni moins que le record d&rsquo;Europe sur son 100 m, mais, comme elle \u00e9tait partie face \u00e0 six nageurs, elle a refil\u00e9 le b\u00e9b\u00e9 \u00e0 Carl Aitkaci \u00e0 l&rsquo;avant-derni\u00e8re position. Performance majuscule, impression minuscule.<\/p>\n<p class=\"mb-4 text-lg md:leading-8 break-words\">Nager avec des gars cinq secondes plus rapides dans une eau agit\u00e9e par leurs mouvements puissants, Moluh s&rsquo;y \u00e9tait pr\u00e9par\u00e9e toute la journ\u00e9e, non sans appr\u00e9hension. \u00ab J&rsquo;y ai pens\u00e9 un peu toute la journ\u00e9e, je ne vais pas mentir. Je me suis dit, \u00ab\u00a0oula, je vais avoir l&rsquo;air un petit peu ridicule\u00a0\u00bb. Mais je me suis aussi dit que j&rsquo;allais essayer de faire ma propre course. C&rsquo;est vrai que j&rsquo;ai eu un petit peu de remous au niveau du virage, \u00e0 l&rsquo;arriv\u00e9e. Le reste de la course, \u00e7a allait plut\u00f4t bien. \u00bb<\/p>\n<p>La remontada dingo de Maxime Grousset<\/p>\n<p class=\"mb-4 text-lg md:leading-8 break-words\">R\u00e9cup\u00e9rer les lauriers apr\u00e8s coup est un moindre mal <a data-ylk=\"slk:quand la r\u00e9compense est une m\u00e9daille d&#039;or europ\u00e9enne;elm:context_link;itc:0;sec:content-canvas;\" data-yga=\"{&quot;yLinkElement&quot;:&quot;link&quot;,&quot;yLinkElementType&quot;:&quot;article_link&quot;}\" href=\"https:\/\/www.20minutes.fr\/sport\/championnat_d_europe-1\/?at_medium=RSS%20feed&amp;at_campaign=ynews&amp;utm_source=yahoo&amp;utm_medium=rss&amp;utm_campaign=news_feed&amp;utm_content=in_article_link\" rel=\"noopener noreferrer nofollow\" target=\"_blank\">quand la r\u00e9compense est une m\u00e9daille d&rsquo;or europ\u00e9enne<\/a>. Car il s&rsquo;av\u00e8re que la strat\u00e9gie gagnante, mardi soir, \u00e9tait celle qui consistait \u00e0 ouvrir et conclure le bal avec une nageuse : les Pays-Bas, seule autre nation \u00e0 avoir fait ce pari, a termin\u00e9 deuxi\u00e8me.<\/p>\n<p class=\"mb-4 text-lg md:leading-8 break-words\">Gare toutefois \u00e0 ne pas surinterpr\u00e9ter la dimension tactique d&rsquo;une \u00e9preuve o\u00f9(&#8230;)<\/p>\n<p class=\"mb-4 text-lg md:leading-8 break-words\"><a data-ylk=\"slk:Lire la suite sur 20minutes;elm:context_link;itc:0;sec:content-canvas;\" data-yga=\"{&quot;yLinkElement&quot;:&quot;link&quot;,&quot;yLinkElementType&quot;:&quot;article_link&quot;}\" href=\"https:\/\/www.20minutes.fr\/sport\/natation\/4238788-20260812-championnats-europe-natation-relais-francais-intervilles-valeur-sure-deux-ans-jo?at_medium=RSS%20feed&amp;at_campaign=ynews&amp;utm_source=yahoo&amp;utm_medium=rss&amp;utm_campaign=news_feed&amp;utm_content=read_more_link&quot;\" rel=\"noopener noreferrer nofollow\" target=\"_blank\">Lire la suite sur 20minutes<\/a><\/p>\n<p>\u00c0 lire aussi :<br \/><a data-ylk=\"slk:Championnats d&#039;Europe de natation : 5e des s\u00e9ries mais \u00e9limin\u00e9, Ndoye Brouard victime de la pire r\u00e8gle de l&#039;histoire ?;elm:context_link;itc:0;sec:content-canvas;\" data-yga=\"{&quot;yLinkElement&quot;:&quot;link&quot;,&quot;yLinkElementType&quot;:&quot;article_link&quot;}\" href=\"https:\/\/www.20minutes.fr\/sport\/4238694-20260811-championnats-europe-natation-5e-series-elimine-ndoye-brouard-victime-pire-regle-histoire?at_medium=RSS%20feed&amp;at_campaign=ynews&amp;utm_source=yahoo&amp;utm_medium=rss&amp;utm_campaign=news_feed&amp;utm_content=related_content_link\" rel=\"noopener noreferrer nofollow\" target=\"_blank\">Championnats d&rsquo;Europe de natation : 5e des s\u00e9ries mais \u00e9limin\u00e9, Ndoye Brouard victime de la pire r\u00e8gle de l&rsquo;histoire ?<\/a><br \/><a data-ylk=\"slk:Championnats d&#039;Europe de natation : Gr\u00e2ce \u00e0 Marchand et au relais du 4x200 m, la semaine d\u00e9marre (presque trop) fort;elm:context_link;itc:0;sec:content-canvas;\" data-yga=\"{&quot;yLinkElement&quot;:&quot;link&quot;,&quot;yLinkElementType&quot;:&quot;article_link&quot;}\" href=\"https:\/\/www.20minutes.fr\/sport\/natation\/4238648-20260811-championnats-europe-natation-grace-marchand-relais-4x200-semaine-demarre-presque-trop-fort?at_medium=RSS%20feed&amp;at_campaign=ynews&amp;utm_source=yahoo&amp;utm_medium=rss&amp;utm_campaign=news_feed&amp;utm_content=related_content_link\" rel=\"noopener noreferrer nofollow\" target=\"_blank\">Championnats d&rsquo;Europe de natation : Gr\u00e2ce \u00e0 Marchand et au relais du 4&#215;200 m, la semaine d\u00e9marre (presque trop) fort<\/a><\/p>\n","protected":false},"excerpt":{"rendered":"divertissement &#8211; Le relais mixte fran\u00e7ais du 4&#215;100 m 4 nages a d\u00e9croch\u00e9 l&rsquo;or au terme d&rsquo;une course&hellip;\n","protected":false},"author":2,"featured_media":1121777,"comment_status":"","ping_status":"","sticky":false,"template":"","format":"standard","meta":{"footnotes":"","_share_on_mastodon":"0"},"categories":[1586],"tags":[11,115216,113570,1777,674,1011,27,75754,32778,12,25],"class_list":["post-1121776","post","type-post","status-publish","format-standard","has-post-thumbnail","category-europe","tag-actualites","tag-carl-aitkaci","tag-championnats-deurope-de-natation","tag-eu","tag-europe","tag-fr","tag-france","tag-le-relais","tag-maxime-grousset","tag-news","tag-republique-francaise"],"share_on_mastodon":{"url":"https:\/\/pubeurope.com\/@fr\/117080835066403833","error":""},"_links":{"self":[{"href":"https:\/\/www.europesays.com\/fr\/wp-json\/wp\/v2\/posts\/1121776","targetHints":{"allow":["GET"]}}],"collection":[{"href":"https:\/\/www.europesays.com\/fr\/wp-json\/wp\/v2\/posts"}],"about":[{"href":"https:\/\/www.europesays.com\/fr\/wp-json\/wp\/v2\/types\/post"}],"author":[{"embeddable":true,"href":"https:\/\/www.europesays.com\/fr\/wp-json\/wp\/v2\/users\/2"}],"replies":[{"embeddable":true,"href":"https:\/\/www.europesays.com\/fr\/wp-json\/wp\/v2\/comments?post=1121776"}],"version-history":[{"count":0,"href":"https:\/\/www.europesays.com\/fr\/wp-json\/wp\/v2\/posts\/1121776\/revisions"}],"wp:featuredmedia":[{"embeddable":true,"href":"https:\/\/www.europesays.com\/fr\/wp-json\/wp\/v2\/media\/1121777"}],"wp:attachment":[{"href":"https:\/\/www.europesays.com\/fr\/wp-json\/wp\/v2\/media?parent=1121776"}],"wp:term":[{"taxonomy":"category","embeddable":true,"href":"https:\/\/www.europesays.com\/fr\/wp-json\/wp\/v2\/categories?post=1121776"},{"taxonomy":"post_tag","embeddable":true,"href":"https:\/\/www.europesays.com\/fr\/wp-json\/wp\/v2\/tags?post=1121776"}],"curies":[{"name":"wp","href":"https:\/\/api.w.org\/{rel}","templated":true}]}}