{"id":1121908,"date":"2026-08-12T06:59:24","date_gmt":"2026-08-12T06:59:24","guid":{"rendered":"https:\/\/www.europesays.com\/fr\/1121908\/"},"modified":"2026-08-12T06:59:24","modified_gmt":"2026-08-12T06:59:24","slug":"eclipse-du-12-aout-les-astrophotographes-amateurs-du-pays-de-morlaix-prets-a-photographier-le-ciel","status":"publish","type":"post","link":"https:\/\/www.europesays.com\/fr\/1121908\/","title":{"rendered":"\u00c9clipse du 12\u00a0ao\u00fbt\u00a0: les astrophotographes amateurs du pays de Morlaix pr\u00eats \u00e0 photographier le ciel"},"content":{"rendered":"<p>Mercredi 12 ao\u00fbt, la Lune viendra recouvrir plus de 95\u00a0% du Soleil dans le ciel du pays de Morlaix. De quoi sortir les longues focales et les filtres solaires. Pour Benoist Degonne, photographe depuis plus d\u2019une dizaine d\u2019ann\u00e9es, pas besoin de bouleverser ses habitudes pour pr\u00e9parer l\u2019\u00e9v\u00e9nement. \u00ab\u00a0J\u2019ai d\u00e9j\u00e0 tout ce qu\u2019il me faut\u00a0\u00bb, explique celui qui s\u2019est tourn\u00e9 vers l\u2019astrophotographie de mani\u00e8re amateur depuis cinq ans.<\/p>\n<p>Une passion pour l\u2019infiniment grand<\/p>\n<p>Passionn\u00e9 d\u2019astronomie depuis une dizaine d\u2019ann\u00e9es, Benoist s\u2019est progressivement tourn\u00e9 vers l\u2019astrophotographie. Ce qui l\u2019attire\u00a0: \u00ab\u00a0les \u00e9toiles, l\u2019infiniment grand, tout ce qu\u2019on ne conna\u00eet pas encore\u00a0\u00bb. La Bretagne se pr\u00eate particuli\u00e8rement bien \u00e0 cette passion, avec une pollution lumineuse moins importante que dans les grandes agglom\u00e9rations.<\/p>\n<p>L\u2019\u00e9clipse du 12 ao\u00fbt ne sera d\u2019ailleurs pas sa premi\u00e8re. En 2025, lors d\u2019une \u00e9clipse solaire partielle, il avait d\u00e9j\u00e0 install\u00e9 son mat\u00e9riel place Allende, \u00e0 Morlaix. Cette fois, il prendra la direction du Dourduff, o\u00f9 il retrouvera plusieurs amis pour partager le moment.<\/p>\n<p>Son installation devrait lui permettre de profiter de l\u2019\u00e9v\u00e9nement sans rester constamment derri\u00e8re son appareil. Son ordinateur suivra automatiquement le Soleil et d\u00e9clenchera une photo toutes les cinq minutes pour r\u00e9aliser un timelapse comme en 2025.<\/p>\n<p>Mais au-del\u00e0 de l\u2019image finale, il veut surtout profiter du moment, dont il garde le souvenir du \u00ab\u00a0silence\u00a0\u00bb soudain, des oiseaux qui se taisent et de la temp\u00e9rature qui baisse.<\/p>\n<p>Un spectacle \u00e0 vivre autant qu\u2019\u00e0 photographier<\/p>\n<p>Photographier une \u00e9clipse solaire reste relativement accessible aux amateurs \u00e9quip\u00e9s du mat\u00e9riel adapt\u00e9. Contrairement \u00e0 certains objets c\u00e9lestes, le Soleil est suffisamment proche et lumineux pour permettre de r\u00e9aliser une image avec une seule prise, \u00e0 condition \u00e9videmment de disposer des filtres indispensables \u00e0 la protection du mat\u00e9riel et des yeux. Beno\u00eet Degonne recommande \u00e9galement des appareils permettant un grossissement de minimum 400 mm \u00ab\u00a0et surtout n\u2019essayez pas avec votre t\u00e9l\u00e9phone vous risquerez de br\u00fbler le capteur\u00a0\u00bb.<\/p>\n<p>Pour Aymeric Artus, alias \u00ab\u00a0Photographe du ciel\u00a0\u00bb, l\u2019\u00e9clipse sera cette fois avant tout un spectacle \u00e0 observer. Il n\u2019a pas eu le temps de se procurer les filtres n\u00e9cessaires pour photographier directement le Soleil. Une petite d\u00e9ception, mais aussi une occasion de profiter du ph\u00e9nom\u00e8ne sans avoir \u00e0 g\u00e9rer tout un dispositif photographique. Pour lui, ces ph\u00e9nom\u00e8nes sont l\u2019occasion de prendre le temps d\u2019observer ce que le ciel et, plus largement, la Terre peuvent offrir.<\/p>\n<p>\u00ab\u00a0Et le spectacle ne s\u2019arr\u00eatera pas lorsque la Lune aura quitt\u00e9 le disque solaire\u00a0\u00bb rappelle-t-il. Les nuits d\u2019ao\u00fbt restent propices \u00e0 l\u2019observation des \u00e9toiles filantes, les Pers\u00e9ides.<\/p>\n","protected":false},"excerpt":{"rendered":"Mercredi 12 ao\u00fbt, la Lune viendra recouvrir plus de 95\u00a0% du Soleil dans le ciel du pays de&hellip;\n","protected":false},"author":2,"featured_media":1121909,"comment_status":"","ping_status":"","sticky":false,"template":"","format":"standard","meta":{"footnotes":"","_share_on_mastodon":"0"},"categories":[1358],"tags":[1348,1384,1385,1386,58,59,1011,27,2131],"class_list":["post-1121908","post","type-post","status-publish","format-standard","has-post-thumbnail","category-arts-et-design","tag-arts","tag-arts-and-design","tag-arts-et-design","tag-design","tag-divertissement","tag-entertainment","tag-fr","tag-france","tag-morlaix"],"share_on_mastodon":{"url":"https:\/\/pubeurope.com\/@fr\/117081247956550940","error":""},"_links":{"self":[{"href":"https:\/\/www.europesays.com\/fr\/wp-json\/wp\/v2\/posts\/1121908","targetHints":{"allow":["GET"]}}],"collection":[{"href":"https:\/\/www.europesays.com\/fr\/wp-json\/wp\/v2\/posts"}],"about":[{"href":"https:\/\/www.europesays.com\/fr\/wp-json\/wp\/v2\/types\/post"}],"author":[{"embeddable":true,"href":"https:\/\/www.europesays.com\/fr\/wp-json\/wp\/v2\/users\/2"}],"replies":[{"embeddable":true,"href":"https:\/\/www.europesays.com\/fr\/wp-json\/wp\/v2\/comments?post=1121908"}],"version-history":[{"count":0,"href":"https:\/\/www.europesays.com\/fr\/wp-json\/wp\/v2\/posts\/1121908\/revisions"}],"wp:featuredmedia":[{"embeddable":true,"href":"https:\/\/www.europesays.com\/fr\/wp-json\/wp\/v2\/media\/1121909"}],"wp:attachment":[{"href":"https:\/\/www.europesays.com\/fr\/wp-json\/wp\/v2\/media?parent=1121908"}],"wp:term":[{"taxonomy":"category","embeddable":true,"href":"https:\/\/www.europesays.com\/fr\/wp-json\/wp\/v2\/categories?post=1121908"},{"taxonomy":"post_tag","embeddable":true,"href":"https:\/\/www.europesays.com\/fr\/wp-json\/wp\/v2\/tags?post=1121908"}],"curies":[{"name":"wp","href":"https:\/\/api.w.org\/{rel}","templated":true}]}}