{"id":1121910,"date":"2026-08-12T07:02:17","date_gmt":"2026-08-12T07:02:17","guid":{"rendered":"https:\/\/www.europesays.com\/fr\/1121910\/"},"modified":"2026-08-12T07:02:17","modified_gmt":"2026-08-12T07:02:17","slug":"plus-belle-la-vie-en-avance-resume-de-lepisode-648-du-jeudi-13-aout","status":"publish","type":"post","link":"https:\/\/www.europesays.com\/fr\/1121910\/","title":{"rendered":"Plus belle la vie en avance : r\u00e9sum\u00e9 de l&rsquo;\u00e9pisode 648 du jeudi 13 ao\u00fbt"},"content":{"rendered":"<p>Le mercredi 12 ao\u00fbt sur TF1, l\u2019\u00e9pisode 647 de Plus belle la<br \/>\nvie, encore plus belle condense jalousies, r\u00e9v\u00e9lations et<br \/>\nd\u00e9cisions p\u00e9rilleuses. Entre la mission clandestine confi\u00e9e \u00e0<br \/>\nPatrick, l\u2019\u00e9mancipation mouvement\u00e9e de Zo\u00e9 et la rupture glaciale<br \/>\nentre Vanessa et Thomas, les suspenses parall\u00e8les convergent pour<br \/>\nsecouer le Mistral.<\/p>\n<p>Morgane et Baptiste choisissent le \u00ab l\u00e2cher-prise \u00bb<\/p>\n<p>Apr\u00e8s une nuit \u00e0 danser jusqu\u2019\u00e0 l\u2019aube, <a href=\"https:\/\/www.melty.fr\/series\/plus-belle-la-vie-en-avance-resume-de-lepisode-647-du-mercredi-12-aout-2338966.html\" rel=\"nofollow noopener\" target=\"_blank\"><br \/>\nMorgane et Baptiste repoussent le lever du jour pour s\u2019offrir une<br \/>\nhalte romantique sur la plage<\/a>. Pour la premi\u00e8re fois, la<br \/>\npolici\u00e8re s\u00e8che son service et appelle Ariane afin de se faire<br \/>\nporter p\u00e2le. La supercherie tourne court : Ariane les surprend et<br \/>\ncomprend imm\u00e9diatement le mensonge. De retour \u00e0 la r\u00e9sidence<br \/>\nMassalia, Morgane souffle enfin : gr\u00e2ce \u00e0 Baptiste, elle dit<br \/>\nparvenir \u00e0 \u00ab l\u00e2cher prise \u00bb, un \u00e9tat d\u2019esprit in\u00e9dit pour la jeune<br \/>\nfemme.<\/p>\n<p>Ariane d\u00e9couvre le scooter cach\u00e9 de Zo\u00e9<\/p>\n<p>Charg\u00e9e de garder son petit fr\u00e8re Harry, Zo\u00e9 sature des<br \/>\nresponsabilit\u00e9s impos\u00e9es par sa m\u00e8re. Juste avant de filer au<br \/>\ncommissariat, Ariane tente de la ramener \u00e0 ses \u00e9tudes, sans succ\u00e8s.<br \/>\nEn fin de journ\u00e9e, la polici\u00e8re remarque un deux-roues mal<br \/>\nstationn\u00e9 ; Zo\u00e9 avoue que le scooter lui appartient. <a href=\"http:\/\/www.melty.fr\/tag\/plus-belle-la-vie\" rel=\"nofollow noopener\" target=\"_blank\">La tension atteint son<br \/>\nparoxysme quand Ariane l\u00e2che<\/a> : \u00ab\u00a0Si tu d\u00e9marres ce scooter, je<br \/>\nte jure que \u00e7a va ch*er\u00a0\u00bb. Chauff\u00e9e \u00e0 blanc, Zo\u00e9 claque la porte et<br \/>\ndispara\u00eet dans la nuit, laissant pr\u00e9sager une nouvelle crise<br \/>\nfamiliale.<\/p>\n<p>Patrick plonge dans la peau de Sam Ferry pour la DGSE<\/p>\n<p>Pendant que Babeth soup\u00e7onne Sonia d\u2019\u00eatre une rivale amoureuse,<br \/>\nPatrick c\u00e8de finalement aux arguments de l\u2019agente : \u00ab\u00a0Sam Ferry a<br \/>\nr\u00e9v\u00e9l\u00e9 l&rsquo;identit\u00e9 de plusieurs de nos agents. Deux d&rsquo;entre sont<br \/>\nd\u00e9j\u00e0 morts \u00e0 cause de lui et de nombreux autres sont en danger car<br \/>\nune liste risque de fuiter\u00a0\u00bb. La menace est trop grave ; il accepte<br \/>\nd\u2019endosser l\u2019identit\u00e9 du d\u00e9funt collectionneur d\u2019art. Premier<br \/>\nsacrifice : enlever son alliance avant un rendez-vous test dans une<br \/>\nchambre d\u2019h\u00f4tel. L\u2019h\u00f4tesse de l\u2019air Maeva, ma\u00eetresse officielle de<br \/>\nFerry, l\u2019embrasse fougueusement. Patrick r\u00e9siste, convaincu qu\u2019il a<br \/>\n\u00e9t\u00e9 pi\u00e9g\u00e9 pour mesurer sa cr\u00e9dibilit\u00e9.<\/p>\n<p>En sortant, il exige de Sonia des garanties pour prot\u00e9ger sa<br \/>\nfamille. Babeth, quant \u00e0 elle, nourrit sa jalousie : \u00ab\u00a0Je ne vais<br \/>\npas me laisser piquer mon mec sous mon nez\u00a0\u00bb. Le quiproquo s\u2019aggrave<br \/>\nlorsque l\u2019infirmi\u00e8re remarque que son mari ne porte plus son<br \/>\nalliance.<\/p>\n<p>Vanessa coupe les ponts avec Thomas<br \/>\napr\u00e8s l\u2019affaire Oph\u00e9lie<\/p>\n<p>Au bar du Mistral, Vanessa r\u00e9clame les cl\u00e9s de la villa et<br \/>\njustifie son silence radio : seule la sant\u00e9 d\u2019Oph\u00e9lie compte \u00e0 ses<br \/>\nyeux. Thomas, encore boulevers\u00e9 par la mort d\u2019Hugo, lui r\u00e9pond avec<br \/>\nfranchise : \u00ab\u00a0Je trouve dommage qu&rsquo;il n&rsquo;y ait pas de proc\u00e8s, ne<br \/>\nserait-ce que pour les proches de la victime.\u00a0\u00bb Touch\u00e9e, Vanessa<br \/>\ntourne les talons. Plus tard, face \u00e0 Ulysse, elle explique qu\u2019elle<br \/>\nn\u2019a pas<\/p>\n","protected":false},"excerpt":{"rendered":"Le mercredi 12 ao\u00fbt sur TF1, l\u2019\u00e9pisode 647 de Plus belle la vie, encore plus belle condense jalousies,&hellip;\n","protected":false},"author":2,"featured_media":1121911,"comment_status":"","ping_status":"","sticky":false,"template":"","format":"standard","meta":{"footnotes":"","_share_on_mastodon":"0"},"categories":[1356],"tags":[58,59,1011,27,1368,252,199,1364],"class_list":["post-1121910","post","type-post","status-publish","format-standard","has-post-thumbnail","category-television","tag-divertissement","tag-entertainment","tag-fr","tag-france","tag-plus-belle-la-vie","tag-television","tag-tf1","tag-tv"],"share_on_mastodon":{"url":"https:\/\/pubeurope.com\/@fr\/117081259929500756","error":""},"_links":{"self":[{"href":"https:\/\/www.europesays.com\/fr\/wp-json\/wp\/v2\/posts\/1121910","targetHints":{"allow":["GET"]}}],"collection":[{"href":"https:\/\/www.europesays.com\/fr\/wp-json\/wp\/v2\/posts"}],"about":[{"href":"https:\/\/www.europesays.com\/fr\/wp-json\/wp\/v2\/types\/post"}],"author":[{"embeddable":true,"href":"https:\/\/www.europesays.com\/fr\/wp-json\/wp\/v2\/users\/2"}],"replies":[{"embeddable":true,"href":"https:\/\/www.europesays.com\/fr\/wp-json\/wp\/v2\/comments?post=1121910"}],"version-history":[{"count":0,"href":"https:\/\/www.europesays.com\/fr\/wp-json\/wp\/v2\/posts\/1121910\/revisions"}],"wp:featuredmedia":[{"embeddable":true,"href":"https:\/\/www.europesays.com\/fr\/wp-json\/wp\/v2\/media\/1121911"}],"wp:attachment":[{"href":"https:\/\/www.europesays.com\/fr\/wp-json\/wp\/v2\/media?parent=1121910"}],"wp:term":[{"taxonomy":"category","embeddable":true,"href":"https:\/\/www.europesays.com\/fr\/wp-json\/wp\/v2\/categories?post=1121910"},{"taxonomy":"post_tag","embeddable":true,"href":"https:\/\/www.europesays.com\/fr\/wp-json\/wp\/v2\/tags?post=1121910"}],"curies":[{"name":"wp","href":"https:\/\/api.w.org\/{rel}","templated":true}]}}