{"id":112193,"date":"2025-05-19T16:33:07","date_gmt":"2025-05-19T16:33:07","guid":{"rendered":"https:\/\/www.europesays.com\/fr\/112193\/"},"modified":"2025-05-19T16:33:07","modified_gmt":"2025-05-19T16:33:07","slug":"dans-une-lettre-donald-trump-invite-le-pape-leon-xiv-a-la-maison-blanche","status":"publish","type":"post","link":"https:\/\/www.europesays.com\/fr\/112193\/","title":{"rendered":"Dans une lettre, Donald Trump invite le pape L\u00e9on XIV \u00e0 la Maison-Blanche"},"content":{"rendered":"<p>\u00abCe fut une bonne rencontre, une rencontre productive\u00bb, a d\u00e9clar\u00e9 lors d\u2019un point presse la porte-parole de la Maison Blanche, Karoline Leavitt, \u00e0 propos de la rencontre entre JD Vance et le souverain pontife.<\/p>\n<p class=\"fig-paragraph\"><a href=\"http:\/\/www.lefigaro.fr\/international\/les-bonnes-affaires-de-donald-trump-au-moyen-orient-20250515\" target=\"_blank\" data-fig-type=\"Article\" rel=\"noopener\" data-gtm-custom-categorie=\"navigation\" data-gtm-custom-action=\"crossclick\" data-gtm-custom-label=\"Contextuel\" data-gtm-event=\"customEventSPE\" data-fig-domain=\"LEFIGARO\">Donald Trump\u00a0<\/a>a invit\u00e9 L\u00e9on XIV \u00e0 la Maison Blanche dans une lettre que son vice-pr\u00e9sident a transmise ce lundi en personne au nouveau pape, natif des \u00c9tats-Unis, selon la porte-parole du pr\u00e9sident am\u00e9ricain.<\/p>\n<p class=\"fig-paragraph\">\u00abCe fut une bonne rencontre, une rencontre productive\u00bb, a d\u00e9clar\u00e9 lors d\u2019un point presse la porte-parole de la Maison Blanche, Karoline Leavitt, \u00e0 propos de la rencontre entre<a href=\"http:\/\/www.lefigaro.fr\/vox\/societe\/de-john-kennedy-a-leon-xiv-en-passant-par-jd-vance-radiographie-du-catholicisme-americain-20250508\" target=\"_blank\" data-fig-type=\"Article\" rel=\"noopener\" data-gtm-custom-categorie=\"navigation\" data-gtm-custom-action=\"crossclick\" data-gtm-custom-label=\"Contextuel\" data-gtm-event=\"customEventSPE\" data-fig-domain=\"LEFIGARO\">\u00a0JD Vance<\/a>\u00a0et le souverain pontife, pr\u00e9cisant que Donald Trump esp\u00e9rait voir L\u00e9on XIV \u00e0 Washington \u00abd\u00e8s qu\u2019il pourra venir\u00bb.<\/p>\n<p class=\"fig-paragraph\">Plus d\u2019informations \u00e0 venir&#8230;<\/p>\n","protected":false},"excerpt":{"rendered":"\u00abCe fut une bonne rencontre, une rencontre productive\u00bb, a d\u00e9clar\u00e9 lors d\u2019un point presse la porte-parole de la&hellip;\n","protected":false},"author":2,"featured_media":112194,"comment_status":"","ping_status":"","sticky":false,"template":"","format":"standard","meta":{"footnotes":""},"categories":[5],"tags":[259,11,260,75,73,1011,27,14,19741,78,261,12,262,28],"class_list":{"0":"post-112193","1":"post","2":"type-post","3":"status-publish","4":"format-standard","5":"has-post-thumbnail","7":"category-international","8":"tag-actualite-internationale","9":"tag-actualites","10":"tag-affaires-etrangeres","11":"tag-donald-trump","12":"tag-etats-unis","13":"tag-fr","14":"tag-france","15":"tag-international","16":"tag-leon-xiv","17":"tag-maison-blanche","18":"tag-ministere-des-affaires-etrangeres","19":"tag-news","20":"tag-politique-etrangere","21":"tag-world"},"share_on_mastodon":{"url":"https:\/\/pubeurope.com\/@fr\/114535465227920125","error":""},"_links":{"self":[{"href":"https:\/\/www.europesays.com\/fr\/wp-json\/wp\/v2\/posts\/112193","targetHints":{"allow":["GET"]}}],"collection":[{"href":"https:\/\/www.europesays.com\/fr\/wp-json\/wp\/v2\/posts"}],"about":[{"href":"https:\/\/www.europesays.com\/fr\/wp-json\/wp\/v2\/types\/post"}],"author":[{"embeddable":true,"href":"https:\/\/www.europesays.com\/fr\/wp-json\/wp\/v2\/users\/2"}],"replies":[{"embeddable":true,"href":"https:\/\/www.europesays.com\/fr\/wp-json\/wp\/v2\/comments?post=112193"}],"version-history":[{"count":0,"href":"https:\/\/www.europesays.com\/fr\/wp-json\/wp\/v2\/posts\/112193\/revisions"}],"wp:featuredmedia":[{"embeddable":true,"href":"https:\/\/www.europesays.com\/fr\/wp-json\/wp\/v2\/media\/112194"}],"wp:attachment":[{"href":"https:\/\/www.europesays.com\/fr\/wp-json\/wp\/v2\/media?parent=112193"}],"wp:term":[{"taxonomy":"category","embeddable":true,"href":"https:\/\/www.europesays.com\/fr\/wp-json\/wp\/v2\/categories?post=112193"},{"taxonomy":"post_tag","embeddable":true,"href":"https:\/\/www.europesays.com\/fr\/wp-json\/wp\/v2\/tags?post=112193"}],"curies":[{"name":"wp","href":"https:\/\/api.w.org\/{rel}","templated":true}]}}