{"id":1121950,"date":"2026-08-12T07:31:16","date_gmt":"2026-08-12T07:31:16","guid":{"rendered":"https:\/\/www.europesays.com\/fr\/1121950\/"},"modified":"2026-08-12T07:31:16","modified_gmt":"2026-08-12T07:31:16","slug":"collision-entre-un-jeune-de-22-ans-en-trottinette-et-un-fourgon-de-crs-a-rennes-la-police-des-polices-saisie","status":"publish","type":"post","link":"https:\/\/www.europesays.com\/fr\/1121950\/","title":{"rendered":"Collision entre un jeune de 22 ans en trottinette et un fourgon de CRS \u00e0 Rennes : la \u00ab\u00a0police des polices\u00a0\u00bb saisie"},"content":{"rendered":"<p>                    Par<br \/>\n        <strong><br \/>\n            <a href=\"https:\/\/actu.fr\/auteur\/brian-legoff\" title=\"Consulter tous les articles de Brian Le Goff\" rel=\"nofollow noopener\" target=\"_blank\">Brian Le Goff<\/a><br \/>\n                    <\/strong><\/p>\n<p>        Publi\u00e9 le<\/p>\n<p>            12 ao\u00fbt 2026 \u00e0 8h41        <\/p>\n<p>Vendredi 7\u00a0ao\u00fbt, un<strong> jeune homme de 22\u00a0ans<\/strong> a \u00e9t\u00e9 <strong>gri\u00e8vement bless\u00e9<\/strong> apr\u00e8s avoir<strong> percut\u00e9 un fourgon de CRS<\/strong> \u00e0 Rennes. D\u00e8s sa prise en charge par les secours, son <strong>pronostic vital \u00e9tait engag\u00e9<\/strong>.<\/p>\n<p>Pronostic vital toujours engag\u00e9<\/p>\n<p class=\" wall-content\">Il <strong>le reste quatre jours apr\u00e8s<\/strong> les faits, indique mardi 11\u00a0ao\u00fbt dans un communiqu\u00e9 aux m\u00e9dias, dont <a href=\"https:\/\/actu.fr\/rennes\/\" rel=\"nofollow noopener\" target=\"_blank\">actu Rennes<\/a>, <strong>Jean-Marie Blin<\/strong>, procureur de la R\u00e9publique au tribunal judiciaire de Rennes.<\/p>\n<p class=\" wall-content\">Ce dernier a aussi r\u00e9v\u00e9l\u00e9 que<strong> \u00ab\u2009l\u2019inspection g\u00e9n\u00e9rale de la police nationale (IGPN) a \u00e9t\u00e9 saisie<\/strong> de la suite de l\u2019enqu\u00eate <strong>s\u2019agissant<\/strong> des faits de <strong>blessures involontaires<\/strong> \u00e0 l\u2019occasion de la <strong>conduite d\u2019un v\u00e9hicule<\/strong>.\u2009\u00bb<\/p>\n<p class=\" wall-content\">Dans une premi\u00e8re communication, samedi 8\u00a0ao\u00fbt, que <a href=\"https:\/\/actu.fr\/bretagne\/rennes_35238\/rennes-un-jeune-de-22-ans-entre-la-vie-et-la-mort-apres-avoir-percute-un-fourgon-de-crs_64644349.html\" rel=\"nofollow noopener\" target=\"_blank\">nous vous avons relay\u00e9e dans un premier article, dimanche, le parquet partageait les premiers \u00e9l\u00e9ments de l\u2019enqu\u00eate<\/a> qui pourraient expliquer comment cet accident a eu lieu.<\/p>\n<p class=\" wall-content\">Personnalisez votre actualit\u00e9 en ajoutant vos villes et m\u00e9dias en favori avec <a href=\"https:\/\/moncompte.actu.fr\" title=\"D\u00e9couvez Mon Actu\" rel=\"nofollow noopener\" data-trk=\"{&quot;cta&quot;:{&quot;action&quot;:&quot;https:\\\/\\\/moncompte.actu.fr&quot;,&quot;category&quot;:&quot;mon compte&quot;,&quot;from&quot;:&quot;article footer&quot;,&quot;name&quot;:&quot;Mon actu&quot;,&quot;type&quot;:&quot;cta&quot;}}\" target=\"_blank\">Mon Actu<\/a>.<\/p>\n","protected":false},"excerpt":{"rendered":"Par Brian Le Goff Publi\u00e9 le 12 ao\u00fbt 2026 \u00e0 8h41 Vendredi 7\u00a0ao\u00fbt, un jeune homme de 22\u00a0ans&hellip;\n","protected":false},"author":2,"featured_media":1121951,"comment_status":"","ping_status":"","sticky":false,"template":"","format":"standard","meta":{"footnotes":"","_share_on_mastodon":"0"},"categories":[2821],"tags":[119,1111,11,829,1777,674,118,1011,27,12,1072,584,25,6960],"class_list":["post-1121950","post","type-post","status-publish","format-standard","has-post-thumbnail","category-rennes","tag-accident","tag-actu","tag-actualites","tag-bretagne","tag-eu","tag-europe","tag-faits-divers","tag-fr","tag-france","tag-news","tag-police","tag-rennes","tag-republique-francaise","tag-trottinette-electrique"],"share_on_mastodon":{"url":"https:\/\/pubeurope.com\/@fr\/117081374051909044","error":""},"_links":{"self":[{"href":"https:\/\/www.europesays.com\/fr\/wp-json\/wp\/v2\/posts\/1121950","targetHints":{"allow":["GET"]}}],"collection":[{"href":"https:\/\/www.europesays.com\/fr\/wp-json\/wp\/v2\/posts"}],"about":[{"href":"https:\/\/www.europesays.com\/fr\/wp-json\/wp\/v2\/types\/post"}],"author":[{"embeddable":true,"href":"https:\/\/www.europesays.com\/fr\/wp-json\/wp\/v2\/users\/2"}],"replies":[{"embeddable":true,"href":"https:\/\/www.europesays.com\/fr\/wp-json\/wp\/v2\/comments?post=1121950"}],"version-history":[{"count":0,"href":"https:\/\/www.europesays.com\/fr\/wp-json\/wp\/v2\/posts\/1121950\/revisions"}],"wp:featuredmedia":[{"embeddable":true,"href":"https:\/\/www.europesays.com\/fr\/wp-json\/wp\/v2\/media\/1121951"}],"wp:attachment":[{"href":"https:\/\/www.europesays.com\/fr\/wp-json\/wp\/v2\/media?parent=1121950"}],"wp:term":[{"taxonomy":"category","embeddable":true,"href":"https:\/\/www.europesays.com\/fr\/wp-json\/wp\/v2\/categories?post=1121950"},{"taxonomy":"post_tag","embeddable":true,"href":"https:\/\/www.europesays.com\/fr\/wp-json\/wp\/v2\/tags?post=1121950"}],"curies":[{"name":"wp","href":"https:\/\/api.w.org\/{rel}","templated":true}]}}