{"id":112198,"date":"2025-05-19T16:36:09","date_gmt":"2025-05-19T16:36:09","guid":{"rendered":"https:\/\/www.europesays.com\/fr\/112198\/"},"modified":"2025-05-19T16:36:09","modified_gmt":"2025-05-19T16:36:09","slug":"les-policiers-ont-fouille-les-sacs-des-lyceens","status":"publish","type":"post","link":"https:\/\/www.europesays.com\/fr\/112198\/","title":{"rendered":"les policiers ont fouill\u00e9 les sacs des lyc\u00e9ens"},"content":{"rendered":"<p>\u00ab\u00a0Oh mais, il passe quoi, l\u00e0\u00a0?\u00a0\u00bb Les lyc\u00e9ens qui s\u2019appr\u00eataient \u00e0 retourner en cours, ce lundi, vers 13\u00a0h\u00a030 et qui savouraient leurs derni\u00e8res minutes de pause avant de retourner sur les bancs de l\u2019\u00e9tablissement, n\u2019en reviennent pas. Sous leurs yeux, trois v\u00e9hicules de police se garent en \u00e9pis devant le grand portail. La dizaine de policiers en uniforme, qui en sort, se poste alors devant l\u2019entr\u00e9e du lyc\u00e9e et quatre d\u2019entre eux se pr\u00e9parent \u00e0 contr\u00f4ler les \u00e9l\u00e8ves, en fouillant leurs sacs, avant de les laisser entrer en cours.<\/p>\n<p>  Une premi\u00e8re \u00e0 Saint-Chamond<\/p>\n<p>L\u2019op\u00e9ration, men\u00e9e par la police nationale du Gier, \u00e9tait une premi\u00e8re dans cet \u00e9tablissement et \u00e0 Saint-Chamond. \u00ab\u00a0Nous avons des relations privil\u00e9gi\u00e9es avec la police nationale, qui est un partenaire incontournable,\u00a0\u00bb indique, sur place, le proviseur de la Cit\u00e9 scolaire Claude-Lebois, Patrice Mallet. La Cit\u00e9 scolaire regroupe le lyc\u00e9e professionnel et le lyc\u00e9e g\u00e9n\u00e9ral et technologique et accueille 1\u00a0300 \u00e9l\u00e8ves. \u00ab\u00a0Nous \u00e9tions bien entendu inform\u00e9s de cette op\u00e9ration depuis quelques jours\u00a0\u00bb, pr\u00e9cise le proviseur, qui voit d\u2019un bon \u0153il ces contr\u00f4les \u00ab\u00a0de routine\u00a0\u00bb, qui ne se d\u00e9roulent pas sous son autorit\u00e9, mais sur la voie publique, \u00e0 l\u2019ext\u00e9rieur de l\u2019enceinte de l\u2019\u00e9tablissement. \u00ab\u00a0Les \u00e9l\u00e8ves sont contr\u00f4l\u00e9s ici en qualit\u00e9 de citoyens\u00a0\u00bb, estime-t-il.<\/p>\n<p>  De la drogue ou des armes recherch\u00e9es<\/p>\n<p>\u00ab\u00a0Je n\u2019ai pas de kalachnikov\u00a0\u00bb, l\u00e2che un \u00e9l\u00e8ve, avec un sourire un brin provocant. Il devra quand m\u00eame ouvrir son sac. \u00c0 quelques exceptions pr\u00e8s, la plupart des \u00e9l\u00e8ves se pr\u00eatent en silence, \u00e0 la fouille, avant de rentrer dans l\u2019\u00e9tablissement, o\u00f9 des examens de BTS ont notamment lieu en ce moment. Plusieurs membres du personnel de l\u2019\u00e9tablissement, bien qu\u2019en retrait, sont pr\u00e9sents aux c\u00f4t\u00e9s des policiers.<\/p>\n<p>Pour le lieutenant Franck Vanden, coordinateur de l\u2019op\u00e9ration et chef par int\u00e9rim du Service local de s\u00e9curit\u00e9 publique de la circonscription de police nationale du Gier, il s\u2019agit bien entendu de chercher \u00ab\u00a0ce qui peut \u00eatre dangereux\u00a0\u00bb, en clair de la drogue ou des armes, mais aussi de faire de la p\u00e9dagogie \u00e0 l\u2019entr\u00e9e, en \u00e9changeant avec les lyc\u00e9ens et en montrant une pr\u00e9sence. \u00ab\u00a0C\u2019est une op\u00e9ration qui est amen\u00e9e \u00e0 se renouveler sur d\u2019autres \u00e9tablissements\u00a0\u00bb, indique-t-il.<\/p>\n<p>  \u00ab\u00a0Une surench\u00e8re s\u00e9curitaire irresponsable\u00a0\u00bb, selon certains syndicats<\/p>\n<p>Les forces de l\u2019ordre avaient d\u00e9j\u00e0 men\u00e9 <a href=\"https:\/\/www.leprogres.fr\/education\/2025\/04\/08\/operation-de-securite-les-etablissements-scolaires-doivent-rester-des-sanctuaires\" target=\"_blank\" rel=\"noopener\">une op\u00e9ration de ce type au coll\u00e8ge Jules-Vall\u00e8s, \u00e0 Saint-Etienne, <\/a> il y a un peu plus d\u2019un mois. Le pr\u00e9fet de la Loire Alexandre Rochatte avait indiqu\u00e9 \u00e0 cette occasion que \u00ab\u00a0des contr\u00f4les seront r\u00e9alis\u00e9s aux abords des coll\u00e8ges et lyc\u00e9es n\u00e9cessitant une vigilance particuli\u00e8re\u00a0\u00bb.\u00a0La CGT Educ\u2019action s\u2019\u00e9tait offusqu\u00e9e de l\u2019op\u00e9ration et l\u2019avait d\u00e9nonc\u00e9e avec virulence\u00a0: \u00ab\u00a0La question de la violence \u00e0 l\u2019\u00e9cole est une question grave qui ne peut se traiter \u00e0 la l\u00e9g\u00e8re ou par une surench\u00e8re s\u00e9curitaire irresponsable\u00a0\u00bb, avait-elle estim\u00e9.<\/p>\n<p>\u00c0 la Cit\u00e9 scolaire Claude-Lebois, l\u2019op\u00e9ration aura dur\u00e9 environ 45 minutes et n\u2019aura g\u00e9n\u00e9r\u00e9 aucun trouble visible.<\/p>\n","protected":false},"excerpt":{"rendered":"\u00ab\u00a0Oh mais, il passe quoi, l\u00e0\u00a0?\u00a0\u00bb Les lyc\u00e9ens qui s\u2019appr\u00eataient \u00e0 retourner en cours, ce lundi, vers 13\u00a0h\u00a030&hellip;\n","protected":false},"author":2,"featured_media":112199,"comment_status":"","ping_status":"","sticky":false,"template":"","format":"standard","meta":{"footnotes":""},"categories":[9653],"tags":[1111,11,2430,3599,271,3206,272,7539,1057,4854,1777,674,274,1011,27,12,25,9669,9670,4001],"class_list":{"0":"post-112198","1":"post","2":"type-post","3":"status-publish","4":"format-standard","5":"has-post-thumbnail","7":"category-saint-etienne","8":"tag-actu","9":"tag-actualites","10":"tag-auvergne-rhone-alpes","11":"tag-college-lycee","12":"tag-crime","13":"tag-defense-guerre-conflit","14":"tag-delit-et-contravention","15":"tag-edition-loire-sud","16":"tag-education","17":"tag-enseignement-superieur","18":"tag-eu","19":"tag-europe","20":"tag-faits-divers-justice","21":"tag-fr","22":"tag-france","23":"tag-news","24":"tag-republique-francaise","25":"tag-saint-chamond","26":"tag-saint-chamond-ville","27":"tag-saint-etienne"},"share_on_mastodon":{"url":"https:\/\/pubeurope.com\/@fr\/114535477094425162","error":""},"_links":{"self":[{"href":"https:\/\/www.europesays.com\/fr\/wp-json\/wp\/v2\/posts\/112198","targetHints":{"allow":["GET"]}}],"collection":[{"href":"https:\/\/www.europesays.com\/fr\/wp-json\/wp\/v2\/posts"}],"about":[{"href":"https:\/\/www.europesays.com\/fr\/wp-json\/wp\/v2\/types\/post"}],"author":[{"embeddable":true,"href":"https:\/\/www.europesays.com\/fr\/wp-json\/wp\/v2\/users\/2"}],"replies":[{"embeddable":true,"href":"https:\/\/www.europesays.com\/fr\/wp-json\/wp\/v2\/comments?post=112198"}],"version-history":[{"count":0,"href":"https:\/\/www.europesays.com\/fr\/wp-json\/wp\/v2\/posts\/112198\/revisions"}],"wp:featuredmedia":[{"embeddable":true,"href":"https:\/\/www.europesays.com\/fr\/wp-json\/wp\/v2\/media\/112199"}],"wp:attachment":[{"href":"https:\/\/www.europesays.com\/fr\/wp-json\/wp\/v2\/media?parent=112198"}],"wp:term":[{"taxonomy":"category","embeddable":true,"href":"https:\/\/www.europesays.com\/fr\/wp-json\/wp\/v2\/categories?post=112198"},{"taxonomy":"post_tag","embeddable":true,"href":"https:\/\/www.europesays.com\/fr\/wp-json\/wp\/v2\/tags?post=112198"}],"curies":[{"name":"wp","href":"https:\/\/api.w.org\/{rel}","templated":true}]}}