{"id":112223,"date":"2025-05-19T16:49:12","date_gmt":"2025-05-19T16:49:12","guid":{"rendered":"https:\/\/www.europesays.com\/fr\/112223\/"},"modified":"2025-05-19T16:49:12","modified_gmt":"2025-05-19T16:49:12","slug":"voici-ce-a-quoi-elle-devrait-ressembler","status":"publish","type":"post","link":"https:\/\/www.europesays.com\/fr\/112223\/","title":{"rendered":"voici ce \u00e0 quoi elle devrait ressembler"},"content":{"rendered":"<p>            Par<br \/>\n        <strong><br \/>\n            <a href=\"https:\/\/actu.fr\/auteur\/lou-batteux\" title=\"Consulter tous les articles de Lou Batteux\" rel=\"nofollow noopener\" target=\"_blank\">Lou Batteux<\/a><br \/>\n        <\/strong><\/p>\n<p>        Publi\u00e9 le<\/p>\n<p>            19 mai 2025 \u00e0 18h39        <\/p>\n<p>Class\u00e9e au titre des\u00a0<strong>monuments historiques<\/strong>\u00a0en 2016 et reconnue comme la\u00a0<strong>8\u1d49 plus belle piscine du monde<\/strong> par le magazine am\u00e9ricain Architectural Digest en 2017, la piscine Saint-Georges est un \u00e9l\u00e9ment phare du patrimoine rennais qui cumule pr\u00e8s de<strong> 100\u2009000 entr\u00e9es<\/strong> par an.<\/p>\n<p class=\" wall-content\">Cependant, elle \u00ab\u2009engendre aujourd\u2019hui des <strong>co\u00fbts de fonctionnement \u00e9lev\u00e9s<\/strong> pour la collectivit\u00e9\u2009\u00bb, d\u2019apr\u00e8s la Ville de Rennes et son conseiller municipal d\u00e9l\u00e9gu\u00e9 aux sports, <strong>Fr\u00e9d\u00e9ric Bourcier<\/strong>.<\/p>\n<p>Un enjeu de restauration patrimoniale et technique<\/p>\n<p class=\" wall-content\">Les futurs travaux de restauration visent \u00e0 r\u00e9pondre \u00e0 deux enjeux\u2009: conserver la <strong>valeur patrimoniale<\/strong> de la piscine \u2013 sa structure, ses volumes et ses d\u00e9cors \u2013 et r\u00e9soudre les divers <strong>probl\u00e8mes techniques<\/strong> actuels.<\/p>\n<blockquote class=\"ac-article-quote wall-content\">\n<p>Les travaux permettront de r\u00e9pondre aux enjeux environnementaux fix\u00e9s par la Ville de Rennes en r\u00e9duisant l&#8217;empreinte \u00e9cologique de l&rsquo;\u00e9quipement tout en respectant les exigences patrimoniales et architecturales d&rsquo;un b\u00e2timent class\u00e9 au titre des monuments historiques.<\/p>\n<p>    <strong>Ville de Rennes<\/strong>\n            <\/p><\/blockquote>\n<p class=\" wall-content\">Le co\u00fbt du chantier, qui durera de <strong>janvier\u00a02028 \u00e0 juin\u00a02030<\/strong>, est estim\u00e9 \u00e0 <strong>27\u2009970\u2009000\u00a0euros<\/strong>. Les am\u00e9nagements int\u00e9rieurs repr\u00e9sentent 60\u2009% de l\u2019enveloppe financi\u00e8re, ceux ext\u00e9rieurs en repr\u00e9sentent 30\u2009% et les 10\u2009% restants concernent les frais d\u2019installation de chantier. Pendant toute la dur\u00e9e des travaux, la piscine sera \u00e9videmment <strong>ferm\u00e9e<\/strong>. Elle devrait pouvoir rouvrir ses portes en<strong> juillet\u00a02030<\/strong>.<\/p>\n<p>Des probl\u00e8mes \u00e0 r\u00e9soudre<\/p>\n<p class=\" wall-content\"><strong>Quasi centenaire<\/strong>, cet \u00e9quipement est actuellement tr\u00e8s <strong>\u00e9nergivore<\/strong> et <strong>consommateur en eau<\/strong>. De plus, l\u2019\u00e9volution des usages et de la r\u00e9glementation pose de nouveaux probl\u00e8mes fonctionnels tels que l\u2019accessibilit\u00e9 des personnes \u00e0 mobilit\u00e9 r\u00e9duite.<\/p>\n<p class=\" wall-content\">Les objectifs de la municipalit\u00e9 sont donc d\u2019am\u00e9liorer l\u2019efficacit\u00e9 \u00e9nerg\u00e9tique du b\u00e2timent, de traiter les infiltrations et les fissures, de changer compl\u00e8tement les installations techniques, de restaurer les sols et le rev\u00eatement d\u2019origine, mais aussi de l\u2019adapter aux normes actuelles notamment en r\u00e9am\u00e9nageant les locaux.<\/p>\n<p>Des changements notables<\/p>\n<p class=\" wall-content\">C\u00e9l\u00e8bre pour son<strong> style art d\u00e9co<\/strong> des ann\u00e9es 1920, la piscine Saint-Georges n\u2019a jamais perdu de sa valeur patrimoniale malgr\u00e9 ces d\u00e9faillances techniques. Une authenticit\u00e9 que sa restauration devra donc respecter en tentant de conserver au maximum \u00e0 l\u2019identique son style d\u2019origine.<\/p>\n<p><a class=\"jo-module-caroussel__img-container\" href=\"https:\/\/static.actu.fr\/uploads\/2025\/05\/piscine-saintgeorges-02-hd-v2-c-studio-alma.jpg\" title=\"Agrandir la photo Retrouvez la piscine Saint-Georges compl\u00e8tement r\u00e9nov\u00e9e et remise \u00e0 neuf en juillet 2030. (\u00a9 Studio Alma)\" data-idx=\"1\" rel=\"nofollow noopener\" target=\"_blank\"><br \/>\n    <img decoding=\"async\" class=\"jo-module-caroussel__img\" loading=\"lazy\" src=\"https:\/\/www.europesays.com\/fr\/wp-content\/uploads\/2025\/05\/piscine-saintgeorges-02-hd-v2-c-studio-alma-640x427.jpg\" alt=\"Retrouvez la piscine Saint-Georges compl\u00e8tement r\u00e9nov\u00e9e et remise \u00e0 neuf en juillet 2030. (\u00a9 Studio Alma)\" width=\"640\" height=\"427\"\/><\/a><a class=\"jo-module-caroussel__img-container\" href=\"https:\/\/static.actu.fr\/uploads\/2025\/05\/piscine-saintgeorges-01-hd-c-studio-alma.jpg\" title=\"Agrandir la photo En juin 2030, voici \u00e0 quoi devrait ressembler la piscine Saint-Georges de Rennes apr\u00e8s de grands travaux de restauration. (\u00a9 Studio Alma)\" data-idx=\"2\" rel=\"nofollow noopener\" target=\"_blank\"><br \/>\n    <img decoding=\"async\" class=\"jo-module-caroussel__img\" loading=\"lazy\" src=\"https:\/\/www.europesays.com\/fr\/wp-content\/uploads\/2025\/05\/piscine-saintgeorges-01-hd-c-studio-alma-640x427.jpg\" alt=\"En juin 2030, voici \u00e0 quoi devrait ressembler la piscine Saint-Georges de Rennes apr\u00e8s de grands travaux de restauration. (\u00a9 Studio Alma)\" width=\"640\" height=\"427\"\/><\/a><\/p>\n<p class=\" wall-content\">Les principaux changements r\u00e9sident dans le remodelage des volumes int\u00e9rieurs\u2009: \u00ab\u2009la <strong>grande vo\u00fbte<\/strong>, jusqu\u2019alors cach\u00e9e par un faux plafond, sera mise en valeur, ce qui rendra la halle bassin encore plus lumineuse\u2009\u00bb.<\/p>\n<p class=\" wall-content\">Les garde-corps seront rehauss\u00e9s et le grand plongeoir remis aux normes. Par ailleurs, le jardin nord-ouest sera am\u00e9nag\u00e9 et la fontaine remise en \u00e9tat.<\/p>\n<p class=\" wall-content\">Le conseil municipal a vot\u00e9 en faveur de la restauration patrimoniale et technique de la piscine Saint-Georges lors du conseil municipal du lundi 19\u00a0mai 2025.<\/p>\n<p class=\" wall-content\">Suivez toute l\u2019actualit\u00e9 de vos villes et m\u00e9dias favoris en vous inscrivant \u00e0 <a href=\"https:\/\/moncompte.actu.fr\" title=\"D\u00e9couvez Mon Actu\" rel=\"nofollow noopener\" data-trk=\"{&quot;cta&quot;:{&quot;action&quot;:&quot;https:\\\/\\\/moncompte.actu.fr&quot;,&quot;category&quot;:&quot;mon compte&quot;,&quot;from&quot;:&quot;article footer&quot;,&quot;name&quot;:&quot;Mon actu&quot;,&quot;type&quot;:&quot;cta&quot;}}\" target=\"_blank\">Mon Actu<\/a>.<\/p>\n","protected":false},"excerpt":{"rendered":"Par Lou Batteux Publi\u00e9 le 19 mai 2025 \u00e0 18h39 Class\u00e9e au titre des\u00a0monuments historiques\u00a0en 2016 et reconnue&hellip;\n","protected":false},"author":2,"featured_media":112224,"comment_status":"","ping_status":"","sticky":false,"template":"","format":"standard","meta":{"footnotes":""},"categories":[2821],"tags":[1111,11,829,1777,674,1011,27,12,584,25,104,2086],"class_list":{"0":"post-112223","1":"post","2":"type-post","3":"status-publish","4":"format-standard","5":"has-post-thumbnail","7":"category-rennes","8":"tag-actu","9":"tag-actualites","10":"tag-bretagne","11":"tag-eu","12":"tag-europe","13":"tag-fr","14":"tag-france","15":"tag-news","16":"tag-rennes","17":"tag-republique-francaise","18":"tag-societe","19":"tag-travaux"},"share_on_mastodon":{"url":"https:\/\/pubeurope.com\/@fr\/114535528564736745","error":""},"_links":{"self":[{"href":"https:\/\/www.europesays.com\/fr\/wp-json\/wp\/v2\/posts\/112223","targetHints":{"allow":["GET"]}}],"collection":[{"href":"https:\/\/www.europesays.com\/fr\/wp-json\/wp\/v2\/posts"}],"about":[{"href":"https:\/\/www.europesays.com\/fr\/wp-json\/wp\/v2\/types\/post"}],"author":[{"embeddable":true,"href":"https:\/\/www.europesays.com\/fr\/wp-json\/wp\/v2\/users\/2"}],"replies":[{"embeddable":true,"href":"https:\/\/www.europesays.com\/fr\/wp-json\/wp\/v2\/comments?post=112223"}],"version-history":[{"count":0,"href":"https:\/\/www.europesays.com\/fr\/wp-json\/wp\/v2\/posts\/112223\/revisions"}],"wp:featuredmedia":[{"embeddable":true,"href":"https:\/\/www.europesays.com\/fr\/wp-json\/wp\/v2\/media\/112224"}],"wp:attachment":[{"href":"https:\/\/www.europesays.com\/fr\/wp-json\/wp\/v2\/media?parent=112223"}],"wp:term":[{"taxonomy":"category","embeddable":true,"href":"https:\/\/www.europesays.com\/fr\/wp-json\/wp\/v2\/categories?post=112223"},{"taxonomy":"post_tag","embeddable":true,"href":"https:\/\/www.europesays.com\/fr\/wp-json\/wp\/v2\/tags?post=112223"}],"curies":[{"name":"wp","href":"https:\/\/api.w.org\/{rel}","templated":true}]}}