{"id":112225,"date":"2025-05-19T16:50:58","date_gmt":"2025-05-19T16:50:58","guid":{"rendered":"https:\/\/www.europesays.com\/fr\/112225\/"},"modified":"2025-05-19T16:50:58","modified_gmt":"2025-05-19T16:50:58","slug":"le-paradis-du-fruit-le-nouveau-resto-strasbourgeois-qui-va-vitaminer-la-place-kleber","status":"publish","type":"post","link":"https:\/\/www.europesays.com\/fr\/112225\/","title":{"rendered":"Le Paradis du Fruit, le nouveau resto strasbourgeois qui va vitaminer la Place Kl\u00e9ber"},"content":{"rendered":"<p>    <img loading=\"lazy\" width=\"1800\" height=\"900\" src=\"https:\/\/www.europesays.com\/fr\/wp-content\/uploads\/2025\/04\/jeanne-callthepolice.jpg\" class=\"attachment-full size-full\" alt=\"\" id=\"imageLove\" decoding=\"async\"  \/><\/p>\n<p id=\"breadcrumbs\"><a href=\"https:\/\/pokaa.fr\/\" target=\"_blank\" rel=\"noopener\">Accueil<\/a> \/ <a href=\"https:\/\/pokaa.fr\/categories\/les-bonnes-adresses\/\" target=\"_blank\" rel=\"noopener\">Bonnes adresses<\/a> \/ Le Paradis du Fruit, le nouveau resto strasbourgeois qui va vitaminer la Place Kl\u00e9ber<\/p>\n<p>                    Bonnes adresses<\/p>\n<p><strong>En f\u00e9vrier dernier, on vous parlait de l\u2019arriv\u00e9e imminente \u00e0 Strasbourg du Paradis du Fruit, un immense restaurant de 400 m2. C\u2019est d\u00e9sormais chose faite : depuis la fin avril, apr\u00e8s de longs mois de travaux, le groupe alsacien BMG est install\u00e9 sur la Place Kl\u00e9ber. On vous explique tout \u00e7a.<\/strong><\/p>\n<p>Les plus ancien(ne)s se souviendront du <strong>Quick de la place Kl\u00e9ber, de la boutique Cama\u00efeu<\/strong> <strong>ou de Decoplus<\/strong>, un myst\u00e9rieux vendeur de parquet.<\/p>\n<p>C\u2019est \u00e0 cette adresse, <strong>au num\u00e9ro 5 de la Place Kl\u00e9ber<\/strong>, que Le Paradis du Fruit vient de sortir de terre. Derri\u00e8re ce nom, on retrouve <strong>un restaurant franchis\u00e9, pr\u00e9sent 32 fois sur le territoire fran\u00e7ais. <\/strong>Et la marque continue visiblement sa progression<strong> avec une ouverture remarqu\u00e9e dans la capitale alsacienne.<\/strong><\/p>\n<p>                <img width=\"371\" height=\"500\" src=\"https:\/\/www.europesays.com\/fr\/wp-content\/uploads\/2025\/05\/le-paradis-du-fruit-img-6365-6-371x500.jpeg\" class=\"attachment-gallery size-gallery\" alt=\"Le paradis du fruit IMG_6365 6\" data-full-url=\"https:\/\/pokaa.fr\/wp-content\/uploads\/2025\/05\/16\/le-paradis-du-fruit-img-6365-6.jpeg\" decoding=\"async\" loading=\"lazy\"  \/>            <\/p>\n<p>                <img width=\"375\" height=\"500\" src=\"https:\/\/www.europesays.com\/fr\/wp-content\/uploads\/2025\/05\/le-paradis-du-fruit-img-6352-4-375x500.jpeg\" class=\"attachment-gallery size-gallery\" alt=\"Le paradis du fruit IMG_6352 4\" data-full-url=\"https:\/\/pokaa.fr\/wp-content\/uploads\/2025\/05\/16\/le-paradis-du-fruit-img-6352-4.jpeg\" decoding=\"async\" loading=\"lazy\"  \/>            <\/p>\n<p>                <img width=\"375\" height=\"500\" src=\"https:\/\/www.europesays.com\/fr\/wp-content\/uploads\/2025\/05\/le-paradis-du-fruit-img-6488-4-375x500.jpeg\" class=\"attachment-gallery size-gallery\" alt=\"Le paradis du fruit IMG_6488 4\" data-full-url=\"https:\/\/pokaa.fr\/wp-content\/uploads\/2025\/05\/16\/le-paradis-du-fruit-img-6488-4.jpeg\" decoding=\"async\" loading=\"lazy\"  \/>            <\/p>\n<p>                <img width=\"375\" height=\"500\" src=\"https:\/\/www.europesays.com\/fr\/wp-content\/uploads\/2025\/05\/le-paradis-du-fruit-img-6338-4-375x500.jpeg\" class=\"attachment-gallery size-gallery\" alt=\"Le paradis du fruit IMG_6338 4\" data-full-url=\"https:\/\/pokaa.fr\/wp-content\/uploads\/2025\/05\/16\/le-paradis-du-fruit-img-6338-4.jpeg\" decoding=\"async\" loading=\"lazy\"  \/>            <\/p>\n<p>                <img width=\"375\" height=\"500\" src=\"https:\/\/www.europesays.com\/fr\/wp-content\/uploads\/2025\/05\/le-paradis-du-fruit-img-6357-4-375x500.jpeg\" class=\"attachment-gallery size-gallery\" alt=\"Le paradis du fruit IMG_6357 4\" data-full-url=\"https:\/\/pokaa.fr\/wp-content\/uploads\/2025\/05\/16\/le-paradis-du-fruit-img-6357-4.jpeg\" decoding=\"async\" loading=\"lazy\"  \/>            <\/p>\n<p>                    \u00a9 Bastien Pietronave \/ Pokaa<\/p>\n<p>D\u00e9sormais,<strong> tous les jours, de 9h du matin jusqu\u2019\u00e0 23h<\/strong>, les locaux\/ales pourront venir s\u2019installer<strong>\u00a0sur l\u2019une des 150 places<\/strong> du restaurant d\u00f4t\u00e9 d\u2019un \u00e9tage, mais aussi d\u2019<strong>une terrasse qui donne directement sur la place.<\/strong><\/p>\n<p>Mais alors, que trouve-t-on \u00e0 la carte de <strong>cet endroit hybride, mi-caf\u00e9 mi-resto ?<\/strong><\/p>\n<p>                <img width=\"375\" height=\"500\" src=\"https:\/\/www.europesays.com\/fr\/wp-content\/uploads\/2025\/05\/le-paradis-du-fruit-img-6504-4-375x500.jpeg\" class=\"attachment-gallery size-gallery\" alt=\"Le paradis du fruit IMG_6504 4\" data-full-url=\"https:\/\/pokaa.fr\/wp-content\/uploads\/2025\/05\/16\/le-paradis-du-fruit-img-6504-4.jpeg\" decoding=\"async\" loading=\"lazy\"  \/>            <\/p>\n<p>                <img width=\"375\" height=\"500\" src=\"https:\/\/www.europesays.com\/fr\/wp-content\/uploads\/2025\/05\/le-paradis-du-fruit-img-6395-4-375x500.jpeg\" class=\"attachment-gallery size-gallery\" alt=\"Le paradis du fruit IMG_6395 4\" data-full-url=\"https:\/\/pokaa.fr\/wp-content\/uploads\/2025\/05\/16\/le-paradis-du-fruit-img-6395-4.jpeg\" decoding=\"async\" loading=\"lazy\"  \/>            <\/p>\n<p>                <img width=\"375\" height=\"500\" src=\"https:\/\/www.europesays.com\/fr\/wp-content\/uploads\/2025\/05\/le-paradis-du-fruit-img-6439-4-375x500.jpeg\" class=\"attachment-gallery size-gallery\" alt=\"Le paradis du fruit IMG_6439 4\" data-full-url=\"https:\/\/pokaa.fr\/wp-content\/uploads\/2025\/05\/16\/le-paradis-du-fruit-img-6439-4.jpeg\" decoding=\"async\" loading=\"lazy\"  \/>            <\/p>\n<p>                <img width=\"667\" height=\"500\" src=\"https:\/\/www.europesays.com\/fr\/wp-content\/uploads\/2025\/05\/le-paradis-du-fruit-img-6398-4-667x500.jpeg\" class=\"attachment-gallery size-gallery\" alt=\"Le paradis du fruit IMG_6398 4\" data-full-url=\"https:\/\/pokaa.fr\/wp-content\/uploads\/2025\/05\/16\/le-paradis-du-fruit-img-6398-4.jpeg\" decoding=\"async\" loading=\"lazy\"  \/>            <\/p>\n<p>                    \u00a9 Bastien Pietronave \/ Pokaa<\/p>\n<p>Un multi concept pour satisfaire une large client\u00e8le <\/p>\n<p>Instagrammable et tr\u00e8s tendance, Le Paradis du Fruit d\u00e9barque \u00e0 Strasbourg avec<strong> une proposition tr\u00e8s vari\u00e9e, entre caf\u00e9, bar, restaurant et salon de th\u00e9.<\/strong><\/p>\n<p><strong>Ouvert en continu<\/strong>, on peut venir pour <strong>un brunch ou un petit-d\u00e9jeuner, un dessert ou un plat sal\u00e9<\/strong>, mais aussi pour <strong>un jus de fruit press\u00e9 ou un cocktail<\/strong>, et ce, toute la journ\u00e9e.<\/p>\n<p>L\u2019une des forces de ce lieu, en plus de <strong>sa d\u00e9coration acidul\u00e9e et de sa capacit\u00e9 d\u2019accueil<\/strong>, c\u2019est donc <strong>la multiplicit\u00e9 de l\u2019offre de restauration<\/strong>, que ce soit en boisson, en sucr\u00e9 ou en sal\u00e9.<\/p>\n<p>                <img width=\"375\" height=\"500\" src=\"https:\/\/www.europesays.com\/fr\/wp-content\/uploads\/2025\/05\/le-paradis-du-fruit-img-6510-4-375x500.jpeg\" class=\"attachment-gallery size-gallery\" alt=\"Le paradis du fruit IMG_6510 4\" data-full-url=\"https:\/\/pokaa.fr\/wp-content\/uploads\/2025\/05\/16\/le-paradis-du-fruit-img-6510-4.jpeg\" decoding=\"async\" loading=\"lazy\"  \/>            <\/p>\n<p>                <img width=\"375\" height=\"500\" src=\"https:\/\/www.europesays.com\/fr\/wp-content\/uploads\/2025\/05\/le-paradis-du-fruit-img-6486-4-375x500.jpeg\" class=\"attachment-gallery size-gallery\" alt=\"Le paradis du fruit IMG_6486 4\" data-full-url=\"https:\/\/pokaa.fr\/wp-content\/uploads\/2025\/05\/16\/le-paradis-du-fruit-img-6486-4.jpeg\" decoding=\"async\" loading=\"lazy\"  \/>            <\/p>\n<p>                <img width=\"375\" height=\"500\" src=\"https:\/\/www.europesays.com\/fr\/wp-content\/uploads\/2025\/05\/le-paradis-du-fruit-img-6465-4-375x500.jpeg\" class=\"attachment-gallery size-gallery\" alt=\"Le paradis du fruit IMG_6465 4\" data-full-url=\"https:\/\/pokaa.fr\/wp-content\/uploads\/2025\/05\/16\/le-paradis-du-fruit-img-6465-4.jpeg\" decoding=\"async\" loading=\"lazy\"  \/>            <\/p>\n<p>                <img width=\"667\" height=\"500\" src=\"https:\/\/www.europesays.com\/fr\/wp-content\/uploads\/2025\/05\/le-paradis-du-fruit-img-6495-4-667x500.jpeg\" class=\"attachment-gallery size-gallery\" alt=\"Le paradis du fruit IMG_6495 4\" data-full-url=\"https:\/\/pokaa.fr\/wp-content\/uploads\/2025\/05\/16\/le-paradis-du-fruit-img-6495-4.jpeg\" decoding=\"async\" loading=\"lazy\"  \/>            <\/p>\n<p>                    \u00a9 Bastien Pietronave \/ Pokaa<\/p>\n<p><strong>Granit\u00e9s, jus de fruits press\u00e9s minute<\/strong>, cocktails ou mocktails, <strong>toasts, planchettes, pita<\/strong>, fish and chips, burger, assiettes \u00e0 composer, brunchs, pancakes ou desserts glac\u00e9s, mais aussi boissons chaudes et sorbets,<strong> il en a pour tous les go\u00fbts.<\/strong><\/p>\n<p>Petit plus non n\u00e9gligeable : apr\u00e8s la fermeture de Kohler-Rehm en 2020, Le Paradis du Fruit devient <strong>le seul restaurant de la place Kl\u00e9ber et des proches environs \u00e0 proposer un service \u00e0 table<\/strong>. \u00c7a en dit long sur les adresses qui l\u2019entourent.<\/p>\n<p>                <img width=\"375\" height=\"500\" src=\"https:\/\/www.europesays.com\/fr\/wp-content\/uploads\/2025\/05\/le-paradis-du-fruit-img-6483-4-375x500.jpeg\" class=\"attachment-gallery size-gallery\" alt=\"Le paradis du fruit IMG_6483 4\" data-full-url=\"https:\/\/pokaa.fr\/wp-content\/uploads\/2025\/05\/16\/le-paradis-du-fruit-img-6483-4.jpeg\" decoding=\"async\" loading=\"lazy\"  \/>            <\/p>\n<p>                <img width=\"375\" height=\"500\" src=\"https:\/\/www.europesays.com\/fr\/wp-content\/uploads\/2025\/05\/le-paradis-du-fruit-img-6458-4-375x500.jpeg\" class=\"attachment-gallery size-gallery\" alt=\"Le paradis du fruit IMG_6458 4\" data-full-url=\"https:\/\/pokaa.fr\/wp-content\/uploads\/2025\/05\/16\/le-paradis-du-fruit-img-6458-4.jpeg\" decoding=\"async\" loading=\"lazy\"  \/>            <\/p>\n<p>                <img width=\"375\" height=\"500\" src=\"https:\/\/www.europesays.com\/fr\/wp-content\/uploads\/2025\/05\/le-paradis-du-fruit-img-6354-4-375x500.jpeg\" class=\"attachment-gallery size-gallery\" alt=\"Le paradis du fruit IMG_6354 4\" data-full-url=\"https:\/\/pokaa.fr\/wp-content\/uploads\/2025\/05\/16\/le-paradis-du-fruit-img-6354-4.jpeg\" decoding=\"async\" loading=\"lazy\"  \/>            <\/p>\n<p>                <img width=\"375\" height=\"500\" src=\"https:\/\/www.europesays.com\/fr\/wp-content\/uploads\/2025\/05\/le-paradis-du-fruit-img-6359-6-375x500.jpeg\" class=\"attachment-gallery size-gallery\" alt=\"Le paradis du fruit IMG_6359 6\" data-full-url=\"https:\/\/pokaa.fr\/wp-content\/uploads\/2025\/05\/16\/le-paradis-du-fruit-img-6359-6.jpeg\" decoding=\"async\" loading=\"lazy\"  \/>            <\/p>\n<p>                <img width=\"375\" height=\"500\" src=\"https:\/\/www.europesays.com\/fr\/wp-content\/uploads\/2025\/05\/le-paradis-du-fruit-img-6374-4-375x500.jpeg\" class=\"attachment-gallery size-gallery\" alt=\"Le paradis du fruit IMG_6374 4\" data-full-url=\"https:\/\/pokaa.fr\/wp-content\/uploads\/2025\/05\/16\/le-paradis-du-fruit-img-6374-4.jpeg\" decoding=\"async\" loading=\"lazy\"  \/>            <\/p>\n<p>                    \u00a9 Bastien Pietronave \/ Pokaa<\/p>\n<p><strong>Simple, efficace, familial et r\u00e9confortant,<\/strong> Le Paradis du Fruit a des arguments pour convaincre, et son emplacement privil\u00e9gi\u00e9 finira d\u2019attiser la curiosit\u00e9 des Strasbourgeois(es) que l\u2019on sait <strong>particuli\u00e8rement mordu(e)s de nouveaut\u00e9<\/strong>.<\/p>\n<p>    <img width=\"800\" height=\"600\" src=\"https:\/\/www.europesays.com\/fr\/wp-content\/uploads\/2025\/05\/le-paradis-du-fruit-img-6336-6-800x600.jpeg\" class=\"attachment-image-size-L size-image-size-L\" alt=\"Le paradis du fruit IMG_6336 6\" decoding=\"async\" loading=\"lazy\"  \/>         \u00a9 Bastien Pietronave \/ Pokaa <\/p>\n<p>Les petits et gros +<\/p>\n<ul>\n<li><strong>Que l\u2019on aime ou non, Le Paradis du Fruit arrive comme une vraie nouveaut\u00e9 \u00e0 Strasbourg\u00a0<\/strong><\/li>\n<li><strong>L\u2019emplacement est vraiment privil\u00e9gi\u00e9\u00a0<\/strong><\/li>\n<li>On peut venir boire et casser la croute sur des horaires tr\u00e8s larges<\/li>\n<li><strong>Le service \u00e0 table est un vrai plus\u00a0<\/strong><\/li>\n<li>On peut venir avec de grands groupes, il y a de la place<\/li>\n<\/ul>\n<p>            Le Paradis du Fruit <\/p>\n<p>            Quoi ?<br \/>\n            Restaurant \/ caf\u00e9 \/ bar \u00e0 jus et \u00e0 desserts         <\/p>\n<p>            o\u00f9 ?<br \/>\n            5 place Kl\u00e9ber        <\/p>\n<p>                Plus d&rsquo;infos ?<\/p>\n<p><strong><a href=\"https:\/\/www.google.com\/url?sa=t&amp;source=web&amp;rct=j&amp;opi=89978449&amp;url=https:\/\/restaurants.leparadisdufruit.fr\/strasbourg\/&amp;ved=2ahUKEwiK8tr_16eNAxXoZaQEHdCJC10QFnoECFAQAQ&amp;usg=AOvVaw1vdJf-9LckhHrG6Tfe9KjX\" target=\"_blank\" rel=\"noopener\">Le site<\/a><\/strong><\/p>\n<p><strong><a href=\"https:\/\/www.google.com\/url?sa=t&amp;source=web&amp;rct=j&amp;opi=89978449&amp;url=https:\/\/www.instagram.com\/leparadisdufruit_strasbourg\/&amp;ved=2ahUKEwiK8tr_16eNAxXoZaQEHdCJC10QFnoECEkQAQ&amp;usg=AOvVaw09raUoFn7hZOVmtgHSRay7\" target=\"_blank\" rel=\"noopener\">La page Instagram<\/a><\/strong><\/p>\n<p>                <img width=\"375\" height=\"500\" src=\"https:\/\/www.europesays.com\/fr\/wp-content\/uploads\/2025\/05\/le-paradis-du-fruit-img-6481-4-375x500.jpeg\" class=\"attachment-gallery size-gallery\" alt=\"Le paradis du fruit IMG_6481 4\" data-full-url=\"https:\/\/pokaa.fr\/wp-content\/uploads\/2025\/05\/16\/le-paradis-du-fruit-img-6481-4.jpeg\" decoding=\"async\" loading=\"lazy\"  \/>            <\/p>\n<p>                <img width=\"375\" height=\"500\" src=\"https:\/\/www.europesays.com\/fr\/wp-content\/uploads\/2025\/05\/le-paradis-du-fruit-img-6452-4-375x500.jpeg\" class=\"attachment-gallery size-gallery\" alt=\"Le paradis du fruit IMG_6452 4\" data-full-url=\"https:\/\/pokaa.fr\/wp-content\/uploads\/2025\/05\/16\/le-paradis-du-fruit-img-6452-4.jpeg\" decoding=\"async\" loading=\"lazy\"  \/>            <\/p>\n<p>                <img width=\"667\" height=\"500\" src=\"https:\/\/www.europesays.com\/fr\/wp-content\/uploads\/2025\/05\/le-paradis-du-fruit-img-6435-4-667x500.jpeg\" class=\"attachment-gallery size-gallery\" alt=\"Le paradis du fruit IMG_6435 4\" data-full-url=\"https:\/\/pokaa.fr\/wp-content\/uploads\/2025\/05\/16\/le-paradis-du-fruit-img-6435-4.jpeg\" decoding=\"async\" loading=\"lazy\"  \/>            <\/p>\n<p>                <img width=\"375\" height=\"500\" src=\"https:\/\/www.europesays.com\/fr\/wp-content\/uploads\/2025\/05\/le-paradis-du-fruit-img-6388-4-375x500.jpeg\" class=\"attachment-gallery size-gallery\" alt=\"Le paradis du fruit IMG_6388 4\" data-full-url=\"https:\/\/pokaa.fr\/wp-content\/uploads\/2025\/05\/16\/le-paradis-du-fruit-img-6388-4.jpeg\" decoding=\"async\" loading=\"lazy\"  \/>            <\/p>\n<p>                <img width=\"667\" height=\"500\" src=\"https:\/\/www.europesays.com\/fr\/wp-content\/uploads\/2025\/05\/le-paradis-du-fruit-img-6367-4-667x500.jpeg\" class=\"attachment-gallery size-gallery\" alt=\"Le paradis du fruit IMG_6367 4\" data-full-url=\"https:\/\/pokaa.fr\/wp-content\/uploads\/2025\/05\/16\/le-paradis-du-fruit-img-6367-4.jpeg\" decoding=\"async\" loading=\"lazy\"  \/>            <\/p>\n<p>                    \u00a9 Bastien Pietronave \/ Pokaa<\/p>\n<p><script async src=\"\/\/www.instagram.com\/embed.js\"><\/script><\/p>\n","protected":false},"excerpt":{"rendered":"Accueil \/ Bonnes adresses \/ Le Paradis du Fruit, le nouveau resto strasbourgeois qui va vitaminer la Place&hellip;\n","protected":false},"author":2,"featured_media":112226,"comment_status":"","ping_status":"","sticky":false,"template":"","format":"standard","meta":{"footnotes":""},"categories":[2820],"tags":[1111,11,1777,674,1011,27,775,23170,12,23171,5536,25,1340,640],"class_list":{"0":"post-112225","1":"post","2":"type-post","3":"status-publish","4":"format-standard","5":"has-post-thumbnail","7":"category-strasbourg","8":"tag-actu","9":"tag-actualites","10":"tag-eu","11":"tag-europe","12":"tag-fr","13":"tag-france","14":"tag-grand-est","15":"tag-kleber","16":"tag-news","17":"tag-paradis-du-fruit","18":"tag-place","19":"tag-republique-francaise","20":"tag-restaurant","21":"tag-strasbourg"},"share_on_mastodon":{"url":"https:\/\/pubeurope.com\/@fr\/114535536557360551","error":""},"_links":{"self":[{"href":"https:\/\/www.europesays.com\/fr\/wp-json\/wp\/v2\/posts\/112225","targetHints":{"allow":["GET"]}}],"collection":[{"href":"https:\/\/www.europesays.com\/fr\/wp-json\/wp\/v2\/posts"}],"about":[{"href":"https:\/\/www.europesays.com\/fr\/wp-json\/wp\/v2\/types\/post"}],"author":[{"embeddable":true,"href":"https:\/\/www.europesays.com\/fr\/wp-json\/wp\/v2\/users\/2"}],"replies":[{"embeddable":true,"href":"https:\/\/www.europesays.com\/fr\/wp-json\/wp\/v2\/comments?post=112225"}],"version-history":[{"count":0,"href":"https:\/\/www.europesays.com\/fr\/wp-json\/wp\/v2\/posts\/112225\/revisions"}],"wp:featuredmedia":[{"embeddable":true,"href":"https:\/\/www.europesays.com\/fr\/wp-json\/wp\/v2\/media\/112226"}],"wp:attachment":[{"href":"https:\/\/www.europesays.com\/fr\/wp-json\/wp\/v2\/media?parent=112225"}],"wp:term":[{"taxonomy":"category","embeddable":true,"href":"https:\/\/www.europesays.com\/fr\/wp-json\/wp\/v2\/categories?post=112225"},{"taxonomy":"post_tag","embeddable":true,"href":"https:\/\/www.europesays.com\/fr\/wp-json\/wp\/v2\/tags?post=112225"}],"curies":[{"name":"wp","href":"https:\/\/api.w.org\/{rel}","templated":true}]}}