{"id":1122251,"date":"2026-08-12T10:54:20","date_gmt":"2026-08-12T10:54:20","guid":{"rendered":"https:\/\/www.europesays.com\/fr\/1122251\/"},"modified":"2026-08-12T10:54:20","modified_gmt":"2026-08-12T10:54:20","slug":"laurent-ournac-46-ans-avec-sa-femme-en-prive-on-est-tres-portes-la-dessus","status":"publish","type":"post","link":"https:\/\/www.europesays.com\/fr\/1122251\/","title":{"rendered":"Laurent Ournac (46 ans) avec sa femme en priv\u00e9 : \u00ab\u00a0On est tr\u00e8s port\u00e9s l\u00e0-dessus\u00a0\u00bb"},"content":{"rendered":"<p>\u00c0 l&rsquo;instar de Mimie Maty dans\u00a0Jos\u00e9phine, ange<br \/>\ngardien, Laurent Ournac fait figure de v\u00e9ritable vitrine pour<br \/>\nTF1. Preuve en est qu&rsquo;il campe depuis 20 ans le r\u00f4le phare de la<br \/>\ns\u00e9rie Camping Paradis. Une s\u00e9rie qui met la lumi\u00e8re sur<br \/>\nl&rsquo;envers du d\u00e9cor de ce lieu estival. Et \u00e0 ce propos, en<br \/>\n<strong>2024<\/strong>, on a eu droit \u00e0 <a href=\"https:\/\/www.melty.fr\/series\/camping-paradis-quand-arrive-la-saison-15-sur-tf1-2161111.html\" rel=\"nofollow noopener\" target=\"_blank\"><br \/>\nune quinzi\u00e8me saison de Camping Paradis<\/a> riche en \u00e9motion.<br \/>\n<strong>Il y a 3 ans, le com\u00e9dien, r\u00e9v\u00e9l\u00e9 dans une t\u00e9l\u00e9-r\u00e9alit\u00e9 en<br \/>\n2006, s\u2019est livr\u00e9 sur sa vie priv\u00e9e et sa femme, Ludivine.<\/strong><br \/>\nUne s\u00e9quence des plus intimes, en somme.<\/p>\n<p>TF1 mise encore et toujours sur Laurent Ournac<\/p>\n<p>Laurent Ournac est l\u2019un des visages les plus familiers du petit<br \/>\n\u00e9cran. Sa carrure, son bonhomie, son sourire\u2026 L\u2019acteur rayonne sur<br \/>\nTF1 dans Camping Paradis. <strong>Au d\u00e9part,<br \/>\ncelui-ci s\u2019est fait conna\u00eetre dans la t\u00e9l\u00e9-r\u00e9alit\u00e9 Mon<br \/>\nincroyable fianc\u00e9.<\/strong> Il campait ici un gendre pas si<br \/>\nid\u00e9al, vulgaire, beauf mais aussi diablement attachant. <strong>Pas<br \/>\n\u00e9tonnant, donc, que la premi\u00e8re cha\u00eene lui ai donn\u00e9 sa chance de<br \/>\ntenir le r\u00f4le phare d\u2019un de leurs divertissements.<\/strong><\/p>\n<p>La m\u00eame ann\u00e9e, ou presque, Laurent Ournac entame sa carri\u00e8re<br \/>\nd\u2019acteur dans Camping Paradis. <strong>Il incarne Tom, le<br \/>\nsympathique, disponible et empathique g\u00e9rant d\u2019un camping nomm\u00e9<br \/>\n\u2018Paradis\u2019.<\/strong> Le genre de brave type, sans pr\u00e9tention, voire<br \/>\nh\u00e9ros du quotidien, qui r\u00e9sout tous les probl\u00e8mes de ses clients.<br \/>\nEt on ne vous parle pas seulement de la p\u00e9nurie de papier toilette<br \/>\ndans les sanitaires les lendemains de pa\u00eblla g\u00e9ante et sangria<br \/>\ngratuite.<\/p>\n<p>Camping Paradis : 20 ans avec Laurent Ournac<\/p>\n<p><strong>De fait, Camping Paradis, d\u00e9coulant du succ\u00e8s<br \/>\nde Camping, avec Franck Dubosc, n\u2019est pas seulement un<br \/>\ndivertissement de vacances.<\/strong> Ce n\u2019est pas Les<br \/>\nBronz\u00e9s. Fiction TF1 oblige, le h\u00e9ros, \u00e0 l\u2019instar de<br \/>\n<strong>Jos\u00e9phine<\/strong>, l\u2019ange gardien de la Une, <a href=\"https:\/\/www.melty.fr\/tele\/camping-paradis-cet-acteur-emblematique-est-a-laffiche-du-spin-off-du-feuilleton-sur-tf1-1151606.html\" rel=\"nofollow noopener\" target=\"_blank\"><br \/>\nr\u00e9sout les probl\u00e8mes, parfois tr\u00e8s personnels, du quotidien des<br \/>\ncampeurs<\/a>. Tout en g\u00e9rant les difficult\u00e9s inh\u00e9rentes \u00e0 son cher<br \/>\ncamping.<\/p>\n<p>Des gal\u00e8res que les gens trimballent dans leurs valises, parfois<br \/>\nmalgr\u00e9 eux, souvent en lien avec l\u2019actualit\u00e9 r\u00e9elle. Divorce,<br \/>\nadolescence difficile, peine de coeur, deuil, pauvret\u00e9\u2026 Tom, alias<br \/>\nLaurent Ournac dans Camping Paradis, est l\u2019ange du Paradis<br \/>\nqui vient en aide \u00e0 la veuve et l\u2019orphelin. L\u2019acteur, derri\u00e8re le<br \/>\npersonnage, est plus discret. M\u00eame si, parfois, il se laisse aller<br \/>\n\u00e0 quelques confidences, plus ou moins croustillantes, sur sa vie<br \/>\npriv\u00e9e.<\/p>\n<p>Laurent Ournac \u00e9voque sa vie intime<br \/>\nsans filtre<\/p>\n<p>Laurent Ournac a une relation fusionnelle avec sa femme,<br \/>\nLudivine. C\u2019est la m\u00e8re de ses deux enfants, Capucine, n\u00e9e en 2012,<br \/>\net L\u00e9on, n\u00e9 en 2019. N\u00e9anmoins, les deux parents ne perdent pas de<br \/>\nvue l\u2019essence m\u00eame de leur couple. L\u2019acteur de Camping<br \/>\nParadis organise souvent des petits week-ends, pas en bungalow<br \/>\npour le coup, avec sa ch\u00e8re et tendre. Des moments amoureux,<br \/>\ntendres, loin de l&rsquo;effervescence des plateaux de tournage. \u201cOn<br \/>\nen fait jamais assez !\u201d, lance l\u2019interpr\u00e8te de Tom dans les<br \/>\ncolonnes de Nous Deux en 2023.<\/p>\n<p>\u201cNous essayons de nous retrouver de temps en temps, le plus<br \/>\nr\u00e9guli\u00e8rement possible, souvent lors d\u2019un \u00e9v\u00e9nement, comme les<br \/>\nanniversaires.\u201d <strong>Comme son personnage dans Camping<br \/>\nParadis, Laurent Ournac est attentionn\u00e9 envers sa femme.<\/strong><br \/>\nDans le m\u00eame entretien, celui-ci explique qu\u2019une relation amoureuse<br \/>\nest, \u00e0 juste titre, \u201cun travail au quotidien\u201d. Il<br \/>\nrench\u00e9rit : \u201cCes moments privil\u00e9gi\u00e9s y contribuent mais \u00e7a<br \/>\nreste un luxe qu\u2019on a la chance de s\u2019offrir.\u201d Deux ans<br \/>\nauparavant, en 2021, d\u00e9j\u00e0 dans Nous Deux, Laurent Ournac \u00e9voquait<br \/>\nsans filtre sa vie priv\u00e9e avec Ludivine : \u201cNous sommes tr\u00e8s<br \/>\nport\u00e9s sur les petites attentions\u201d. <strong>De petites<br \/>\nattentions qui font une grande histoire d\u2019amour.<\/strong><\/p>\n","protected":false},"excerpt":{"rendered":"\u00c0 l&rsquo;instar de Mimie Maty dans\u00a0Jos\u00e9phine, ange gardien, Laurent Ournac fait figure de v\u00e9ritable vitrine pour TF1. Preuve&hellip;\n","protected":false},"author":2,"featured_media":1122252,"comment_status":"","ping_status":"","sticky":false,"template":"","format":"standard","meta":{"footnotes":"","_share_on_mastodon":"0"},"categories":[1359],"tags":[21303,26018,58,59,1011,27,15708,973,6055,65861],"class_list":["post-1122251","post","type-post","status-publish","format-standard","has-post-thumbnail","category-people","tag-buzz_nonli","tag-camping-paradis","tag-divertissement","tag-entertainment","tag-fr","tag-france","tag-laurent-ournac","tag-people","tag-republishing","tag-trend"],"share_on_mastodon":{"url":"https:\/\/pubeurope.com\/@fr\/117082171981033354","error":""},"_links":{"self":[{"href":"https:\/\/www.europesays.com\/fr\/wp-json\/wp\/v2\/posts\/1122251","targetHints":{"allow":["GET"]}}],"collection":[{"href":"https:\/\/www.europesays.com\/fr\/wp-json\/wp\/v2\/posts"}],"about":[{"href":"https:\/\/www.europesays.com\/fr\/wp-json\/wp\/v2\/types\/post"}],"author":[{"embeddable":true,"href":"https:\/\/www.europesays.com\/fr\/wp-json\/wp\/v2\/users\/2"}],"replies":[{"embeddable":true,"href":"https:\/\/www.europesays.com\/fr\/wp-json\/wp\/v2\/comments?post=1122251"}],"version-history":[{"count":0,"href":"https:\/\/www.europesays.com\/fr\/wp-json\/wp\/v2\/posts\/1122251\/revisions"}],"wp:featuredmedia":[{"embeddable":true,"href":"https:\/\/www.europesays.com\/fr\/wp-json\/wp\/v2\/media\/1122252"}],"wp:attachment":[{"href":"https:\/\/www.europesays.com\/fr\/wp-json\/wp\/v2\/media?parent=1122251"}],"wp:term":[{"taxonomy":"category","embeddable":true,"href":"https:\/\/www.europesays.com\/fr\/wp-json\/wp\/v2\/categories?post=1122251"},{"taxonomy":"post_tag","embeddable":true,"href":"https:\/\/www.europesays.com\/fr\/wp-json\/wp\/v2\/tags?post=1122251"}],"curies":[{"name":"wp","href":"https:\/\/api.w.org\/{rel}","templated":true}]}}