{"id":112227,"date":"2025-05-19T16:52:10","date_gmt":"2025-05-19T16:52:10","guid":{"rendered":"https:\/\/www.europesays.com\/fr\/112227\/"},"modified":"2025-05-19T16:52:10","modified_gmt":"2025-05-19T16:52:10","slug":"sigarmy-merci-sig-strasbourg","status":"publish","type":"post","link":"https:\/\/www.europesays.com\/fr\/112227\/","title":{"rendered":"SIGArmy, merci. | SIG Strasbourg"},"content":{"rendered":"<p class=\"chapo text-align-justify\">Actionnaires, partenaires, collectivit\u00e9s, abonn\u00e9s, b\u00e9n\u00e9voles, supporters de la SIG Strasbourg, nous tenons \u00e0 vous remercier. Sinc\u00e8rement. Chaleureusement. Profond\u00e9ment. Tout au long de cette saison, vous n&rsquo;avez cess\u00e9 de supporter votre \u00e9quipe. Depuis les tribunes, aux abords du terrain, dans les coulisses ou parfois simplement \u00e0 distance, vous avez toujours \u00e9t\u00e9 pr\u00e9sent pour soutenir votre club.<\/p>\n<p>Avec plus de 5 888 spectateurs de moyenne tout au long de la saison, vous avez \u00e9t\u00e9 des milliers \u00e0 faire vivre le Rhenus. Huit matches ont d\u00e9pass\u00e9 les 6 000 supporters, et le Rhenus a m\u00eame affich\u00e9 complet huit fois d\u2019affil\u00e9e. Un chiffre qui aurait sembl\u00e9 ambitieux sur le papier, et qui est devenu une r\u00e9alit\u00e9 gr\u00e2ce \u00e0 vous.<br \/>\nCette saison, vous avez \u00e9t\u00e9 les t\u00e9moins d\u2019une aventure humaine. Vous avez vu \u00e9voluer une \u00e9quipe en construction, port\u00e9e par de nouveaux visages, un nouveau capitaine, un nouveau projet. Vous avez soutenu les efforts, les combats, les belles victoires comme les soirs plus compliqu\u00e9s. Mais vous avez surtout \u00e9t\u00e9 au c\u0153ur de tout ce qui fait de la SIG Strasbourg bien plus qu\u2019un club de basket.<br \/>\nParce qu\u2019un club, ce ne sont pas seulement des r\u00e9sultats. C\u2019est une histoire.<br \/>C\u2019est une salle qui devient un lieu de vie.<br \/>Ce sont des visages familiers dans les tribunes.<br \/>Des applaudissements, des sourires, des moments de silence, des sursauts d\u2019\u00e9motion.<br \/>C\u2019est tout ce que vous nous avez offert, semaine apr\u00e8s semaine.<br \/>\nAujourd\u2019hui, alors que la saison s\u2019ach\u00e8ve, nous voulons vous dire merci.<br \/>\nMerci de nous avoir accompagn\u00e9.<br \/>Merci de nous avoir fait confiance.<br \/>Merci d\u2019avoir r\u00e9pondu pr\u00e9sent.<br \/>\u00a0<br \/>\nTant que vous serez l\u00e0, tout est possible. L\u2019histoire continue. Et elle s\u2019\u00e9crira, comme toujours, avec vous.<br \/>\nMERCI LA SIGARMY !<\/p>\n","protected":false},"excerpt":{"rendered":"Actionnaires, partenaires, collectivit\u00e9s, abonn\u00e9s, b\u00e9n\u00e9voles, supporters de la SIG Strasbourg, nous tenons \u00e0 vous remercier. Sinc\u00e8rement. Chaleureusement. Profond\u00e9ment.&hellip;\n","protected":false},"author":2,"featured_media":112228,"comment_status":"","ping_status":"","sticky":false,"template":"","format":"standard","meta":{"footnotes":""},"categories":[2820],"tags":[1111,11,3146,1777,674,1011,27,775,3145,12,25,3144,640],"class_list":{"0":"post-112227","1":"post","2":"type-post","3":"status-publish","4":"format-standard","5":"has-post-thumbnail","7":"category-strasbourg","8":"tag-actu","9":"tag-actualites","10":"tag-betclic-elite","11":"tag-eu","12":"tag-europe","13":"tag-fr","14":"tag-france","15":"tag-grand-est","16":"tag-lnb","17":"tag-news","18":"tag-republique-francaise","19":"tag-sig","20":"tag-strasbourg"},"share_on_mastodon":{"url":"https:\/\/pubeurope.com\/@fr\/114535539889305587","error":""},"_links":{"self":[{"href":"https:\/\/www.europesays.com\/fr\/wp-json\/wp\/v2\/posts\/112227","targetHints":{"allow":["GET"]}}],"collection":[{"href":"https:\/\/www.europesays.com\/fr\/wp-json\/wp\/v2\/posts"}],"about":[{"href":"https:\/\/www.europesays.com\/fr\/wp-json\/wp\/v2\/types\/post"}],"author":[{"embeddable":true,"href":"https:\/\/www.europesays.com\/fr\/wp-json\/wp\/v2\/users\/2"}],"replies":[{"embeddable":true,"href":"https:\/\/www.europesays.com\/fr\/wp-json\/wp\/v2\/comments?post=112227"}],"version-history":[{"count":0,"href":"https:\/\/www.europesays.com\/fr\/wp-json\/wp\/v2\/posts\/112227\/revisions"}],"wp:featuredmedia":[{"embeddable":true,"href":"https:\/\/www.europesays.com\/fr\/wp-json\/wp\/v2\/media\/112228"}],"wp:attachment":[{"href":"https:\/\/www.europesays.com\/fr\/wp-json\/wp\/v2\/media?parent=112227"}],"wp:term":[{"taxonomy":"category","embeddable":true,"href":"https:\/\/www.europesays.com\/fr\/wp-json\/wp\/v2\/categories?post=112227"},{"taxonomy":"post_tag","embeddable":true,"href":"https:\/\/www.europesays.com\/fr\/wp-json\/wp\/v2\/tags?post=112227"}],"curies":[{"name":"wp","href":"https:\/\/api.w.org\/{rel}","templated":true}]}}