{"id":1122281,"date":"2026-08-12T11:14:12","date_gmt":"2026-08-12T11:14:12","guid":{"rendered":"https:\/\/www.europesays.com\/fr\/1122281\/"},"modified":"2026-08-12T11:14:12","modified_gmt":"2026-08-12T11:14:12","slug":"eclipse-solaire-dans-le-var-ou-lobserver-et-quelles-communes-auront-le-meilleur-ciel-ce-mercredi-12-aout","status":"publish","type":"post","link":"https:\/\/www.europesays.com\/fr\/1122281\/","title":{"rendered":"\u00c9clipse solaire dans le Var : o\u00f9 l\u2019observer et quelles communes auront le meilleur ciel ce mercredi 12 ao\u00fbt\u00a0?"},"content":{"rendered":"<p>                    Par<br \/>\n        <strong><br \/>\n            <a href=\"https:\/\/actu.fr\/auteur\/paul-deroo\" title=\"Consulter tous les articles de Paul De Roo\" rel=\"nofollow noopener\" target=\"_blank\">Paul De Roo<\/a><br \/>\n                    <\/strong><\/p>\n<p>        Publi\u00e9 le<\/p>\n<p>            12 ao\u00fbt 2026 \u00e0 12h07        <\/p>\n<p>Ce mercredi 12 ao\u00fbt, la Lune passera<strong> devant le Soleil<\/strong> et provoquera une<strong> \u00e9clipse solaire<\/strong> observable <a href=\"https:\/\/actu.fr\/toulon\/\" rel=\"nofollow noopener\" target=\"_blank\">depuis le Var.<\/a><\/p>\n<p class=\" wall-content\">Le ph\u00e9nom\u00e8ne doit se d\u00e9rouler<strong> entre 19h30 et 21h15.<\/strong> Mais dans le d\u00e9partement, les conditions d\u2019observation s\u2019annoncent particuli\u00e8rement <strong>d\u00e9licates<\/strong>. Le Soleil sera en effet<strong> tr\u00e8s bas sur l\u2019horizon<\/strong> et dispara\u00eetra avant m\u00eame la fin de l\u2019\u00e9clipse.<\/p>\n<p>O\u00f9 observer l\u2019\u00e9clipse solaire dans le Var ?<\/p>\n<p class=\" wall-content\">Plusieurs clubs d\u2019astronomie <strong>varois<\/strong> ont pr\u00e9vu de quitter leurs observatoires habituels pour offrir au public des points d\u2019observation avec <strong>un horizon suffisamment d\u00e9gag\u00e9.<\/strong><\/p>\n<p class=\" wall-content\">\u00c0 <strong>Six-Fours-les-Plages<\/strong>, le club Vega \u2013 Observatoire astronomique du Gros Cerveau donne rendez-vous au public sur la plage des Charmettes d\u00e8s 16h30. Cette installation permettra notamment de b\u00e9n\u00e9ficier d\u2019un horizon d\u00e9gag\u00e9 vers l\u2019ouest.<\/p>\n<p class=\" wall-content\">La soir\u00e9e sera \u00e9galement l\u2019occasion pour les passionn\u00e9s de pr\u00e9senter le ph\u00e9nom\u00e8ne aux visiteurs avant son d\u00e9but. Avec le soutien financier de la Ville de Six-Fours, le club pr\u00e9voit par ailleurs de distribuer <strong>2 000 lunettes sp\u00e9ciales<\/strong> pour observer l\u2019\u00e9clipse.<\/p>\n<p class=\" wall-content\">Dans le Centre-Var, le club Cassiop\u00e9e a lui aussi pr\u00e9vu de se d\u00e9placer. L\u2019observatoire de Rocbaron ne permettant pas de disposer d\u2019un horizon <strong>suffisamment d\u00e9gag\u00e9<\/strong>, une soir\u00e9e publique et gratuite sera organis\u00e9e \u00e0 Rians au niveau du grand champ de l\u2019Esplanade, au-dessus du supermarch\u00e9 Carrefour, \u00e0 partir de 18h30 heures.<\/p>\n<p class=\" wall-content\">Le club sera accompagn\u00e9 des clubs de Flassans et de Varages, ainsi que de l\u2019association Astronomie en Provence.<\/p>\n<p>Une m\u00e9t\u00e9o qui pourrait g\u00e2cher le spectacle<\/p>\n<p class=\" wall-content\">Le choix du lieu sera d\u2019autant plus important que la m\u00e9t\u00e9o pourrait<strong> jouer les trouble-f\u00eate.<\/strong> Si le ciel est largement d\u00e9gag\u00e9 ce mercredi matin dans le Var, la situation devrait toutefois se d\u00e9grader au fil de la journ\u00e9e avec des passages <strong>pluvieux<\/strong> et parfois <strong>orageux<\/strong> dans une grande partie du d\u00e9partement.<\/p>\n<p class=\" wall-content\"><strong>L\u2019arri\u00e8re-pays<\/strong> pourrait \u00eatre particuli\u00e8rement concern\u00e9, de Trigance \u00e0 Signes et de Rians \u00e0 Collobri\u00e8res.<\/p>\n<p class=\" wall-content\">Le littoral devrait davantage<strong> \u00e9chapper aux perturbations<\/strong>, m\u00eame si quelques nuages sont attendus entre Fr\u00e9jus et Toulon. Saint-Cyr-sur-Mer appara\u00eet comme l\u2019un des secteurs les plus <strong>favorables<\/strong>, avec un ciel annonc\u00e9 clair jusqu\u2019au d\u00e9but de soir\u00e9e.<\/p>\n<p class=\" wall-content\">\u00c0 l\u2019heure de l\u2019\u00e9clipse, le ciel devrait progressivement se d\u00e9gager dans une grande partie de <strong>l\u2019ouest du Var.<\/strong> Des nuages pourraient toutefois persister entre Salernes, Rayol-Canadel-sur-Mer, Fr\u00e9jus et Seillans.<\/p>\n<p class=\" wall-content\">Les temp\u00e9ratures resteront \u00e9lev\u00e9es, avec encore<strong> 26 \u00e0 30 \u00b0C<\/strong> en d\u00e9but de soir\u00e9e dans la majorit\u00e9 du d\u00e9partement.<\/p>\n<p>Des lunettes sp\u00e9ciales indispensables<\/p>\n<p class=\" wall-content\">Observer une \u00e9clipse solaire \u00e0 l\u2019\u0153il nu pr\u00e9sente<strong> un risque important pour la vue<\/strong>. L\u2019Agence r\u00e9gionale de sant\u00e9 recommande l\u2019utilisation de lunettes sp\u00e9cialement con\u00e7ues pour l\u2019observation des \u00e9clipses et r\u00e9pondant \u00e0 la norme ISO 12312-2.<\/p>\n<p class=\" wall-content\">\u00ab\u00a0M\u00eame lorsque le soleil est partiellement occult\u00e9 par la lune, le rayonnement solaire reste <strong>dangereux pour les yeux<\/strong>\u00ab\u00a0, rappelle l\u2019ARS dans un communiqu\u00e9.<\/p>\n<p class=\" wall-content\">\u00c0 Toulon, les lunettes sp\u00e9ciales sont d\u00e9j\u00e0 <strong>difficiles \u00e0 trouver<\/strong>. Plusieurs commerces ont \u00e9t\u00e9 rapidement en rupture de stock ou ont d\u00fb <strong>commander de nouvelles paires.<\/strong><\/p>\n<p>Dans le Verdon, plusieurs spots identifi\u00e9s<\/p>\n<p class=\" wall-content\">Dans le Verdon, plusieurs sites ont \u00e9t\u00e9 identifi\u00e9s comme int\u00e9ressants pour profiter d\u2019un <strong>horizon d\u00e9gag\u00e9<\/strong> : Baudinard-sur-Verdon, Aiguines, le mont Lachens, Les Salles-sur-Verdon, Bauduen, Aups, R\u00e9gusse ou encore Tourtour.<\/p>\n<p class=\" wall-content\">Dans tous les cas, l\u2019objectif sera le m\u00eame : trouver un point offrant <strong>une vue d\u00e9gag\u00e9e<\/strong> vers l\u2019ouest au moment o\u00f9 le ph\u00e9nom\u00e8ne d\u00e9butera.<\/p>\n<p class=\" wall-content\">Personnalisez votre actualit\u00e9 en ajoutant vos villes et m\u00e9dias en favori avec <a href=\"https:\/\/moncompte.actu.fr\" title=\"D\u00e9couvez Mon Actu\" rel=\"nofollow noopener\" data-trk=\"{&quot;cta&quot;:{&quot;action&quot;:&quot;https:\\\/\\\/moncompte.actu.fr&quot;,&quot;category&quot;:&quot;mon compte&quot;,&quot;from&quot;:&quot;article footer&quot;,&quot;name&quot;:&quot;Mon actu&quot;,&quot;type&quot;:&quot;cta&quot;}}\" target=\"_blank\">Mon Actu<\/a>.<\/p>\n","protected":false},"excerpt":{"rendered":"Par Paul De Roo Publi\u00e9 le 12 ao\u00fbt 2026 \u00e0 12h07 Ce mercredi 12 ao\u00fbt, la Lune passera&hellip;\n","protected":false},"author":2,"featured_media":1122282,"comment_status":"","ping_status":"","sticky":false,"template":"","format":"standard","meta":{"footnotes":"","_share_on_mastodon":"0"},"categories":[9619],"tags":[1111,11,48,1777,674,3696,1011,27,12,882,25,2310],"class_list":["post-1122281","post","type-post","status-publish","format-standard","has-post-thumbnail","category-toulon","tag-actu","tag-actualites","tag-astronomie","tag-eu","tag-europe","tag-evenements","tag-fr","tag-france","tag-news","tag-provence-alpes-cote-dazur","tag-republique-francaise","tag-toulon"],"share_on_mastodon":{"url":"https:\/\/pubeurope.com\/@fr\/117082250828085531","error":""},"_links":{"self":[{"href":"https:\/\/www.europesays.com\/fr\/wp-json\/wp\/v2\/posts\/1122281","targetHints":{"allow":["GET"]}}],"collection":[{"href":"https:\/\/www.europesays.com\/fr\/wp-json\/wp\/v2\/posts"}],"about":[{"href":"https:\/\/www.europesays.com\/fr\/wp-json\/wp\/v2\/types\/post"}],"author":[{"embeddable":true,"href":"https:\/\/www.europesays.com\/fr\/wp-json\/wp\/v2\/users\/2"}],"replies":[{"embeddable":true,"href":"https:\/\/www.europesays.com\/fr\/wp-json\/wp\/v2\/comments?post=1122281"}],"version-history":[{"count":0,"href":"https:\/\/www.europesays.com\/fr\/wp-json\/wp\/v2\/posts\/1122281\/revisions"}],"wp:featuredmedia":[{"embeddable":true,"href":"https:\/\/www.europesays.com\/fr\/wp-json\/wp\/v2\/media\/1122282"}],"wp:attachment":[{"href":"https:\/\/www.europesays.com\/fr\/wp-json\/wp\/v2\/media?parent=1122281"}],"wp:term":[{"taxonomy":"category","embeddable":true,"href":"https:\/\/www.europesays.com\/fr\/wp-json\/wp\/v2\/categories?post=1122281"},{"taxonomy":"post_tag","embeddable":true,"href":"https:\/\/www.europesays.com\/fr\/wp-json\/wp\/v2\/tags?post=1122281"}],"curies":[{"name":"wp","href":"https:\/\/api.w.org\/{rel}","templated":true}]}}