{"id":112231,"date":"2025-05-19T16:54:08","date_gmt":"2025-05-19T16:54:08","guid":{"rendered":"https:\/\/www.europesays.com\/fr\/112231\/"},"modified":"2025-05-19T16:54:08","modified_gmt":"2025-05-19T16:54:08","slug":"il-sappelait-christophe-on-vous-raconte-qui-etait-le-sdf-retrouve-mort-sous-le-pont-de-la-gare-a-nice","status":"publish","type":"post","link":"https:\/\/www.europesays.com\/fr\/112231\/","title":{"rendered":"Il s&rsquo;appelait Christophe: on vous raconte qui \u00e9tait le SDF retrouv\u00e9 mort sous le pont de la gare \u00e0 Nice"},"content":{"rendered":"<p>Il s\u2019appelait Christophe et la rue l\u2019a tu\u00e9.<\/p>\n<p>Lundi 19 mai, le grand gaillard n\u2019a plus trouv\u00e9 la force de se r\u00e9veiller, d\u2019affronter la mis\u00e8re, un jour de plus, un jour de trop. Au petit matin, <a href=\"https:\/\/www.nicematin.com\/faits-divers\/un-homme-retrouve-mort-sous-le-pont-de-la-gare-sncf-de-nice-986412\" rel=\"nofollow noopener\" target=\"_blank\">la police municipale l\u2019a donc d\u00e9couvert, sous le pont de la gare Thiers \u00e0 Nice<\/a>, comme endormi d\u2019un sommeil de plomb, sans r\u00eave, \u00e9croul\u00e9 sur son fauteuil roulant. Sa grosse barbe et son rire bonhomme lui donnaient des faux airs de p\u00e8re No\u00ebl. Le voil\u00e0 d\u00e9sormais recouvert d\u2019une grande b\u00e2che blanche, silhouette informe, anonyme.<\/p>\n<p>Il aura fallu qu\u2019il meurt pour attirer sur lui le regard de tous ces passants qui, depuis l\u2019arr\u00eat de tramway, tendent le cou par grappes enti\u00e8res. Certains osent m\u00eame faire une photo.<\/p>\n<p>Qu\u2019ils aient simplement conscience que Christophe avait 59 ans, encore plein d\u2019ann\u00e9es \u00e0 vivre. Mais que huit mois \u00e0 la rue ont suffi \u00e0 l\u2019en priver.<\/p>\n<p>\u00ab\u00a0Il ne m\u00e9ritait pas. Personne m\u00e9rite \u00e7a. Mais lui, encore moins. C\u2019\u00e9tait un grand ours avec un gros c\u0153ur sur la main\u00a0\u00bb, confie Manon, \u00e0 fleur de mots. La b\u00e9n\u00e9vole de la Croix-Rouge a rencontr\u00e9 Christophe \u00e0 la Halte de nuit, au port de Nice. Originaire de Mons, il venait d\u2019arriver de Belgique. Il en avait gard\u00e9 l\u2019accent et les yeux clairs, intenses. \u00ab\u00a0De son pass\u00e9, il ne disait pas grand-chose.\u00a0\u00bb Il \u00e9tait chauffeur routier, par amour de la route, synonyme de libert\u00e9, surtout quand il vadrouillait au guidon de sa grosse cylindr\u00e9e. Parce que oui, Christophe \u00e9tait motard. Et quel motard!<\/p>\n<p>Un motard toujours pr\u00eat \u00e0 filer un coup de main<\/p>\n<p>Tous ceux qui l\u2019ont connu parleront de ses \u00e9normes bagouzes greff\u00e9es aux doigts. Et surtout de son embl\u00e9matique jacket en cuir, bard\u00e9e de patchs. Impossible de lui faire enlever. Ni le cagnard, ni la gr\u00eale. Et certainement pas la rue. C\u2019\u00e9tait sa fiert\u00e9. Sa dignit\u00e9. \u00ab\u00a0Ca me rappelle ma bande d\u2019anciens copains\u00a0\u00bb, avait-il livr\u00e9, un soir de maraude, taciturne et pudique.<\/p>\n<p>Sous ces airs de vieux loubard, il avait conserv\u00e9 l\u2019esprit de camaraderie des clubs de motards. Toujours pr\u00eat \u00e0 filer un coup de main. Par loyaut\u00e9. \u00ab\u00a0Il surveillait les cagettes d\u2019invendus avant qu\u2019on les charge dans le camion\u00a0\u00bb, se souvient Marie-Jo. Celle qui travaille au Secours Populaire a le c\u0153ur et les dents serr\u00e9s: \u00ab\u00a0Il faisait un peu le service d\u2019ordre lors des distributions alimentaires. \u00c7a nous aidait bien. Mais c\u2019est peut-\u00eatre l\u00e0 qu\u2019il s\u2019est fait des ennemis.\u00a0\u00bb<\/p>\n<p>\u00ab\u00a0Il s\u2019est fait tabasser. Il \u00e9tait m\u00e9connaissable\u00a0\u00bb<\/p>\n<p>Parce que des ennemis, Christophe en avait. \u00ab\u00a0Et c\u2019est peut-\u00eatre \u00e7a qui lui a co\u00fbt\u00e9 la vie\u00a0\u00bb, avance un travailleur social qui pr\u00e9f\u00e8re rester anonyme. \u00ab\u00a0D\u00e9but mai, on l\u2019a retrouv\u00e9 dans un sale \u00e9tat. Il s\u2019\u00e9tait fait tabasser par des gars, \u00e0 la t\u00eate et aux hanches. Apr\u00e8s \u00e7a, il est parti \u00e0 l\u2019h\u00f4pital. Faute de places, ils ne l\u2019ont pas gard\u00e9 longtemps. Alors il a de nouveau atterri sous le pont, dans un fauteuil. D\u00e9truit physiquement et psychologiquement. Il \u00e9tait m\u00e9connaissable.\u00a0\u00bb<\/p>\n<p>Puisant dans ses derni\u00e8res ressources, il a appel\u00e9 \u00e0 l\u2019aide. \u00ab\u00a0Mais il n\u2019y a pas d\u2019h\u00e9bergements d\u2019urgence. Tout est satur\u00e9\u00a0\u00bb, grince Marie-Jo. \u00ab\u00a0Sauf qu\u2019en le laissant dehors, la soci\u00e9t\u00e9 l\u2019a condamn\u00e9. Parce que dans la rue, c\u2019est la loi de la jungle.\u00a0\u00bb<\/p>\n<p>Sans que les causes du d\u00e9c\u00e8s ne soient encore connues \u2013 une enqu\u00eate a \u00e9t\u00e9 ouverte \u2013, un acteur du monde social esp\u00e8re que la \u00ab\u00a0mort de Christophe ne restera pas impunie. Tout le monde a le droit \u00e0 la justice.\u00a0\u00bb \u00c0 d\u00e9faut d\u2019avoir eu une mort juste.<\/p>\n","protected":false},"excerpt":{"rendered":"Il s\u2019appelait Christophe et la rue l\u2019a tu\u00e9. Lundi 19 mai, le grand gaillard n\u2019a plus trouv\u00e9 la&hellip;\n","protected":false},"author":2,"featured_media":112232,"comment_status":"","ping_status":"","sticky":false,"template":"","format":"standard","meta":{"footnotes":""},"categories":[2819],"tags":[1111,11,1777,674,1011,27,12,2401,882,25,801],"class_list":{"0":"post-112231","1":"post","2":"type-post","3":"status-publish","4":"format-standard","5":"has-post-thumbnail","7":"category-nice","8":"tag-actu","9":"tag-actualites","10":"tag-eu","11":"tag-europe","12":"tag-fr","13":"tag-france","14":"tag-news","15":"tag-nice","16":"tag-provence-alpes-cote-dazur","17":"tag-republique-francaise","18":"tag-social"},"share_on_mastodon":{"url":"https:\/\/pubeurope.com\/@fr\/114535547782276754","error":""},"_links":{"self":[{"href":"https:\/\/www.europesays.com\/fr\/wp-json\/wp\/v2\/posts\/112231","targetHints":{"allow":["GET"]}}],"collection":[{"href":"https:\/\/www.europesays.com\/fr\/wp-json\/wp\/v2\/posts"}],"about":[{"href":"https:\/\/www.europesays.com\/fr\/wp-json\/wp\/v2\/types\/post"}],"author":[{"embeddable":true,"href":"https:\/\/www.europesays.com\/fr\/wp-json\/wp\/v2\/users\/2"}],"replies":[{"embeddable":true,"href":"https:\/\/www.europesays.com\/fr\/wp-json\/wp\/v2\/comments?post=112231"}],"version-history":[{"count":0,"href":"https:\/\/www.europesays.com\/fr\/wp-json\/wp\/v2\/posts\/112231\/revisions"}],"wp:featuredmedia":[{"embeddable":true,"href":"https:\/\/www.europesays.com\/fr\/wp-json\/wp\/v2\/media\/112232"}],"wp:attachment":[{"href":"https:\/\/www.europesays.com\/fr\/wp-json\/wp\/v2\/media?parent=112231"}],"wp:term":[{"taxonomy":"category","embeddable":true,"href":"https:\/\/www.europesays.com\/fr\/wp-json\/wp\/v2\/categories?post=112231"},{"taxonomy":"post_tag","embeddable":true,"href":"https:\/\/www.europesays.com\/fr\/wp-json\/wp\/v2\/tags?post=112231"}],"curies":[{"name":"wp","href":"https:\/\/api.w.org\/{rel}","templated":true}]}}