{"id":112254,"date":"2025-05-19T17:06:13","date_gmt":"2025-05-19T17:06:13","guid":{"rendered":"https:\/\/www.europesays.com\/fr\/112254\/"},"modified":"2025-05-19T17:06:13","modified_gmt":"2025-05-19T17:06:13","slug":"lyon-la-police-decouvre-un-celebre-produit-interdit-en-france-dans-un-commerce","status":"publish","type":"post","link":"https:\/\/www.europesays.com\/fr\/112254\/","title":{"rendered":"Lyon. La police d\u00e9couvre un c\u00e9l\u00e8bre produit interdit en France dans un commerce"},"content":{"rendered":"<p>            Par<br \/>\n        <strong><br \/>\n            <a href=\"https:\/\/actu.fr\/auteur\/anthony-soudani\" title=\"Consulter tous les articles de Anthony Soudani\" rel=\"nofollow noopener\" target=\"_blank\">Anthony Soudani<\/a><br \/>\n        <\/strong><\/p>\n<p>        Publi\u00e9 le<\/p>\n<p>            19 mai 2025 \u00e0 18h59        <\/p>\n<p>Les policiers du Rh\u00f4ne ont men\u00e9 une op\u00e9ration sur le quartier de la <a href=\"https:\/\/actu.fr\/auvergne-rhone-alpes\/lyon_69123\/lyon-operation-de-police-xxl-a-la-guillotiere-plusieurs-delinquants-tombent_62610797.html\" rel=\"nofollow noopener\" target=\"_blank\">Guilloti\u00e8re<\/a>, vendredi 16 mai, \u00e0 <a href=\"https:\/\/actu.fr\/auvergne-rhone-alpes\/lyon_69123\" rel=\"nofollow noopener\" target=\"_blank\">Lyon<\/a>. Trois individus en situation irr\u00e9guli\u00e8re ont \u00e9t\u00e9 interpell\u00e9s et surtout <strong>183 pots de p\u00e2te \u00e0 tartiner interdite<\/strong> \u00e0 la consommation en France ont \u00e9t\u00e9 saisis.<\/p>\n<p>Le commerce de la Guilloti\u00e8re \u00e9cope d\u2019une amende douani\u00e8re<\/p>\n<p class=\" wall-content\">Alors que nous r\u00e9v\u00e9lions en exclusivit\u00e9 r\u00e9cemment que les douaniers ont mis la main sur <a href=\"https:\/\/actu.fr\/provence-alpes-cote-d-azur\/marseille_13055\/info-actu-marseille-saisie-record-de-produits-interdits-d-algerie-decouverts-dans-ce-conteneur_62630651.html\" rel=\"nofollow noopener\" target=\"_blank\">un conteneur avec 10 tonnes de pots de p\u00e2te \u00e0 tartiner El Mordjene<\/a>, interdite en France et dans l\u2019Union europ\u00e9enne, \u00e0 Marseille, un commerce en vendait \u00e0 la Guilloti\u00e8re.<\/p>\n<p class=\" wall-content\">Ce produit alg\u00e9rien, devenu viral sur les r\u00e9seaux sociaux, a \u00e9t\u00e9 imm\u00e9diatement confisqu\u00e9. Le commer\u00e7ant a \u00e9cop\u00e9 d\u2019une amende douani\u00e8re qui peut aller de 300 \u00e0 3 000 euros.<\/p>\n<p class=\" wall-content\">\n<p>Une femme interpell\u00e9e pour \u00ab\u00a0agression sonore\u00a0\u00bb<\/p>\n<p class=\" wall-content\">Cette op\u00e9ration a \u00e9galement donn\u00e9 lieu \u00e0 l\u2019interpellation d\u2019un vendeur de stup\u00e9fiants \u00e0 la Guilloti\u00e8re. Neuf amendes forfaitaires d\u00e9lictuelles pour d\u00e9tention de stup\u00e9fiants ont \u00e9t\u00e9 distribu\u00e9es et deux transactions douani\u00e8res pour 13 paquets de cigarettes ont \u00e9t\u00e9 stopp\u00e9es.<\/p>\n<p class=\" wall-content\">Au total, 44 policiers ont \u00e9t\u00e9 mobilis\u00e9s. Ces derniers ont par ailleurs <strong>interpell\u00e9 une femme <\/strong><a href=\"https:\/\/actu.fr\/auvergne-rhone-alpes\/lyon_69123\/les-habitants-de-cette-place-vivent-toujours-un-cauchemar-a-lyon-on-ne-sort-plus_59660092.html\" rel=\"nofollow noopener\" target=\"_blank\">place Mazagran<\/a> pour \u00ab\u00a0agression sonore\u00a0\u00bb. Plac\u00e9e en garde \u00e0 vue, elle est poursuivie par la justice. \u00ab\u00a0Son enceinte, branch\u00e9e dans un bar de la place, a \u00e9t\u00e9 saisie et d\u00e9truite\u00a0\u00bb, pr\u00e9cisent les services de police.<\/p>\n<p>Vid\u00e9os : en ce moment sur Actu<\/p>\n<p class=\" wall-content\">Suivez toute l\u2019actualit\u00e9 de vos villes et m\u00e9dias favoris en vous inscrivant \u00e0 <a href=\"https:\/\/moncompte.actu.fr\" title=\"D\u00e9couvez Mon Actu\" rel=\"nofollow noopener\" data-trk=\"{&quot;cta&quot;:{&quot;action&quot;:&quot;https:\\\/\\\/moncompte.actu.fr&quot;,&quot;category&quot;:&quot;mon compte&quot;,&quot;from&quot;:&quot;article footer&quot;,&quot;name&quot;:&quot;Mon actu&quot;,&quot;type&quot;:&quot;cta&quot;}}\" target=\"_blank\">Mon Actu<\/a>.<\/p>\n","protected":false},"excerpt":{"rendered":"Par Anthony Soudani Publi\u00e9 le 19 mai 2025 \u00e0 18h59 Les policiers du Rh\u00f4ne ont men\u00e9 une op\u00e9ration&hellip;\n","protected":false},"author":2,"featured_media":112255,"comment_status":"","ping_status":"","sticky":false,"template":"","format":"standard","meta":{"footnotes":""},"categories":[1889],"tags":[1111,11,2430,1777,674,118,1011,27,23173,2428,12,1072,25],"class_list":{"0":"post-112254","1":"post","2":"type-post","3":"status-publish","4":"format-standard","5":"has-post-thumbnail","7":"category-lyon","8":"tag-actu","9":"tag-actualites","10":"tag-auvergne-rhone-alpes","11":"tag-eu","12":"tag-europe","13":"tag-faits-divers","14":"tag-fr","15":"tag-france","16":"tag-guillotiere","17":"tag-lyon","18":"tag-news","19":"tag-police","20":"tag-republique-francaise"},"share_on_mastodon":{"url":"https:\/\/pubeurope.com\/@fr\/114535595004633159","error":""},"_links":{"self":[{"href":"https:\/\/www.europesays.com\/fr\/wp-json\/wp\/v2\/posts\/112254","targetHints":{"allow":["GET"]}}],"collection":[{"href":"https:\/\/www.europesays.com\/fr\/wp-json\/wp\/v2\/posts"}],"about":[{"href":"https:\/\/www.europesays.com\/fr\/wp-json\/wp\/v2\/types\/post"}],"author":[{"embeddable":true,"href":"https:\/\/www.europesays.com\/fr\/wp-json\/wp\/v2\/users\/2"}],"replies":[{"embeddable":true,"href":"https:\/\/www.europesays.com\/fr\/wp-json\/wp\/v2\/comments?post=112254"}],"version-history":[{"count":0,"href":"https:\/\/www.europesays.com\/fr\/wp-json\/wp\/v2\/posts\/112254\/revisions"}],"wp:featuredmedia":[{"embeddable":true,"href":"https:\/\/www.europesays.com\/fr\/wp-json\/wp\/v2\/media\/112255"}],"wp:attachment":[{"href":"https:\/\/www.europesays.com\/fr\/wp-json\/wp\/v2\/media?parent=112254"}],"wp:term":[{"taxonomy":"category","embeddable":true,"href":"https:\/\/www.europesays.com\/fr\/wp-json\/wp\/v2\/categories?post=112254"},{"taxonomy":"post_tag","embeddable":true,"href":"https:\/\/www.europesays.com\/fr\/wp-json\/wp\/v2\/tags?post=112254"}],"curies":[{"name":"wp","href":"https:\/\/api.w.org\/{rel}","templated":true}]}}