{"id":112275,"date":"2025-05-19T17:17:08","date_gmt":"2025-05-19T17:17:08","guid":{"rendered":"https:\/\/www.europesays.com\/fr\/112275\/"},"modified":"2025-05-19T17:17:08","modified_gmt":"2025-05-19T17:17:08","slug":"a-brest-la-maison-de-lallemagne-fait-le-lien-entre-collegiens-et-ecoliers","status":"publish","type":"post","link":"https:\/\/www.europesays.com\/fr\/112275\/","title":{"rendered":"\u00c0 Brest, la Maison de l\u2019Allemagne fait le lien entre coll\u00e9giens et \u00e9coliers"},"content":{"rendered":"<p>En Allemagne, les enfants commencent l\u2019\u00e9cole \u00e0 l\u2019\u00e2ge de 6 ans. \u00c0 cette occasion, ils re\u00e7oivent des cornets garnis de bonbons et de fournitures scolaires. Jeudi 15 mai 2025, la Maison de l\u2019Allemagne du Finist\u00e8re a invit\u00e9 14 \u00e9l\u00e8ves de la section internationale du coll\u00e8ge de l\u2019Harteloire \u00e0 faire preuve d\u2019imagination pour leurs camarades de CM2.<\/p>\n<p>Jeudi 12 juin, les 26 familles des futurs coll\u00e9giens seront invit\u00e9es \u00e0 la f\u00eate des cinq ans de la section internationale allemande, dans les locaux de l\u2019\u00e9tablissement scolaire. Les jeunes recevront les cr\u00e9ations remplies de cadeaux confectionn\u00e9es par les coll\u00e9giens.<\/p>\n<p><b>Pratique<\/b><\/p>\n<p class=\"note\">Les inscriptions pour le double cursus Abibac (baccalaur\u00e9at fran\u00e7ais et allemand) sont toujours possibles. Contact\u00a0: t\u00e9l. 07\u00a083\u00a075\u00a011\u00a017 ou courriel, maisonallemagnebrest@gmail.com<\/p>\n","protected":false},"excerpt":{"rendered":"En Allemagne, les enfants commencent l\u2019\u00e9cole \u00e0 l\u2019\u00e2ge de 6 ans. \u00c0 cette occasion, ils re\u00e7oivent des cornets&hellip;\n","protected":false},"author":2,"featured_media":112276,"comment_status":"","ping_status":"","sticky":false,"template":"","format":"standard","meta":{"footnotes":""},"categories":[1587],"tags":[11,672,23176,1804,1805,1803,1122,1777,674,1801,12,1802],"class_list":{"0":"post-112275","1":"post","2":"type-post","3":"status-publish","4":"format-standard","5":"has-post-thumbnail","7":"category-allemagne","8":"tag-actualites","9":"tag-allemagne","10":"tag-brest-recouvrance","11":"tag-bundesrepublik-deutschland","12":"tag-de","13":"tag-deutschland","14":"tag-ecole","15":"tag-eu","16":"tag-europe","17":"tag-germany","18":"tag-news","19":"tag-republique-federale-dallemagne"},"share_on_mastodon":{"url":"https:\/\/pubeurope.com\/@fr\/114535638206633320","error":""},"_links":{"self":[{"href":"https:\/\/www.europesays.com\/fr\/wp-json\/wp\/v2\/posts\/112275","targetHints":{"allow":["GET"]}}],"collection":[{"href":"https:\/\/www.europesays.com\/fr\/wp-json\/wp\/v2\/posts"}],"about":[{"href":"https:\/\/www.europesays.com\/fr\/wp-json\/wp\/v2\/types\/post"}],"author":[{"embeddable":true,"href":"https:\/\/www.europesays.com\/fr\/wp-json\/wp\/v2\/users\/2"}],"replies":[{"embeddable":true,"href":"https:\/\/www.europesays.com\/fr\/wp-json\/wp\/v2\/comments?post=112275"}],"version-history":[{"count":0,"href":"https:\/\/www.europesays.com\/fr\/wp-json\/wp\/v2\/posts\/112275\/revisions"}],"wp:featuredmedia":[{"embeddable":true,"href":"https:\/\/www.europesays.com\/fr\/wp-json\/wp\/v2\/media\/112276"}],"wp:attachment":[{"href":"https:\/\/www.europesays.com\/fr\/wp-json\/wp\/v2\/media?parent=112275"}],"wp:term":[{"taxonomy":"category","embeddable":true,"href":"https:\/\/www.europesays.com\/fr\/wp-json\/wp\/v2\/categories?post=112275"},{"taxonomy":"post_tag","embeddable":true,"href":"https:\/\/www.europesays.com\/fr\/wp-json\/wp\/v2\/tags?post=112275"}],"curies":[{"name":"wp","href":"https:\/\/api.w.org\/{rel}","templated":true}]}}