{"id":112277,"date":"2025-05-19T17:18:08","date_gmt":"2025-05-19T17:18:08","guid":{"rendered":"https:\/\/www.europesays.com\/fr\/112277\/"},"modified":"2025-05-19T17:18:08","modified_gmt":"2025-05-19T17:18:08","slug":"leurope-finit-en-ordre-disperse-au-debut-dune-semaine-riche-en-evenements","status":"publish","type":"post","link":"https:\/\/www.europesays.com\/fr\/112277\/","title":{"rendered":"L&rsquo;Europe finit en ordre dispers\u00e9 au d\u00e9but d&rsquo;une semaine riche en \u00e9v\u00e9nements"},"content":{"rendered":"<p>(Reuters) &#8211;     Les Bourses europ\u00e9ennes ont termin\u00e9 en ordre dispers\u00e9 lundi au d\u00e9but d&rsquo;une semaine charg\u00e9e en \u00e9v\u00e9nements politiques et g\u00e9opolitiques.<\/p>\n<p>\u00c0 Paris, le CAC 40 a perdu 0,04% \u00e0 7.883,63 points. A Francfort, le Dax a avanc\u00e9 de 0,70% et \u00e0 Londres, le FTSE 100 a progress\u00e9 de 0,17%.<\/p>\n<p>L&rsquo;indice EuroStoxx 50 a baiss\u00e9 de 0,15%, le FTSEurofirst 300 a gagn\u00e9 0,13% et le Stoxx 600 a cr\u00fb de 0,13% \u00e9galement.<\/p>\n<p>Les investisseurs int\u00e8grent les donn\u00e9es traduisant un ralentissement de la production industrielle et des ventes au d\u00e9tail en avril en Chine. <\/p>\n<p>Sur le plan g\u00e9opolitique, le maire centriste de Bucarest, Nicusor Dan, a remport\u00e9 \u00e0 la surprise g\u00e9n\u00e9rale l&rsquo;\u00e9lection pr\u00e9sidentielle en Roumanie dimanche face au candidat d&rsquo;extr\u00eame droite \u00e0 l&rsquo;issue d&rsquo;un scrutin suivi de pr\u00e8s dans toute l&rsquo;Europe, que la Russie a qualifi\u00e9 d'\u00a0\u00bb\u00e9trange\u00a0\u00bb.<\/p>\n<p>Le Royaume-Uni s&rsquo;est engag\u00e9 lundi \u00e0 engager la r\u00e9initialisation la plus importante de ses liens avec l&rsquo;Union europ\u00e9enne (UE) depuis le Brexit, cons\u00e9quence de la politique de Donald Trump qui a pouss\u00e9 les deux parties \u00e0 renouer et renforcer leur coop\u00e9ration.<\/p>\n<p>Donald Trump et Vladimir Poutine devaient avoir un entretien t\u00e9l\u00e9phonique ce lundi sur la guerre en Ukraine.<\/p>\n<p>Par ailleurs, l&rsquo;agence de notation Moody&rsquo;s a abaiss\u00e9 d&rsquo;une cran vendredi la note de cr\u00e9dit des Etats-Unis, relan\u00e7ant les interrogations autour des politiques am\u00e9ricaines.<\/p>\n<p>VALEURS <\/p>\n<p>Euronext a perdu 2,30% apr\u00e8s des changements de recommandation. <\/p>\n<p>A WALL STREET <\/p>\n<p>A l&rsquo;heure de la cl\u00f4ture en Europe, le Dow Jones gagnait 0,01%, le Standard &amp; Poor&rsquo;s 500 abandonnait 0,2% et le Nasdaq Composite \u00e9tait en baisse de 0,31%.<\/p>\n<p>AMD perd 2,21% apr\u00e8s avoir accept\u00e9 lundi de vendre l&rsquo;activit\u00e9 de fabrication d&rsquo;infrastructures pour centres de donn\u00e9es de ZT Systems, r\u00e9cemment acquise, \u00e0 Sanmina pour un montant de 3 milliards de dollars.<\/p>\n<p>Novavax avance de 13,35% apr\u00e8s que le gendarme am\u00e9ricain du m\u00e9dicament (FDA) a approuv\u00e9 le vaccin du groupe contre le COVID-19, tout en limitant son utilisation par les personnes \u00e2g\u00e9es et les personnes de plus de 12 ans pr\u00e9sentant un risque m\u00e9dical \u00e9lev\u00e9 en cas d&rsquo;infection.<\/p>\n<p>LES INDICATEURS DU JOUR <\/p>\n<p>La Commission europ\u00e9enne a significativement baiss\u00e9 lundi ses perspectives de croissance du produit int\u00e9rieur brut (PIB) de la zone euro pour 2025 et a revu l\u00e9g\u00e8rement \u00e0 la baisse ses attentes pour 2026, citant un contexte d&rsquo;incertitudes \u00e9conomiques avec la guerre commerciale initi\u00e9e par les Etats-Unis.<\/p>\n<p>CHANGES<\/p>\n<p>Le dollar s&rsquo;est largement affaibli lundi, atteignant son plus bas niveau depuis plus d&rsquo;une semaine face au yen, au franc suisse et \u00e0 l&rsquo;euro, valeurs refuges, alors que les march\u00e9s int\u00e9graient la d\u00e9gradation surprise de la note de cr\u00e9dit des Etats-Unis.<\/p>\n<p>Le dollar perd 0,81% face \u00e0 un panier de devises de r\u00e9f\u00e9rence.<\/p>\n<p>L&rsquo;euro gagne 0,8% \u00e0 1,1250 dollar.<\/p>\n<p>TAUX<\/p>\n<p>Les rendements am\u00e9ricains sont en hausse lundi, alors que la d\u00e9gradation de la note de cr\u00e9dit des \u00c9tats-Unis par Moody&rsquo;s a renforc\u00e9 les inqui\u00e9tudes concernant les futures politiques budg\u00e9taires.<\/p>\n<p>Le rendement des Treasuries \u00e0 dix ans gagne 5,4 points de base \u00e0 4,4928%. Le deux ans avance de 0,8 point de base \u00e0 3,9913%.<\/p>\n<p>Le rendement du Bund allemand \u00e0 dix ans perd 1,2 point de base \u00e0 2,5740%. Le deux ans abandonne 1,1 point de base \u00e0 1,8400%.<\/p>\n<p>P\u00c9TROLE<\/p>\n<p>Les prix du p\u00e9trole se sont stabilis\u00e9s lundi malgr\u00e9 la d\u00e9gradation de la note de cr\u00e9dit des \u00c9tats-Unis par Moody&rsquo;s et la publication de donn\u00e9es officielles indiquant un ralentissement de la croissance de la production industrielle et des ventes au d\u00e9tail en Chine.<\/p>\n<p>Le Brent avance de 0,09% \u00e0 65,47 dollars le baril et le brut l\u00e9ger am\u00e9ricain (West Texas Intermediate, WTI) gagne 0,46% \u00e0 62,70 dollars.<\/p>\n<p>A SUIVRE LE 20 MAI : <\/p>\n<p>(Certaines donn\u00e9es peuvent accuser un l\u00e9ger d\u00e9calage)<\/p>\n<p> (R\u00e9dig\u00e9 par Mara V\u00eelcu)<\/p>\n","protected":false},"excerpt":{"rendered":"(Reuters) &#8211; Les Bourses europ\u00e9ennes ont termin\u00e9 en ordre dispers\u00e9 lundi au d\u00e9but d&rsquo;une semaine charg\u00e9e en \u00e9v\u00e9nements&hellip;\n","protected":false},"author":2,"featured_media":112278,"comment_status":"","ping_status":"","sticky":false,"template":"","format":"standard","meta":{"footnotes":""},"categories":[1586],"tags":[11,2125,1777,674,1011,27,2124,12,25],"class_list":{"0":"post-112277","1":"post","2":"type-post","3":"status-publish","4":"format-standard","5":"has-post-thumbnail","7":"category-europe","8":"tag-actualites","9":"tag-depeches-reuters","10":"tag-eu","11":"tag-europe","12":"tag-fr","13":"tag-france","14":"tag-infos-reuters","15":"tag-news","16":"tag-republique-francaise"},"share_on_mastodon":{"url":"https:\/\/pubeurope.com\/@fr\/114535642155026981","error":""},"_links":{"self":[{"href":"https:\/\/www.europesays.com\/fr\/wp-json\/wp\/v2\/posts\/112277","targetHints":{"allow":["GET"]}}],"collection":[{"href":"https:\/\/www.europesays.com\/fr\/wp-json\/wp\/v2\/posts"}],"about":[{"href":"https:\/\/www.europesays.com\/fr\/wp-json\/wp\/v2\/types\/post"}],"author":[{"embeddable":true,"href":"https:\/\/www.europesays.com\/fr\/wp-json\/wp\/v2\/users\/2"}],"replies":[{"embeddable":true,"href":"https:\/\/www.europesays.com\/fr\/wp-json\/wp\/v2\/comments?post=112277"}],"version-history":[{"count":0,"href":"https:\/\/www.europesays.com\/fr\/wp-json\/wp\/v2\/posts\/112277\/revisions"}],"wp:featuredmedia":[{"embeddable":true,"href":"https:\/\/www.europesays.com\/fr\/wp-json\/wp\/v2\/media\/112278"}],"wp:attachment":[{"href":"https:\/\/www.europesays.com\/fr\/wp-json\/wp\/v2\/media?parent=112277"}],"wp:term":[{"taxonomy":"category","embeddable":true,"href":"https:\/\/www.europesays.com\/fr\/wp-json\/wp\/v2\/categories?post=112277"},{"taxonomy":"post_tag","embeddable":true,"href":"https:\/\/www.europesays.com\/fr\/wp-json\/wp\/v2\/tags?post=112277"}],"curies":[{"name":"wp","href":"https:\/\/api.w.org\/{rel}","templated":true}]}}