{"id":112279,"date":"2025-05-19T17:19:09","date_gmt":"2025-05-19T17:19:09","guid":{"rendered":"https:\/\/www.europesays.com\/fr\/112279\/"},"modified":"2025-05-19T17:19:09","modified_gmt":"2025-05-19T17:19:09","slug":"vladimir-poutine-dit-avoir-eu-une-conversation-utile-avec-donald-trump","status":"publish","type":"post","link":"https:\/\/www.europesays.com\/fr\/112279\/","title":{"rendered":"Vladimir Poutine dit avoir eu une conversation \u00ab\u00a0utile\u00a0\u00bb avec Donald Trump"},"content":{"rendered":"<p>                <img decoding=\"async\" alt=\"\" class=\"media-item\" src=\"https:\/\/www.europesays.com\/fr\/wp-content\/uploads\/2025\/05\/1756265-le-president-russe-vladimir-poutine-le-27-mars-2025-et-le-president-americain-donald-trump-d.jpeg\"\/><\/p>\n<p>\n                    Le pr\u00e9sident russe Vladimir Poutine, le 27 mars 2025, et le pr\u00e9sident am\u00e9ricain Donald Trump devant la Maison Blanche \u00e0 Washington, DC, le 23 avril 2025<\/p>\n<p>Cr\u00e9dit : SAUL LOEB, Olga MALTSEVA \/ AFP<\/p>\n<p class=\"article-p mdl\">\u00ab\u00a0Nous sommes de mani\u00e8re g\u00e9n\u00e9rale <strong>sur la bonne voie<\/strong>\u00ab\u00a0, a d\u00e9clar\u00e9 Vladimir Poutine \u00e0 l&rsquo;agence de presse russe RIA, apr\u00e8s un \u00e9change t\u00e9l\u00e9phonique avec Donald Trump.<\/p>\n<p class=\"article-p mdl\">Le pr\u00e9sident russe a qualifi\u00e9 lundi d'\u00a0\u00bbutile\u00a0\u00bb la conversation t\u00e9l\u00e9phonique de <strong>\u00ab\u00a0plus de deux heures\u00a0\u00bb<\/strong> qu&rsquo;il a eue avec son homologue am\u00e9ricain<a class=\"link\" href=\"https:\/\/www.rtl.fr\/actu\/international\/guerre-en-ukraine-vladimir-poutine-dit-avoir-eu-plus-de-deux-heures-de-conversation-de-utile-avec-donald-trump-7900506839\" title=\"Guerre en Ukraine : Vladimir Poutine dit avoir eu une conversation &quot;utile&quot; avec Donald Trump\" rel=\"nofollow noopener\" target=\"_blank\"> au sujet du conflit en Ukraine<\/a>.<\/p>\n<p class=\"article-p mdl\">Cette conversation \u00ab\u00a0a \u00e9t\u00e9 tr\u00e8s instructive et tr\u00e8s franche\u00a0\u00bb, a dit Vladimir Poutine dans une courte d\u00e9claration \u00e0 la presse apr\u00e8s son appel avec Donald Trump. \u00ab\u00a0Dans l&rsquo;ensemble, je pense qu&rsquo;elle a \u00e9t\u00e9 utile \u00e0 cet \u00e9gard\u00a0\u00bb, a-t-il ajout\u00e9.<\/p>\n<p class=\"article-p mdl\">Le pr\u00e9sident russe Vladimir Poutine a appel\u00e9 lundi l&rsquo;Ukraine \u00e0 trouver des \u00ab\u00a0compromis qui conviennent \u00e0 toutes les parties\u00a0\u00bb, \u00e0 l&rsquo;issue de son entretien t\u00e9l\u00e9phonique avec Donald Trump et trois jours apr\u00e8s des pourparlers infructueux entre Moscou et Kiev en Turquie.<\/p>\n<p class=\"article-p mdl\">\u00ab\u00a0La question est bien s\u00fbr que les parties russe et ukrainienne fassent preuve d&rsquo;un maximum de volont\u00e9 de paix et trouvent des compromis qui satisfassent toutes les parties\u00a0\u00bb, a d\u00e9clar\u00e9 M. Poutine lors d&rsquo;une br\u00e8ve d\u00e9claration \u00e0 la presse diffus\u00e9e \u00e0 la t\u00e9l\u00e9vision russe.<\/p>\n<p class=\"article-p mdl\"><a class=\"link\" href=\"https:\/\/www.rtl.fr\/actu\/international\/donald-trump-a-ecrit-une-lettre-au-pape-leon-xiv-pour-l-inviter-a-la-maison-blanche-7900506759\" title=\"Donald Trump a \u00e9crit une lettre au pape L\u00e9on XIV pour l&#039;inviter \u00e0 la Maison Blanche\" rel=\"nofollow noopener\" target=\"_blank\">Donald Trump<\/a>, souhaitait, gr\u00e2ce \u00e0 cet \u00e9change, \u00ab\u00a0mettre fin au bain de sang\u00a0\u00bb en Ukraine, apr\u00e8s des pourparlers infructueux entre Kiev et Moscou la semaine derni\u00e8re.\u00a0Les pourparlers de paix vendredi entre Ukrainiens et Russes, les premiers depuis 2022, n&rsquo;ont pas abouti au cessez-le-feu r\u00e9clam\u00e9 par l&rsquo;Ukraine et ses alli\u00e9s, les attaques meurtri\u00e8res se poursuivant sur le terrain.<\/p>\n<p>    La r\u00e9daction vous recommande<\/p>\n<p class=\"s-newsletter__title\">\n                L\u2019actualit\u00e9 par la r\u00e9daction de RTL dans votre bo\u00eete mail.\n            <\/p>\n<p class=\"s-newsletter__subtitle\">\n                Gr\u00e2ce \u00e0 votre compte RTL abonnez-vous \u00e0 la newsletter RTL info pour suivre toute l&rsquo;actualit\u00e9 au quotidien\n            <\/p>\n<p>\n                                    Lire la suite\n                                <\/p>\n","protected":false},"excerpt":{"rendered":"Le pr\u00e9sident russe Vladimir Poutine, le 27 mars 2025, et le pr\u00e9sident am\u00e9ricain Donald Trump devant la Maison&hellip;\n","protected":false},"author":2,"featured_media":112280,"comment_status":"","ping_status":"","sticky":false,"template":"","format":"standard","meta":{"footnotes":""},"categories":[1586],"tags":[11,75,1777,674,1779,107,1011,27,131,12,25,1778,364,135,134],"class_list":{"0":"post-112279","1":"post","2":"type-post","3":"status-publish","4":"format-standard","5":"has-post-thumbnail","7":"category-europe","8":"tag-actualites","9":"tag-donald-trump","10":"tag-eu","11":"tag-europe","12":"tag-european-union","13":"tag-fil-info","14":"tag-fr","15":"tag-france","16":"tag-guerre-en-ukraine","17":"tag-news","18":"tag-republique-francaise","19":"tag-ue","20":"tag-union-europeenne","21":"tag-vladimir-poutine","22":"tag-volodymyr-zelensky"},"share_on_mastodon":{"url":"https:\/\/pubeurope.com\/@fr\/114535646094804967","error":""},"_links":{"self":[{"href":"https:\/\/www.europesays.com\/fr\/wp-json\/wp\/v2\/posts\/112279","targetHints":{"allow":["GET"]}}],"collection":[{"href":"https:\/\/www.europesays.com\/fr\/wp-json\/wp\/v2\/posts"}],"about":[{"href":"https:\/\/www.europesays.com\/fr\/wp-json\/wp\/v2\/types\/post"}],"author":[{"embeddable":true,"href":"https:\/\/www.europesays.com\/fr\/wp-json\/wp\/v2\/users\/2"}],"replies":[{"embeddable":true,"href":"https:\/\/www.europesays.com\/fr\/wp-json\/wp\/v2\/comments?post=112279"}],"version-history":[{"count":0,"href":"https:\/\/www.europesays.com\/fr\/wp-json\/wp\/v2\/posts\/112279\/revisions"}],"wp:featuredmedia":[{"embeddable":true,"href":"https:\/\/www.europesays.com\/fr\/wp-json\/wp\/v2\/media\/112280"}],"wp:attachment":[{"href":"https:\/\/www.europesays.com\/fr\/wp-json\/wp\/v2\/media?parent=112279"}],"wp:term":[{"taxonomy":"category","embeddable":true,"href":"https:\/\/www.europesays.com\/fr\/wp-json\/wp\/v2\/categories?post=112279"},{"taxonomy":"post_tag","embeddable":true,"href":"https:\/\/www.europesays.com\/fr\/wp-json\/wp\/v2\/tags?post=112279"}],"curies":[{"name":"wp","href":"https:\/\/api.w.org\/{rel}","templated":true}]}}