{"id":112287,"date":"2025-05-19T17:24:09","date_gmt":"2025-05-19T17:24:09","guid":{"rendered":"https:\/\/www.europesays.com\/fr\/112287\/"},"modified":"2025-05-19T17:24:09","modified_gmt":"2025-05-19T17:24:09","slug":"volley-ball-hyeres-pierrefeu-la-londe-sacre-champion-de-france-de-nationale-2","status":"publish","type":"post","link":"https:\/\/www.europesays.com\/fr\/112287\/","title":{"rendered":"Volley-ball: Hy\u00e8res-Pierrefeu-La Londe sacr\u00e9 champion de France de Nationale 2"},"content":{"rendered":"<p>Une cons\u00e9cration, presque attendue. Les joueurs du VC Hy\u00e8res-Pierrefeu-La Londe sont devenus hier champions de France de Nationale 2, au terme du final four qu\u2019ils organisaient \u00e0 La Londe.<\/p>\n<p>\u00ab\u00a0C\u2019est un titre qui va rester. Il y a des joueurs qui ne conna\u00eetront jamais ce genre de moments intenses et pour beaucoup, \u00e7a restera le match de leur vie\u00a0\u00bb, reconnaissait le coach, Micha\u00ebl Lapinta, apr\u00e8s la finale remport\u00e9e 3-1 face \u00e0 Bellaing-Porte du Hainaut, club d\u2019un village proche de Valenciennes.<\/p>\n<p>D\u00e9j\u00e0 promu en \u00c9lite et finaliste de la coupe de France f\u00e9d\u00e9rale (une premi\u00e8re pour un club de N2), le VCHPL a donc termin\u00e9 sa saison en apoth\u00e9ose. \u00ab\u00a0Je ne pouvais pas r\u00eaver mieux comme fin\u00a0\u00bb, validait Lapinta.<\/p>\n<p>Plein comme \u0153uf samedi pour les demi-finales (les locaux avaient domin\u00e9 Maizi\u00e8res-les-Metz 3 sets \u00e0 1), le gymnase Fran\u00e7ois de Leusse avait une nouvelle fois fait le plein hier apr\u00e8s-midi. Il a \u00e9t\u00e9 le th\u00e9\u00e2tre d\u2019une finale explosive entre deux formations invaincues dans leur championnat (20 rencontres, 20 victoires). Les co\u00e9quipiers de Baptiste Enfoux enlevaient le premier set au forceps (26-24), apr\u00e8s 36 minutes de duel intense. Ils ont domin\u00e9 d\u2019entr\u00e9e de jeu, mais par la suite, chaque \u00e9quipe a eu sa chance. Apr\u00e8s avoir \u00e9t\u00e9 men\u00e9s 20-15, les Nordistes sont revenus \u00e0 un petit point. Mais devant un public surchauff\u00e9, le VCHPL a trouv\u00e9 les ressources pour conclure.<\/p>\n<p>Un deuxi\u00e8me set \u00e0 plus de soixante points!<\/p>\n<p>              <img ci-src=\"https:\/\/www.varmatin.com\/volley\/protec\/DATA_ART_15546258-gb8fGRyp.jpg?vh=86394c&amp;ci_seal=8b7b3154d9\" alt=\"\"\/><br \/>\n        La puissance au filet a \u00e9t\u00e9 la clef de la finale face aux Nordistes. <\/p>\n<p>Dans le deuxi\u00e8me set, o\u00f9 tout semblait r\u00e9ussir aux Varois (20-15), la r\u00e9action de Bellaing a \u00e9t\u00e9 terrible. S\u2019en suivait un v\u00e9ritable mano \u00e0 mano, finalement remport\u00e9 32-30 par les visiteurs, qui, apr\u00e8s avoir sauv\u00e9 deux balles de set, remettaient les deux \u00e9quipes \u00e0 \u00e9galit\u00e9. Mais le VCHPL, qui n\u2019a jamais dout\u00e9 cette saison, empochait la troisi\u00e8me manche sans conteste (25-18). Pour la plus grande joie d\u2019un public, debout et gonfl\u00e9 \u00e0 bloc par un chauffeur de salle au top.<\/p>\n<p>Bellaing se rebiffait dans un quatri\u00e8me set o\u00f9 tous les points comptaient. Chaque formation se rendait coup pour coup, jusqu\u2019aux derniers \u00e9changes. Alors que la tension \u00e9tait \u00e0 son comble, les partenaires de J\u00e9r\u00e9my Ullmann profitaient de l\u2019avantage du terrain pour conclure \u00e0 25-21 et s\u2019\u00e9viter un tie-break. Parce qu\u2019ils ne pouvaient pas laisser passer la chance de leur vie, celle de devenir champion de France \u00e0 la maison. Et de soulever un troph\u00e9e plus que m\u00e9rit\u00e9.<\/p>\n<p>              <img ci-src=\"https:\/\/www.varmatin.com\/volley\/protec\/DATA_ART_15546091-lvnxa41t.jpeg?vh=8e5d15&amp;ci_seal=1190c37604\" alt=\"\"\/><br \/>\n        La joie partag\u00e9 entre les joueurs, le staff, les \u00e9lus et les partenaires apr\u00e8s le coup de sifflet final.&#13;<br \/>\nPhoto CM <\/p>\n","protected":false},"excerpt":{"rendered":"Une cons\u00e9cration, presque attendue. Les joueurs du VC Hy\u00e8res-Pierrefeu-La Londe sont devenus hier champions de France de Nationale&hellip;\n","protected":false},"author":2,"featured_media":112288,"comment_status":"","ping_status":"","sticky":false,"template":"","format":"standard","meta":{"footnotes":""},"categories":[1417],"tags":[1011,27,60,1470,1469],"class_list":{"0":"post-112287","1":"post","2":"type-post","3":"status-publish","4":"format-standard","5":"has-post-thumbnail","7":"category-volley","8":"tag-fr","9":"tag-france","10":"tag-sports","11":"tag-volley","12":"tag-volleyball"},"share_on_mastodon":{"url":"https:\/\/pubeurope.com\/@fr\/114535665695979184","error":""},"_links":{"self":[{"href":"https:\/\/www.europesays.com\/fr\/wp-json\/wp\/v2\/posts\/112287","targetHints":{"allow":["GET"]}}],"collection":[{"href":"https:\/\/www.europesays.com\/fr\/wp-json\/wp\/v2\/posts"}],"about":[{"href":"https:\/\/www.europesays.com\/fr\/wp-json\/wp\/v2\/types\/post"}],"author":[{"embeddable":true,"href":"https:\/\/www.europesays.com\/fr\/wp-json\/wp\/v2\/users\/2"}],"replies":[{"embeddable":true,"href":"https:\/\/www.europesays.com\/fr\/wp-json\/wp\/v2\/comments?post=112287"}],"version-history":[{"count":0,"href":"https:\/\/www.europesays.com\/fr\/wp-json\/wp\/v2\/posts\/112287\/revisions"}],"wp:featuredmedia":[{"embeddable":true,"href":"https:\/\/www.europesays.com\/fr\/wp-json\/wp\/v2\/media\/112288"}],"wp:attachment":[{"href":"https:\/\/www.europesays.com\/fr\/wp-json\/wp\/v2\/media?parent=112287"}],"wp:term":[{"taxonomy":"category","embeddable":true,"href":"https:\/\/www.europesays.com\/fr\/wp-json\/wp\/v2\/categories?post=112287"},{"taxonomy":"post_tag","embeddable":true,"href":"https:\/\/www.europesays.com\/fr\/wp-json\/wp\/v2\/tags?post=112287"}],"curies":[{"name":"wp","href":"https:\/\/api.w.org\/{rel}","templated":true}]}}