{"id":1123046,"date":"2026-08-12T20:06:33","date_gmt":"2026-08-12T20:06:33","guid":{"rendered":"https:\/\/www.europesays.com\/fr\/1123046\/"},"modified":"2026-08-12T20:06:33","modified_gmt":"2026-08-12T20:06:33","slug":"xavi-hernandez-fait-egalement-partie-des-candidats-au-poste-de-selectionneur-des-pays-bas-lequipe","status":"publish","type":"post","link":"https:\/\/www.europesays.com\/fr\/1123046\/","title":{"rendered":"Xavi Hernandez fait \u00e9galement partie des candidats au poste de s\u00e9lectionneur des Pays-Bas &#8211; L&#039;\u00c9quipe"},"content":{"rendered":"<ol>\n<li><a href=\"https:\/\/news.google.com\/rss\/articles\/CBMi1wFBVV95cUxNTGxOZXlKNmVVS1lxSkNoLWRaeTRXckFkOWVBYW1GWEQ3SHU1TzRNNTRBbnBBVmV1NmFwdGp2Z1dQYXZsMUxXalZpcXpsR3Exa1ZqUU93NXc5Q21uYUd3YkwzUTIzSmdLYm5PTEdKbUlnWm5ybUlqLVFBalo2MEh5Y19SRmFka2hIVERvazZzTUZ4OUxyUVJtbXFZNDdIR2pxVnlReTlwRVVjbF9yZXF4VFNUaklreWcwa2paeFRrQXRpN1hnT3g1WXFGLXk5bWdRRFpVdXJiOA?oc=5\" target=\"_blank\" rel=\"nofollow noopener\">Xavi Hernandez fait \u00e9galement partie des candidats au poste de s\u00e9lectionneur des Pays-Bas<\/a>&nbsp;&nbsp;L&rsquo;\u00c9quipe<\/li>\n<li><a href=\"https:\/\/news.google.com\/rss\/articles\/CBMi6gFBVV95cUxOOWlTUXN6REpNTXFjdFZkdUlmRi1BUm9rd2dqZXluTzRQSDdRaEF5clRTbk1iVDBNN3lyRE1JM1g0M1lvZFAzR1FMT0VRV2FteHZtWm82ajRwdENJTW1NWGxiZnMxR2tTWXpkdWhuTXFwaXNWSGVUX01RODRJMC1VRkRaUk9KclhWSFljMlVKdzBrVVdQakk1YTdqX1poVXoxeVpmR1pfZXZqNFh4TUdmV1FxbkI5MW9salU1Qll1ZmFXakt6UDlKVlJXekY2U1daaHFrcE5oQ05xUFRPaDFoYWZMekotc0ljTWc?oc=5\" target=\"_blank\" rel=\"nofollow noopener\">Xavi, un Catalan en Oranje<\/a>&nbsp;&nbsp;Eurosport<\/li>\n<li><a href=\"https:\/\/news.google.com\/rss\/articles\/CBMi7AFBVV95cUxNdVk2TUpyUU51bTRXdmtUVWFjQTFiSGZBdlBxeEtjUFY4SjNpMEwzYzJHM2EwQ1BUMTJxZHBVVUxrQUcwTzFwVV9VVTQ4cjB0ZTJVbDUwMmd6WTZZSjh0b3RWRk91eGJMeXhoeVllSTRRYkJyS3hlU3U1bVJPVDJCbkNNR0FSMHNxSld2cEF3UlIwNXlLZm80WVhIMEtWRlVfX25aRFFnMW41YlV6aE9KR1dtc3NNU2tzOUNTZEY4WHZqQjZ1a2xKYmhKcWdTX2ZaUkNOQ212M1FDVEthRlRJN0w0YXFLRmFQUHZ2Yw?oc=5\" target=\"_blank\" rel=\"nofollow noopener\">La f\u00e9d\u00e9ration n\u00e9erlandaise et Roberto Martinez en pourparlers pour le poste de s\u00e9lectionneur des Pays-Bas<\/a>&nbsp;&nbsp;L&rsquo;\u00c9quipe<\/li>\n<li><a href=\"https:\/\/news.google.com\/rss\/articles\/CBMikgJBVV95cUxOY0tzVWVUTDdkY0dyS0VwaGFuc1hiTXhrbjlrOVpUMk9aS21zclBJNW5fTTNYV3p6NFhOcEI5bE5zOUM1ZVhIWlNjWEl1S3pZWkg0di1vZklhMkxIRTZoQ1A2UXI4QnhEOHc5RWhVcmJpOVVtM0hPM1MwWkVKWXpmaklvVTU2dmlCRFpEWnE2UFBmaWM5eUVEUGk4THo3T2RqWFZGZlNMc2hfdlRJY0hPWFJzdDlpeEtVaFhHbnNoR1RBNExMd29oeXZJLW42SGViNkNFWEZPc1FFdG10NHR2QVZqMmw2Q1M1U01IRldIZWpDUmZ4Ymp5ZURBcHFMRndBQ2VrbS1GcEtoNTNBVHExUzFn?oc=5\" target=\"_blank\" rel=\"nofollow noopener\">Journal du mercato (12\/08) : Xavi devient le coach des Oranje, l&rsquo;Union perd un attaquant !<\/a>&nbsp;&nbsp;DHnet<\/li>\n<li><a href=\"https:\/\/news.google.com\/rss\/articles\/CBMi5AFBVV95cUxNZ2psUXlMZHpWNDRmaV96MWpUMVBGMWFST1JBRkJxZmpVa0dKcU1WbmVYYWJ3d0lmRlFQSjR1V2hCbEU5TDYtellDekYzV2phcE1DX2JzdzBOOUhmeGVmNGI0Z01jdGhlNUFGeF9hZ0pRTGtTVk9OZ3hLNEZPcjFkQWlpR3pzNWJZSzc2UXBMR1ZvUEFQNG1saTdyS3ZUbUdtclVuTFRWQ2JYMEFaUFdCM0VUVUZoa3Zkdzg0Qzl4UE9QWnpUZngza3V6N3ByeUpuVzZuRC1UaHJMT2Y3Z3FJVkJnRnU?oc=5\" target=\"_blank\" rel=\"nofollow noopener\">Football. Xavi Hernandez succ\u00e8de \u00e0 Ronald Koeman \u00e0 la t\u00eate des Pays-Bas<\/a>&nbsp;&nbsp;Ouest-France<\/li>\n<\/ol>\n","protected":false},"excerpt":{"rendered":"Xavi Hernandez fait \u00e9galement partie des candidats au poste de s\u00e9lectionneur des Pays-Bas&nbsp;&nbsp;L&rsquo;\u00c9quipe Xavi, un Catalan en Oranje&nbsp;&nbsp;Eurosport&hellip;\n","protected":false},"author":2,"featured_media":1123047,"comment_status":"","ping_status":"","sticky":false,"template":"","format":"standard","meta":{"footnotes":"","_share_on_mastodon":"0"},"categories":[2],"tags":[11,86760,87616,63,1011,27,12,934,25,33137,115311],"class_list":["post-1123046","post","type-post","status-publish","format-standard","has-post-thumbnail","category-actualites","tag-actualites","tag-actus-et-infos","tag-arthur-verdelet","tag-football","tag-fr","tag-france","tag-news","tag-pays-bas","tag-republique-francaise","tag-transferts-football","tag-xavi-hernandez"],"share_on_mastodon":{"url":"https:\/\/pubeurope.com\/@fr\/117084342374955198","error":""},"_links":{"self":[{"href":"https:\/\/www.europesays.com\/fr\/wp-json\/wp\/v2\/posts\/1123046","targetHints":{"allow":["GET"]}}],"collection":[{"href":"https:\/\/www.europesays.com\/fr\/wp-json\/wp\/v2\/posts"}],"about":[{"href":"https:\/\/www.europesays.com\/fr\/wp-json\/wp\/v2\/types\/post"}],"author":[{"embeddable":true,"href":"https:\/\/www.europesays.com\/fr\/wp-json\/wp\/v2\/users\/2"}],"replies":[{"embeddable":true,"href":"https:\/\/www.europesays.com\/fr\/wp-json\/wp\/v2\/comments?post=1123046"}],"version-history":[{"count":0,"href":"https:\/\/www.europesays.com\/fr\/wp-json\/wp\/v2\/posts\/1123046\/revisions"}],"wp:featuredmedia":[{"embeddable":true,"href":"https:\/\/www.europesays.com\/fr\/wp-json\/wp\/v2\/media\/1123047"}],"wp:attachment":[{"href":"https:\/\/www.europesays.com\/fr\/wp-json\/wp\/v2\/media?parent=1123046"}],"wp:term":[{"taxonomy":"category","embeddable":true,"href":"https:\/\/www.europesays.com\/fr\/wp-json\/wp\/v2\/categories?post=1123046"},{"taxonomy":"post_tag","embeddable":true,"href":"https:\/\/www.europesays.com\/fr\/wp-json\/wp\/v2\/tags?post=1123046"}],"curies":[{"name":"wp","href":"https:\/\/api.w.org\/{rel}","templated":true}]}}