{"id":112322,"date":"2025-05-19T17:43:09","date_gmt":"2025-05-19T17:43:09","guid":{"rendered":"https:\/\/www.europesays.com\/fr\/112322\/"},"modified":"2025-05-19T17:43:09","modified_gmt":"2025-05-19T17:43:09","slug":"accord-de-principe-entre-pays-de-lue-pour-financer-des-projets-communs-darmement","status":"publish","type":"post","link":"https:\/\/www.europesays.com\/fr\/112322\/","title":{"rendered":"accord de principe entre pays de l\u2019UE pour financer des projets communs d\u2019armement"},"content":{"rendered":"<p>Un programme, baptis\u00e9 \u00abSafe\u00bb, pr\u00e9voit des pr\u00eats de 150 milliards d\u2019euros pour financer, en commun, des achats et des projets d\u2019armement dans les domaines o\u00f9 l\u2019offre europ\u00e9enne reste insuffisante.<\/p>\n<p class=\"fig-paragraph\">Les pays de<a href=\"http:\/\/www.lefigaro.fr\/actualite-france\/nathalie-goulet-bloquer-la-contribution-francaise-a-l-union-europeenne-pour-obtenir-l-arret-du-financement-des-freres-musulmans-20250507\" target=\"_blank\" data-fig-type=\"Article\" rel=\"noopener nofollow\" data-gtm-custom-categorie=\"navigation\" data-gtm-custom-action=\"crossclick\" data-gtm-custom-label=\"Contextuel\" data-gtm-event=\"customEventSPE\" data-fig-domain=\"LEFIGARO\">\u00a0l&rsquo;Union europ\u00e9enne<\/a>\u00a0ont conclu ce lundi un accord de principe pour faciliter leurs achats en commun d&rsquo;armement, dans le cadre d&rsquo;un programme europ\u00e9en dot\u00e9 de quelque 150 milliards d&rsquo;euros, ont indiqu\u00e9 des diplomates \u00e0 Bruxelles. Ce dernier, baptis\u00e9 \u00abSafe\u00bb, pr\u00e9voit des pr\u00eats de 150 milliards d&rsquo;euros pour financer, en commun, des achats et des projets d&rsquo;armement dans les domaines o\u00f9 l&rsquo;offre europ\u00e9enne reste insuffisante, comme la production de missiles, de munitions, de drones ou encore les syst\u00e8mes de d\u00e9fense anti-a\u00e9rienne.<\/p>\n<p class=\"fig-paragraph\">Il est d&rsquo;ores et d\u00e9j\u00e0 pr\u00e9vu que plusieurs pays non-membres de l&rsquo;UE puissent d\u00e9j\u00e0 y participer, comme la Norv\u00e8ge ou\u00a0<a href=\"http:\/\/www.lefigaro.fr\/international\/en-exigeant-une-reddition-de-l-ukraine-vladimir-poutine-campe-sur-sa-position-maximaliste-20250518\" target=\"_blank\" data-fig-type=\"Article\" rel=\"noopener nofollow\" data-gtm-custom-categorie=\"navigation\" data-gtm-custom-action=\"crossclick\" data-gtm-custom-label=\"Contextuel\" data-gtm-event=\"customEventSPE\" data-fig-domain=\"LEFIGARO\">l&rsquo;Ukraine<\/a>, car signataires d&rsquo;un partenariat de d\u00e9fense et de s\u00e9curit\u00e9. La Grande-Bretagne et l&rsquo;UE ont sign\u00e9 lundi \u00e0 Londres\u00a0<a href=\"http:\/\/www.lefigaro.fr\/international\/le-royaume-uni-et-l-union-europeenne-concluent-un-partenariat-sur-la-securite-et-la-defense-20250519\" data-fig-type=\"NewsFlash\" data-gtm-custom-categorie=\"navigation\" data-gtm-custom-action=\"crossclick\" data-gtm-custom-label=\"Contextuel\" data-gtm-event=\"customEventSPE\" data-fig-domain=\"LEFIGARO\" rel=\"nofollow noopener\" target=\"_blank\">un accord de partenariat similaire<\/a>, qui permettra, apr\u00e8s d&rsquo;ult\u00e9rieures n\u00e9gociations, \u00e0 Londres d&rsquo;\u00eatre pleinement int\u00e9gr\u00e9 \u00e0 ce programme europ\u00e9en.<\/p>\n<p class=\"fig-paragraph\">Si le Royaume-Uni devait rejoindre ce programme, il serait consid\u00e9r\u00e9 comme un fabricant europ\u00e9en, au m\u00eame titre que n&rsquo;importe quel autre pays membre de l&rsquo;UE, a assur\u00e9 un responsable europ\u00e9en. Il s&rsquo;agit d&rsquo;un \u00e9l\u00e9ment important compte tenu de l&rsquo;accent qui a \u00e9t\u00e9 mis sur la n\u00e9cessit\u00e9 d&rsquo;encourager l&rsquo;industrie de d\u00e9fense europ\u00e9enne alors que la majorit\u00e9 des achats actuels d&rsquo;armement par les pays de l&rsquo;UE se font hors d&rsquo;Europe, essentiellement aux<a href=\"http:\/\/www.lefigaro.fr\/vox\/societe\/adrian-vermeule-tocqueville-avait-prevu-que-le-catholicisme-pourrait-devenir-une-force-majeure-aux-etats-unis-20250518\" target=\"_blank\" data-fig-type=\"Article\" rel=\"noopener nofollow\" data-gtm-custom-categorie=\"navigation\" data-gtm-custom-action=\"crossclick\" data-gtm-custom-label=\"Contextuel\" data-gtm-event=\"customEventSPE\" data-fig-domain=\"LEFIGARO\">\u00a0\u00c9tats-Unis<\/a>.<\/p>\n<p class=\"fig-body-link\">\n            \u00c0 lire aussi<br \/>\n        <a class=\"fig-body-link__link fig-premium-mark\" href=\"http:\/\/www.lefigaro.fr\/vox\/economie\/nicolas-baverez-l-union-europeenne-otage-de-sa-bureaucratie-20250519\" data-fig-type=\"Article\" data-gtm-custom-categorie=\"navigation\" data-gtm-custom-action=\"crossclick\" data-gtm-custom-label=\"Contextuel\" data-gtm-event=\"customEventSPE\" data-fig-domain=\"LEFIGARO\" rel=\"nofollow noopener\" target=\"_blank\">Nicolas Baverez\u00a0: \u00ab\u00a0L\u2019Union europ\u00e9enne otage de sa bureaucratie\u00a0\u00bb<br \/>\n    <\/a>\n<\/p>\n<p>Une nouvelle r\u00e9union mercredi<\/p>\n<p class=\"fig-paragraph\">D\u00e9fendus par plusieurs \u00c9tats membres, dont la France, ces projets devront ainsi \u00eatre majoritairement r\u00e9alis\u00e9s par\u00a0<a href=\"http:\/\/www.lefigaro.fr\/conjoncture\/finances-publiques-industries-de-defense-l-unite-des-europeens-mise-a-l-epreuve-du-rearmement-20250312\" target=\"_blank\" data-fig-type=\"Article\" rel=\"noopener nofollow\" data-gtm-custom-categorie=\"navigation\" data-gtm-custom-action=\"crossclick\" data-gtm-custom-label=\"Contextuel\" data-gtm-event=\"customEventSPE\" data-fig-domain=\"LEFIGARO\">l&rsquo;industrie de d\u00e9fense europ\u00e9enne<\/a>, \u00e0 hauteur de 65% des composants. Le reste pourra provenir de pays non-membres du programme \u00abSafe\u00bb, comme les \u00c9tats-Unis, \u00e0 hauteur de 35%. Dans le souci d&rsquo;\u00e9viter qu&rsquo;un pays tiers ne puisse contr\u00f4ler \u00e0 distance l&rsquo;armement produit gr\u00e2ce \u00e0 l&rsquo;un de ses composants, une autorit\u00e9 centrale sera charg\u00e9e de s&rsquo;assurer que cela restera impossible.<\/p>\n<p class=\"fig-paragraph\">L&rsquo;id\u00e9e est par exemple d&#8217;emp\u00eacher que le fabricant am\u00e9ricain d&rsquo;un logiciel int\u00e9gr\u00e9 \u00e0 un\u00a0<a href=\"https:\/\/www.lefigaro.fr\/societes\/la-france-l-allemagne-l-italie-et-l-espagne-vont-se-doter-du-drone-europeen-20220224\" target=\"_blank\" data-fig-type=\"Article\" rel=\"noopener nofollow\" data-gtm-custom-categorie=\"navigation\" data-gtm-custom-action=\"crossclick\" data-gtm-custom-label=\"Contextuel\" data-gtm-event=\"customEventSPE\" data-fig-domain=\"LEFIGARO\">drone europ\u00e9en<\/a>, d\u00e9velopp\u00e9 gr\u00e2ce \u00e0 ce programme \u00abSafe\u00bb, ne puisse \u00eatre contr\u00f4l\u00e9 \u00e0 distance depuis les \u00c9tats-Unis, a-t-on expliqu\u00e9 de source europ\u00e9enne.<\/p>\n<p class=\"fig-paragraph\">Les ambassadeurs des 27 doivent encore formaliser cet accord de principe lors d&rsquo;une nouvelle r\u00e9union ce mercredi avant un accord d\u00e9finitif attendu le 27 mai, \u00e0 l&rsquo;occasion d&rsquo;une r\u00e9union des ministres des Affaires europ\u00e9ennes de l&rsquo;UE. \u00abSafe\u00bb fait partie d&rsquo;un programme plus global pr\u00e9sent\u00e9 fin mars par la Commission europ\u00e9enne, qui ambitionne de mobiliser jusqu&rsquo;\u00e0 800 milliards d&rsquo;euros pour r\u00e9armer le continent europ\u00e9en.<\/p>\n","protected":false},"excerpt":{"rendered":"Un programme, baptis\u00e9 \u00abSafe\u00bb, pr\u00e9voit des pr\u00eats de 150 milliards d\u2019euros pour financer, en commun, des achats et&hellip;\n","protected":false},"author":2,"featured_media":112323,"comment_status":"","ping_status":"","sticky":false,"template":"","format":"standard","meta":{"footnotes":""},"categories":[5],"tags":[743,259,11,260,1924,1011,27,14,261,12,262,473,364,28],"class_list":{"0":"post-112322","1":"post","2":"type-post","3":"status-publish","4":"format-standard","5":"has-post-thumbnail","7":"category-international","8":"tag-accord","9":"tag-actualite-internationale","10":"tag-actualites","11":"tag-affaires-etrangeres","12":"tag-armement","13":"tag-fr","14":"tag-france","15":"tag-international","16":"tag-ministere-des-affaires-etrangeres","17":"tag-news","18":"tag-politique-etrangere","19":"tag-royaume-uni","20":"tag-union-europeenne","21":"tag-world"},"share_on_mastodon":{"url":"https:\/\/pubeurope.com\/@fr\/114535740438332074","error":""},"_links":{"self":[{"href":"https:\/\/www.europesays.com\/fr\/wp-json\/wp\/v2\/posts\/112322","targetHints":{"allow":["GET"]}}],"collection":[{"href":"https:\/\/www.europesays.com\/fr\/wp-json\/wp\/v2\/posts"}],"about":[{"href":"https:\/\/www.europesays.com\/fr\/wp-json\/wp\/v2\/types\/post"}],"author":[{"embeddable":true,"href":"https:\/\/www.europesays.com\/fr\/wp-json\/wp\/v2\/users\/2"}],"replies":[{"embeddable":true,"href":"https:\/\/www.europesays.com\/fr\/wp-json\/wp\/v2\/comments?post=112322"}],"version-history":[{"count":0,"href":"https:\/\/www.europesays.com\/fr\/wp-json\/wp\/v2\/posts\/112322\/revisions"}],"wp:featuredmedia":[{"embeddable":true,"href":"https:\/\/www.europesays.com\/fr\/wp-json\/wp\/v2\/media\/112323"}],"wp:attachment":[{"href":"https:\/\/www.europesays.com\/fr\/wp-json\/wp\/v2\/media?parent=112322"}],"wp:term":[{"taxonomy":"category","embeddable":true,"href":"https:\/\/www.europesays.com\/fr\/wp-json\/wp\/v2\/categories?post=112322"},{"taxonomy":"post_tag","embeddable":true,"href":"https:\/\/www.europesays.com\/fr\/wp-json\/wp\/v2\/tags?post=112322"}],"curies":[{"name":"wp","href":"https:\/\/api.w.org\/{rel}","templated":true}]}}