{"id":112324,"date":"2025-05-19T17:44:08","date_gmt":"2025-05-19T17:44:08","guid":{"rendered":"https:\/\/www.europesays.com\/fr\/112324\/"},"modified":"2025-05-19T17:44:08","modified_gmt":"2025-05-19T17:44:08","slug":"les-perturbations-se-multiplient-sur-les-routes-de-haute-garonne","status":"publish","type":"post","link":"https:\/\/www.europesays.com\/fr\/112324\/","title":{"rendered":"les perturbations se multiplient sur les routes de Haute-Garonne"},"content":{"rendered":"<p>            Par<br \/>\n        <strong><br \/>\n            <a href=\"https:\/\/actu.fr\/auteur\/david-saint-sernin\" title=\"Consulter tous les articles de David Saint-Sernin\" target=\"_blank\" rel=\"noopener\">David Saint-Sernin<\/a><br \/>\n        <\/strong><\/p>\n<p>        Publi\u00e9 le<\/p>\n<p>            19 mai 2025 \u00e0 18h05        <\/p>\n<p>Lundi 19 mai, c\u2019est un <strong>d\u00e9luge de gr\u00eale<\/strong> qui s\u2019est abattu, en milieu d\u2019apr\u00e8s-midi, au sud-ouest de<strong> Toulouse.<\/strong> La cons\u00e9quence d\u2019un <a href=\"https:\/\/actu.fr\/occitanie\/toulouse_31555\/un-orage-supercellulaire-touche-le-sud-ouest-de-toulouse-des-grelons-de-6-a-7-centimetres_62656841.html\" target=\"_blank\" rel=\"noopener\">orage supercellulaire qui a travers\u00e9 le d\u00e9partement<\/a>, et a connu une intensit\u00e9 folle entre Le Fousseret et Muret.<\/p>\n<p>Perturbations nombreuses<\/p>\n<p class=\" wall-content\">Ce lundi soir, les perturbations sont nombreuses sur le r\u00e9seau routier, m\u00eame si le D\u00e9partement de la Haute-Garonne l\u2019assure : <strong>\u00ab\u00a0il n\u2019y a pas de route ferm\u00e9e<\/strong> pour le moment sur le r\u00e9seau routier d\u00e9partemental\u00a0\u00bb.<\/p>\n<p class=\" wall-content\">Vers 17h30, de nombreuses interventions effectu\u00e9es par la Direction des Routes du D\u00e9partement de la Haute-Garonne \u00e9taient en cours sur les secteurs de Boulogne-sur-Gesse et Caz\u00e8res, annonce le D\u00e9partement. Voici le d\u00e9tail :<\/p>\n<p>Sur le secteur de Boulogne-sur-Gesse<\/p>\n<ul class=\" wall-content\">\n<li>Branches et gr\u00eale sur chauss\u00e9e \u2013 Balayage chauss\u00e9e en cours \u00a0: RD 8 de AULON \u00e0 MONTOULIEU<\/li>\n<li>Branches et gr\u00eale sur chauss\u00e9e \u2013 Balayage chauss\u00e9e en cours : RD 635 de CASSAGNABERE TOURNAS \u00e0 BOUSSENS<\/li>\n<li>Branches et gr\u00eale sur chauss\u00e9e \u2013 Balayage chauss\u00e9e en cours : RD 23 de AURIGNAC \u00e0 BOUSSAN<\/li>\n<li>Branches et gr\u00eale sur chauss\u00e9e \u2013 Balayage chauss\u00e9e en cours : RD 8 SAMOUILLAN<\/li>\n<li>Coul\u00e9es de boues sur chauss\u00e9e : RD 36 \u00e0 PEYRISSAS\u00a0<br \/>\u00a0<\/li>\n<\/ul>\n<p>Secteur routier de Caz\u00e8res\u00a0<\/p>\n<ul class=\" wall-content\">\n<li>Branches et gr\u00eale sur chauss\u00e9e \u2013 Balayage chauss\u00e9e en cours\u00a0 : RD 6 LE PLAN \/ COULAD\u00c8RE<\/li>\n<li>Branches et gr\u00eale sur chauss\u00e9e \u2013 Balayage chauss\u00e9e en cours : RD 10 LONGAGES \/ RD 10 NO\u00c9 \/ RD 617 NO\u00c9<\/li>\n<li>Branches et gr\u00eale sur chauss\u00e9e \u2013 Balayage chauss\u00e9e en cours : RD 626b GRATENS \/ RD 73 BOIS DE LA PIERRE<\/li>\n<li>Branches et feuilles sur chauss\u00e9e \u2013 Balayage chauss\u00e9e en cours : RD 627 MONTESQUIEU\/RIEUX \/ RD 40 MONTESQUIEU \/ RD 25B MONTESQUIEU<\/li>\n<li>Coul\u00e9es de boues sur chauss\u00e9e : RD 36 entre MONTOUSSIN et MONTEGUT-BOURJEAC<br \/>Passage \u00e0 niveau bloqu\u00e9 RD 10 LONGAGES (intervention SNCF en cours)\u00a0<br \/>\u00a0<\/li>\n<\/ul>\n<p class=\" wall-content\">Suivez toute l\u2019actualit\u00e9 de vos villes et m\u00e9dias favoris en vous inscrivant \u00e0 <a href=\"https:\/\/moncompte.actu.fr\" title=\"D\u00e9couvez Mon Actu\" rel=\"nofollow noopener\" data-trk=\"{&quot;cta&quot;:{&quot;action&quot;:&quot;https:\\\/\\\/moncompte.actu.fr&quot;,&quot;category&quot;:&quot;mon compte&quot;,&quot;from&quot;:&quot;article footer&quot;,&quot;name&quot;:&quot;Mon actu&quot;,&quot;type&quot;:&quot;cta&quot;}}\" target=\"_blank\">Mon Actu<\/a>.<\/p>\n","protected":false},"excerpt":{"rendered":"Par David Saint-Sernin Publi\u00e9 le 19 mai 2025 \u00e0 18h05 Lundi 19 mai, c\u2019est un d\u00e9luge de gr\u00eale&hellip;\n","protected":false},"author":2,"featured_media":112325,"comment_status":"","ping_status":"","sticky":false,"template":"","format":"standard","meta":{"footnotes":""},"categories":[4],"tags":[11,1011,27,12,4594,25,104],"class_list":{"0":"post-112324","1":"post","2":"type-post","3":"status-publish","4":"format-standard","5":"has-post-thumbnail","7":"category-france","8":"tag-actualites","9":"tag-fr","10":"tag-france","11":"tag-news","12":"tag-orages","13":"tag-republique-francaise","14":"tag-societe"},"share_on_mastodon":{"url":"https:\/\/pubeurope.com\/@fr\/114535744344533315","error":""},"_links":{"self":[{"href":"https:\/\/www.europesays.com\/fr\/wp-json\/wp\/v2\/posts\/112324","targetHints":{"allow":["GET"]}}],"collection":[{"href":"https:\/\/www.europesays.com\/fr\/wp-json\/wp\/v2\/posts"}],"about":[{"href":"https:\/\/www.europesays.com\/fr\/wp-json\/wp\/v2\/types\/post"}],"author":[{"embeddable":true,"href":"https:\/\/www.europesays.com\/fr\/wp-json\/wp\/v2\/users\/2"}],"replies":[{"embeddable":true,"href":"https:\/\/www.europesays.com\/fr\/wp-json\/wp\/v2\/comments?post=112324"}],"version-history":[{"count":0,"href":"https:\/\/www.europesays.com\/fr\/wp-json\/wp\/v2\/posts\/112324\/revisions"}],"wp:featuredmedia":[{"embeddable":true,"href":"https:\/\/www.europesays.com\/fr\/wp-json\/wp\/v2\/media\/112325"}],"wp:attachment":[{"href":"https:\/\/www.europesays.com\/fr\/wp-json\/wp\/v2\/media?parent=112324"}],"wp:term":[{"taxonomy":"category","embeddable":true,"href":"https:\/\/www.europesays.com\/fr\/wp-json\/wp\/v2\/categories?post=112324"},{"taxonomy":"post_tag","embeddable":true,"href":"https:\/\/www.europesays.com\/fr\/wp-json\/wp\/v2\/tags?post=112324"}],"curies":[{"name":"wp","href":"https:\/\/api.w.org\/{rel}","templated":true}]}}