{"id":112344,"date":"2025-05-19T17:54:08","date_gmt":"2025-05-19T17:54:08","guid":{"rendered":"https:\/\/www.europesays.com\/fr\/112344\/"},"modified":"2025-05-19T17:54:08","modified_gmt":"2025-05-19T17:54:08","slug":"connaissez-vous-facileo-une-nouvelle-appli-creee-a-rouen-pour-les-personnes-en-situation-de-handicap","status":"publish","type":"post","link":"https:\/\/www.europesays.com\/fr\/112344\/","title":{"rendered":"Connaissez-vous Facileo, une nouvelle appli cr\u00e9\u00e9e \u00e0 Rouen, pour les personnes en situation de handicap\u00a0?"},"content":{"rendered":"<p>            Par<br \/>\n        <strong><br \/>\n            <a href=\"https:\/\/actu.fr\/auteur\/laredaction\" title=\"Consulter tous les articles de R\u00e9daction Normandie\" target=\"_blank\" rel=\"noopener\">R\u00e9daction Normandie<\/a><br \/>\n        <\/strong><\/p>\n<p>        Publi\u00e9 le<\/p>\n<p>            19 mai 2025 \u00e0 19h14        <\/p>\n<p>Facileo, une toute nouvelle application, s\u2019appr\u00eate \u00e0 voir le jour \u00e0 <a href=\"https:\/\/actu.fr\/normandie\/rouen_76540\" target=\"_blank\" rel=\"noopener\">Rouen<\/a>, en Seine-Maritime. Con\u00e7ue par Adam Facileo, avec l\u2019aide de son p\u00e8re et de son fr\u00e8re, elle vise \u00e0 accompagner les <strong>personnes en situation de handicap<\/strong> dans leur quotidien.<br \/>Explications.<\/p>\n<p>La gen\u00e8se du projet<\/p>\n<p class=\" wall-content\">Depuis plus de trois mois, Adam Fortin co-fondateur de l\u2019association ASINUR travaille sur le prototype de son application\u2009: Facileo, pendant son temps libre. Accompagn\u00e9 de son p\u00e8re et de son fr\u00e8re, il souligne qu\u2019il a \u00ab\u2009\u00e0 c\u0153ur ce projet\u2009\u00bb.<\/p>\n<p class=\" wall-content\">Pour cause\u2009: cette id\u00e9e n\u2019est pas n\u00e9e par hasard. Adam a \u00e9t\u00e9 profond\u00e9ment touch\u00e9 par le handicap de son p\u00e8re, atteint de <strong>scl\u00e9rose en plaques<\/strong> depuis plus de 28\u00a0ans. Il explique\u2009: \u00ab<\/p>\n<blockquote class=\"ac-article-quote wall-content\">\n<p>Je l\u2019ai toujours connu avec cette maladie, mais elle s\u2019aggrave\u2009\u00bb, avant d\u2019ajouter \u00ab\u2009Avant, je pouvais faire du foot avec lui, maintenant, il est en fauteuil roulant\u2009\u00bb.<\/p>\n<p>    <strong>Adam Fortin<\/strong>\n            <\/p><\/blockquote>\n<p class=\" wall-content\">\u00ab\u2009Le plus gros probl\u00e8me de mon p\u00e8re, c\u2019est la mobilit\u00e9\u2009\u00bb, c\u2019est ce qui l\u2019a pouss\u00e9 \u00e0 entamer ce projet. Il souhaite, \u00e0 travers cette application, non seulement aider son p\u00e8re, mais aider d\u2019autres personnes dans des situations similaires.<\/p>\n<p class=\" wall-content\">Mais selon lui, <a href=\"https:\/\/actu.fr\/normandie\/le-havre_76351\/le-handicap-c-est-transversal-pourquoi-l-accessibilite-au-havre-est-elle-si-difficile_62014044.html\" target=\"_blank\" rel=\"noopener\">la mobilit\u00e9<\/a> n\u2019est pas le seul d\u00e9fi auquel font face les personnes en situation de handicap\u2009: \u00ab\u2009l\u2019autre grand souci, c\u2019est l\u2019isolement\u2009\u00bb. Il souhaite que chacun puisse se sentir entour\u00e9, inform\u00e9 et soutenu.<\/p>\n<p>Comment va fonctionner cette appli\u2009?<\/p>\n<p class=\" wall-content\">Cette nouvelle application comprendra six fonctionnalit\u00e9s.<\/p>\n<p class=\" wall-content\">La premi\u00e8re, une \u00ab\u2009<strong>carte<\/strong>\u2009\u00bb, qui permettra de localiser au mieux les lieux accessibles aux personnes en situation de handicap.<\/p>\n<p class=\" wall-content\">La seconde, intitul\u00e9e \u00ab\u2009<strong>ASINUR<\/strong>\u2009\u00bb en r\u00e9f\u00e9rence \u00e0 une fonctionnalit\u00e9 d\u00e9j\u00e0 disponible sur le site internet de leur association, permet de \u00ab\u2009rapporter des probl\u00e8mes\u2009\u00bb, dit-il, afin que les utilisateurs puissent par exemple signaler les lieux qui ne leur sont pas accessibles pour que, \u201cnous communiquions aux mairies qui sont oblig\u00e9es depuis 2005 d\u2019adapter les lieux.\u201d<\/p>\n<p class=\" wall-content\">La troisi\u00e8me, intitul\u00e9e \u00ab<strong>\u2009carburant<\/strong>\u2009\u00bb pens\u00e9e pour les personnes handicap\u00e9es qui peuvent encore conduire, offre la possibilit\u00e9 \u00ab\u2009de s\u2019en servir pour demander une assistance \u00e0 un pompier, qui viendra faire le plein de ta voiture\u2009\u00bb.<\/p>\n<p class=\" wall-content\">La quatri\u00e8me, \u00ab\u2009<strong>finance<\/strong>\u2009\u00bb\u2009: permettra de calculer les aides sociales auxquelles les utilisateurs peuvent pr\u00e9tendre, car \u00ab\u2009certains ne savent pas \u00e0 quoi ils peuvent avoir acc\u00e8s\u2009\u00bb, pr\u00e9cise-t-il.<\/p>\n<p class=\" wall-content\">La cinqui\u00e8me fonctionnalit\u00e9, fonctionnera comme un r\u00e9seau social. Elle est con\u00e7ue pour, \u00ab\u2009permettre aux personnes en situation de handicap de discuter avec des personnes qui ont le m\u00eame handicap qu\u2019eux, pour ne pas se sentir seul\u2009\u00bb, pr\u00e9cise Adam Fortin.<\/p>\n<p class=\" wall-content\">Il conclut en nous expliquant, qu\u2019il y aura \u00ab\u2009une derni\u00e8re fonction, mais on n\u2019en parle pas encore.\u2009\u00bb<\/p>\n<p>Un lancement imminent<\/p>\n<p class=\" wall-content\">Adam Fortin pr\u00e9cise que l\u2019application ne sera pas compl\u00e8te d\u00e8s son lancement. Dans un premier temps, seules les fonctionnalit\u00e9s \u00ab\u2009Carte\u2009\u00bb et \u201cAISNUR\u201d seront disponibles. Ces deux options ont \u00e9t\u00e9 retenues \u00e0 la suite d\u2019un sondage r\u00e9alis\u00e9 aupr\u00e8s de 60\u00a0personnes, qui les ont identifi\u00e9es comme les plus prioritaires.<\/p>\n<p class=\" wall-content\">\u00ab\u2009C\u2019est un co\u00fbt\u2009\u00bb, explique Adam. Les autres fonctionnalit\u00e9s seront ajout\u00e9es progressivement. Le lancement de Facileo est pr\u00e9vu dans environ trois \u00e0 quatre mois.<\/p>\n<p class=\" wall-content\">Cette initiative s\u2019inscrit dans le cadre de la 17e \u00e9dition du concours cr\u00e9atif des jeunes Rouennais, qui s\u2019est tenu cette ann\u00e9e. \u00c0 cette occasion, la m\u00e9tropole a soutenu neuf laur\u00e9ats, en leur accordant une aide financi\u00e8re comprise entre 1\u2009000 et 7\u2009500\u00a0euros, pour des projets r\u00e9pondant aux enjeux de transition socio-\u00e9cologique de la m\u00e9tropole.<\/p>\n<p class=\" wall-content\"><strong>No\u00e8mie Vasse<\/strong><\/p>\n<p>Infos pratiques\u2009: Site web de leur association\u2009: https:\/\/asinur.org*<\/p>\n<p>Suivez l\u2019actualit\u00e9 de Rouen sur notre<a href=\"https:\/\/www.whatsapp.com\/channel\/0029VaKfnf99hXF2ddApFB1D\" target=\"_blank\" rel=\"noopener\"> cha\u00eene WhatsApp<\/a> et sur notre<a href=\"https:\/\/www.tiktok.com\/@76actu.fr?lang=fr\" target=\"_blank\" rel=\"noopener\"> compte TikTok<\/a><\/p>\n<p class=\" wall-content\">Suivez toute l\u2019actualit\u00e9 de vos villes et m\u00e9dias favoris en vous inscrivant \u00e0 <a href=\"https:\/\/moncompte.actu.fr\" title=\"D\u00e9couvez Mon Actu\" rel=\"nofollow noopener\" data-trk=\"{&quot;cta&quot;:{&quot;action&quot;:&quot;https:\\\/\\\/moncompte.actu.fr&quot;,&quot;category&quot;:&quot;mon compte&quot;,&quot;from&quot;:&quot;article footer&quot;,&quot;name&quot;:&quot;Mon actu&quot;,&quot;type&quot;:&quot;cta&quot;}}\" target=\"_blank\">Mon Actu<\/a>.<\/p>\n<p>                    <script async src=\"\/\/www.tiktok.com\/embed.js\"><\/script><\/p>\n","protected":false},"excerpt":{"rendered":"Par R\u00e9daction Normandie Publi\u00e9 le 19 mai 2025 \u00e0 19h14 Facileo, une toute nouvelle application, s\u2019appr\u00eate \u00e0 voir&hellip;\n","protected":false},"author":2,"featured_media":112345,"comment_status":"","ping_status":"","sticky":false,"template":"","format":"standard","meta":{"footnotes":""},"categories":[9587],"tags":[1111,11,1777,674,1011,27,1943,5701,12,5161,25,9590,104,3400],"class_list":{"0":"post-112344","1":"post","2":"type-post","3":"status-publish","4":"format-standard","5":"has-post-thumbnail","7":"category-rouen","8":"tag-actu","9":"tag-actualites","10":"tag-eu","11":"tag-europe","12":"tag-fr","13":"tag-france","14":"tag-handicap","15":"tag-innovation","16":"tag-news","17":"tag-normandie","18":"tag-republique-francaise","19":"tag-rouen","20":"tag-societe","21":"tag-solidarite"},"share_on_mastodon":{"url":"https:\/\/pubeurope.com\/@fr\/114535783627839036","error":""},"_links":{"self":[{"href":"https:\/\/www.europesays.com\/fr\/wp-json\/wp\/v2\/posts\/112344","targetHints":{"allow":["GET"]}}],"collection":[{"href":"https:\/\/www.europesays.com\/fr\/wp-json\/wp\/v2\/posts"}],"about":[{"href":"https:\/\/www.europesays.com\/fr\/wp-json\/wp\/v2\/types\/post"}],"author":[{"embeddable":true,"href":"https:\/\/www.europesays.com\/fr\/wp-json\/wp\/v2\/users\/2"}],"replies":[{"embeddable":true,"href":"https:\/\/www.europesays.com\/fr\/wp-json\/wp\/v2\/comments?post=112344"}],"version-history":[{"count":0,"href":"https:\/\/www.europesays.com\/fr\/wp-json\/wp\/v2\/posts\/112344\/revisions"}],"wp:featuredmedia":[{"embeddable":true,"href":"https:\/\/www.europesays.com\/fr\/wp-json\/wp\/v2\/media\/112345"}],"wp:attachment":[{"href":"https:\/\/www.europesays.com\/fr\/wp-json\/wp\/v2\/media?parent=112344"}],"wp:term":[{"taxonomy":"category","embeddable":true,"href":"https:\/\/www.europesays.com\/fr\/wp-json\/wp\/v2\/categories?post=112344"},{"taxonomy":"post_tag","embeddable":true,"href":"https:\/\/www.europesays.com\/fr\/wp-json\/wp\/v2\/tags?post=112344"}],"curies":[{"name":"wp","href":"https:\/\/api.w.org\/{rel}","templated":true}]}}