{"id":1123533,"date":"2026-08-13T02:24:31","date_gmt":"2026-08-13T02:24:31","guid":{"rendered":"https:\/\/www.europesays.com\/fr\/1123533\/"},"modified":"2026-08-13T02:24:31","modified_gmt":"2026-08-13T02:24:31","slug":"meteo-quel-temps-fera-t-il-a-vandoeuvre-les-nancy-et-ses-environs-le-mercredi-12-aout-2026","status":"publish","type":"post","link":"https:\/\/www.europesays.com\/fr\/1123533\/","title":{"rendered":"M\u00e9t\u00e9o. Quel temps fera-t-il \u00e0 Vand\u0153uvre-l\u00e8s-Nancy et ses environs le mercredi 12 ao\u00fbt 2026 ?"},"content":{"rendered":"<p data-ofstats-scroll=\"read_depth_20\">Au petit matin, le ciel restera parfaitement d\u00e9gag\u00e9 sous une fra\u00eecheur l\u00e9g\u00e8re, avec une temp\u00e9rature avoisinant 19 \u00e0 20 \u00b0C. La chaleur s\u2019installera peu \u00e0 peu pour atteindre 26 \u00b0C en fin de matin\u00e9e, tandis que l\u2019humidit\u00e9 diminuera nettement et rendra l\u2019air plus sec. Le vent, d\u2019abord orient\u00e9 au Nord-Est \u00e0 10 km\/h avec des rafales \u00e0 20 km\/h, tournera vers l\u2019Est-Nord-Est et conservera 10 km\/h, avec des rafales pouvant atteindre 25 km\/h, annon\u00e7ant une journ\u00e9e d\u00e9j\u00e0 bien chaude.<\/p>\n<p data-ofstats-scroll=\"read_depth_30\">L\u2019apr\u00e8s-midi sera domin\u00e9e par un ciel clair et stable, dans le prolongement de la matin\u00e9e, sans \u00e9volution notable de la n\u00e9bulosit\u00e9. Les temp\u00e9ratures progresseront nettement, passant d\u2019environ 28 \u00b0C en d\u00e9but de p\u00e9riode \u00e0 un maximum proche de 33 \u00b0C en fin d\u2019apr\u00e8s-midi. Le vent soufflera d\u2019Est-Nord-Est, plus marqu\u00e9 autour de 13 h avec 15 km\/h, puis reviendra vers 10 km\/h. Les rafales resteront soutenues, atteignant 25 \u00e0 30 km\/h. L\u2019humidit\u00e9 reculera au fil des heures, renfor\u00e7ant l\u2019impression de chaleur s\u00e8che.<\/p>\n<p data-ofstats-scroll=\"read_depth_50\">En soir\u00e9e du mercredi 12 ao\u00fbt 2026, la tendance chaude de l\u2019apr\u00e8s-midi se prolongera avec un ciel toujours d\u00e9gag\u00e9 et une temp\u00e9rature \u00e9lev\u00e9e, se maintenant autour de 33 \u00b0C en d\u00e9but de p\u00e9riode avant de d\u00e9cro\u00eetre vers 29 \u00b0C en fin de soir\u00e9e. Le vent soufflera de l\u2019Est-Nord-Est, d\u2019abord mod\u00e9r\u00e9 \u00e0 15 km\/h avec des rafales pouvant atteindre 30 km\/h, puis faiblira autour de 10 km\/h avec des rafales d\u00e9croissant \u00e0 20 km\/h. L\u2019humidit\u00e9 \u00e9voluera l\u00e9g\u00e8rement, tout en conservant un niveau bas et une atmosph\u00e8re s\u00e8che et lourde.<\/p>\n<p data-ofstats-scroll=\"read_depth_70\">Au cours de la nuit du mercredi 12 au jeudi 13 ao\u00fbt 2026, la baisse des temp\u00e9ratures se poursuivra, passant de 27 \u00b0C en d\u00e9but de nuit \u00e0 23 \u00b0C juste avant l\u2019aube. Le vent restera faible, oscillant entre 5 et 10 km\/h, avec des rafales pouvant atteindre 15 km\/h, et soufflera d\u2019abord du Nord-Est puis de l\u2019Est-Nord-Est, dans le prolongement des heures pr\u00e9c\u00e9dentes. Le ciel demeurera clair de bout en bout, tandis que l\u2019humidit\u00e9 progressera lentement et renforcera la sensation de douceur nocturne.<\/p>\n<p data-ofstats-scroll=\"read_depth_90\">Pour la journ\u00e9e de jeudi, dans la continuit\u00e9 de la nuit calme et claire, le ciel restera d\u00e9gag\u00e9 du matin au soir, sans \u00e9volution notable de la n\u00e9bulosit\u00e9. Les temp\u00e9ratures progresseront r\u00e9guli\u00e8rement, passant d\u2019un d\u00e9but de matin\u00e9e doux autour de 22 \u00b0C \u00e0 des valeurs plus \u00e9lev\u00e9es en apr\u00e8s-midi, atteignant 33 \u00e0 36 \u00b0C en fin de journ\u00e9e. Le vent restera faible, variant de 5 \u00e0 10 km\/h, avec des rafales pouvant atteindre 15 \u00e0 20 km\/h, et s\u2019orientera peu \u00e0 peu de l\u2019Est-Nord-Est vers l\u2019Est-Sud-Est au fil des heures, confirmant un temps estival bien \u00e9tabli.<\/p>\n<p data-ofstats-scroll=\"read_depth_90\"><a href=\"https:\/\/www.ouest-france.fr\/meteo\/grand-est\/vandoeuvre-les-nancy-54500\/\" rel=\"nofollow noopener\" target=\"_blank\">Suivez la m\u00e9t\u00e9o de votre commune en temps r\u00e9el<\/a><\/p>\n<p data-ofstats-scroll=\"read_depth_100\">Ouest-France vous donne \u00e9galement la possibilit\u00e9 de conna\u00eetre la m\u00e9t\u00e9o de votre commune, heure par heure, sur notre page m\u00e9t\u00e9o d\u00e9di\u00e9e<\/p>\n","protected":false},"excerpt":{"rendered":"Au petit matin, le ciel restera parfaitement d\u00e9gag\u00e9 sous une fra\u00eecheur l\u00e9g\u00e8re, avec une temp\u00e9rature avoisinant 19 \u00e0&hellip;\n","protected":false},"author":2,"featured_media":1123534,"comment_status":"","ping_status":"","sticky":false,"template":"","format":"standard","meta":{"footnotes":"","_share_on_mastodon":"0"},"categories":[9635],"tags":[1111,11,11734,1777,674,1011,27,775,1702,9847,12,25,24495,5711],"class_list":["post-1123533","post","type-post","status-publish","format-standard","has-post-thumbnail","category-nancy","tag-actu","tag-actualites","tag-bois-de-haye","tag-eu","tag-europe","tag-fr","tag-france","tag-grand-est","tag-nancy","tag-neuves-maisons","tag-news","tag-republique-francaise","tag-richardmenil","tag-vandoeuvre-les-nancy"],"share_on_mastodon":{"url":"https:\/\/pubeurope.com\/@fr\/117085828994498673","error":""},"_links":{"self":[{"href":"https:\/\/www.europesays.com\/fr\/wp-json\/wp\/v2\/posts\/1123533","targetHints":{"allow":["GET"]}}],"collection":[{"href":"https:\/\/www.europesays.com\/fr\/wp-json\/wp\/v2\/posts"}],"about":[{"href":"https:\/\/www.europesays.com\/fr\/wp-json\/wp\/v2\/types\/post"}],"author":[{"embeddable":true,"href":"https:\/\/www.europesays.com\/fr\/wp-json\/wp\/v2\/users\/2"}],"replies":[{"embeddable":true,"href":"https:\/\/www.europesays.com\/fr\/wp-json\/wp\/v2\/comments?post=1123533"}],"version-history":[{"count":0,"href":"https:\/\/www.europesays.com\/fr\/wp-json\/wp\/v2\/posts\/1123533\/revisions"}],"wp:featuredmedia":[{"embeddable":true,"href":"https:\/\/www.europesays.com\/fr\/wp-json\/wp\/v2\/media\/1123534"}],"wp:attachment":[{"href":"https:\/\/www.europesays.com\/fr\/wp-json\/wp\/v2\/media?parent=1123533"}],"wp:term":[{"taxonomy":"category","embeddable":true,"href":"https:\/\/www.europesays.com\/fr\/wp-json\/wp\/v2\/categories?post=1123533"},{"taxonomy":"post_tag","embeddable":true,"href":"https:\/\/www.europesays.com\/fr\/wp-json\/wp\/v2\/tags?post=1123533"}],"curies":[{"name":"wp","href":"https:\/\/api.w.org\/{rel}","templated":true}]}}