{"id":112356,"date":"2025-05-19T18:02:09","date_gmt":"2025-05-19T18:02:09","guid":{"rendered":"https:\/\/www.europesays.com\/fr\/112356\/"},"modified":"2025-05-19T18:02:09","modified_gmt":"2025-05-19T18:02:09","slug":"la-seance-interrompue-par-des-manifestants-pro-palestiniens","status":"publish","type":"post","link":"https:\/\/www.europesays.com\/fr\/112356\/","title":{"rendered":"la s\u00e9ance interrompue&#8230; par des manifestants pro-palestiniens"},"content":{"rendered":"<p>Longue journ\u00e9e, d\u00e9cid\u00e9ment, pour les \u00e9lus du conseil municipal de Strasbourg \u00a0: apr\u00e8s <a href=\"https:\/\/www.dna.fr\/faits-divers-justice\/2025\/05\/19\/manifestation-des-taxis-et-des-forains-le-rassemblement-des-taxis-en-cours-a-brumath\" target=\"_blank\" rel=\"nofollow noopener\">le coup de force organis\u00e9 par les forains<\/a> devant le centre administratif tout au long de ce lundi 19 mai, la s\u00e9ance a finalement pu d\u00e9marrer \u00e0 18h&#8230; Avant d&rsquo;\u00eatre rapidement interrompue par une intrusion inattendue \u00a0: quelques militants pro-palestiniens qui ont port\u00e9, bruyamment et drapeau \u00e0 l&rsquo;appui, la <a href=\"https:\/\/www.dna.fr\/france-monde\/israel\" target=\"_blank\" rel=\"nofollow noopener\">cause palestinienne<\/a> dans l&rsquo;h\u00e9micycle.<\/p>\n<p>Une cinquantaine de manifestants devant le centre administratif<\/p>\n<p>Le collectif Palestine 67 avait \u00e9galement r\u00e9uni une cinquantaine de manifestants pacifiques sur le parvis du centre administratif.<\/p>\n<p>La maire de Strasbourg Jeanne Barseghian a interrompu la s\u00e9ance et demand\u00e9 l&rsquo;\u00e9vacuation des manifestants, pr\u00e9cisant qu&rsquo;elle \u00e9tait \u00ab pr\u00eate \u00e0 d\u00e9battre avec tout le monde, mais pas comme \u00e7a\u00a0\u00bb. La s\u00e9ance a repris quelques instants plus tard.<\/p>\n<p>Dans un calme tranchant avec l&rsquo;intrusion au balcon du conseil, le porte-parole de Palestine 67 Herv\u00e9 Gourvitch a dit l&rsquo;inqui\u00e9tude du collectif face \u00e0 l&rsquo;entr\u00e9e de l&rsquo;arm\u00e9e isra\u00e9lienne dans la bande de Gaza aujourd&rsquo;hui. Il a demand\u00e9 \u00e0 la maire de Strasbourg (dans un courrier envoy\u00e9 samedi ) l&rsquo;arr\u00eat imm\u00e9diat et d\u00e9finitif du jumelage avec Ramat Gan.<\/p>\n","protected":false},"excerpt":{"rendered":"Longue journ\u00e9e, d\u00e9cid\u00e9ment, pour les \u00e9lus du conseil municipal de Strasbourg \u00a0: apr\u00e8s le coup de force organis\u00e9&hellip;\n","protected":false},"author":2,"featured_media":112357,"comment_status":"","ping_status":"","sticky":false,"template":"","format":"standard","meta":{"footnotes":""},"categories":[2820],"tags":[1111,11,2389,2649,1984,2880,1777,674,107,1011,27,775,1757,12,3518,316,25,640,2879],"class_list":{"0":"post-112356","1":"post","2":"type-post","3":"status-publish","4":"format-standard","5":"has-post-thumbnail","7":"category-strasbourg","8":"tag-actu","9":"tag-actualites","10":"tag-alsace","11":"tag-bas-rhin","12":"tag-conseil-municipal","13":"tag-edition-strasbourg","14":"tag-eu","15":"tag-europe","16":"tag-fil-info","17":"tag-fr","18":"tag-france","19":"tag-grand-est","20":"tag-insolite","21":"tag-news","22":"tag-palestine","23":"tag-politique","24":"tag-republique-francaise","25":"tag-strasbourg","26":"tag-strasbourg-ville"},"share_on_mastodon":{"url":"https:\/\/pubeurope.com\/@fr\/114535815133308388","error":""},"_links":{"self":[{"href":"https:\/\/www.europesays.com\/fr\/wp-json\/wp\/v2\/posts\/112356","targetHints":{"allow":["GET"]}}],"collection":[{"href":"https:\/\/www.europesays.com\/fr\/wp-json\/wp\/v2\/posts"}],"about":[{"href":"https:\/\/www.europesays.com\/fr\/wp-json\/wp\/v2\/types\/post"}],"author":[{"embeddable":true,"href":"https:\/\/www.europesays.com\/fr\/wp-json\/wp\/v2\/users\/2"}],"replies":[{"embeddable":true,"href":"https:\/\/www.europesays.com\/fr\/wp-json\/wp\/v2\/comments?post=112356"}],"version-history":[{"count":0,"href":"https:\/\/www.europesays.com\/fr\/wp-json\/wp\/v2\/posts\/112356\/revisions"}],"wp:featuredmedia":[{"embeddable":true,"href":"https:\/\/www.europesays.com\/fr\/wp-json\/wp\/v2\/media\/112357"}],"wp:attachment":[{"href":"https:\/\/www.europesays.com\/fr\/wp-json\/wp\/v2\/media?parent=112356"}],"wp:term":[{"taxonomy":"category","embeddable":true,"href":"https:\/\/www.europesays.com\/fr\/wp-json\/wp\/v2\/categories?post=112356"},{"taxonomy":"post_tag","embeddable":true,"href":"https:\/\/www.europesays.com\/fr\/wp-json\/wp\/v2\/tags?post=112356"}],"curies":[{"name":"wp","href":"https:\/\/api.w.org\/{rel}","templated":true}]}}