{"id":112390,"date":"2025-05-19T18:20:12","date_gmt":"2025-05-19T18:20:12","guid":{"rendered":"https:\/\/www.europesays.com\/fr\/112390\/"},"modified":"2025-05-19T18:20:12","modified_gmt":"2025-05-19T18:20:12","slug":"vole-en-1988-le-buste-de-la-tombe-de-jim-morrison-reapparait-par-hasard-a-paris","status":"publish","type":"post","link":"https:\/\/www.europesays.com\/fr\/112390\/","title":{"rendered":"Vol\u00e9 en 1988, le buste de la tombe de Jim Morrison r\u00e9appara\u00eet par hasard \u00e0 Paris"},"content":{"rendered":"<p>La sculpture du chanteur des Doors, vol\u00e9e en 1988 sur sa tombe parisienne, a \u00e9t\u00e9 d\u00e9couverte fortuitement lors d\u2019une perquisition men\u00e9e dans une affaire d\u2019escroquerie.<\/p>\n<p>&#13;<br \/>\n&#13;<\/p>\n<p>Plus de trois d\u00e9cennies apr\u00e8s sa disparition, le buste de Jim Morrison, qui ornait sa tombe au cimeti\u00e8re du P\u00e8re-Lachaise, vient d\u2019\u00eatre retrouv\u00e9. L\u2019annonce a \u00e9t\u00e9 faite par la police judiciaire de Paris, qui a partag\u00e9 la nouvelle sur ses r\u00e9seaux sociaux, confirmant une information r\u00e9v\u00e9l\u00e9e par RTL France.<\/p>\n<blockquote class=\"twitter-tweet\" data-media-max-width=\"560\">\n<p dir=\"ltr\" lang=\"fr\" xml:lang=\"fr\">INFO RTL &#8211; Le buste de Jim Morrison, disparu depuis 1988, retrouv\u00e9 par hasard en marge d&rsquo;une enqu\u00eate pour escroquerie <a href=\"https:\/\/t.co\/A4cT7RUjrT\" rel=\"nofollow\">https:\/\/t.co\/A4cT7RUjrT<\/a><\/p>\n<p>\u2014 RTL France (@RTLFrance) <a href=\"https:\/\/twitter.com\/RTLFrance\/status\/1924187343633690810?ref_src=twsrc%5Etfw\" rel=\"nofollow noopener\" target=\"_blank\">May 18, 2025<\/a><\/p><\/blockquote>\n<p>Le buste, \u0153uvre de l\u2019artiste croate Mladen Mikulin, avait \u00e9t\u00e9 install\u00e9 en 1981 pour les dix ans de la mort de Jim Morrison, chanteur mythique du groupe The Doors. Il avait \u00e9t\u00e9 vol\u00e9 en 1988, dans des circonstances rest\u00e9es floues.<\/p>\n<p>&#13;<br \/>\n&#13;<\/p>\n<p>&#13;<br \/>\n&#13;<\/p>\n<p>C\u2019est finalement au cours d\u2019une perquisition men\u00e9e dans une enqu\u00eate pour escroquerie par la brigade financi\u00e8re et anticorruption de la police judiciaire parisienne que la sculpture a refait surface, totalement par hasard. Aucune pr\u00e9cision n\u2019a pour l\u2019instant \u00e9t\u00e9 donn\u00e9e sur l\u2019identit\u00e9 de la personne chez qui le buste a \u00e9t\u00e9 retrouv\u00e9, ni sur les conditions exactes de sa conservation.<\/p>\n<p>Un symbole culte pour des milliers de fans<\/p>\n<p>D\u00e9c\u00e9d\u00e9 \u00e0 27 ans \u00e0 Paris en juillet 1971, Jim Morrison repose dans l\u2019un des cimeti\u00e8res les plus visit\u00e9s de la capitale. Depuis sa disparition, sa tombe est devenue un lieu de p\u00e8lerinage pour les fans du monde entier. Le buste de Mikulin, qui tr\u00f4nait initialement sur la s\u00e9pulture, avait disparu apr\u00e8s seulement quelques ann\u00e9es, contribuant \u00e0 alimenter le mythe autour du chanteur.<\/p>\n<p>    \u00c0 lire aussi<\/p>\n<p>  <img decoding=\"async\" data-copyright=\"\u00a9r\u00e9seau Arch\u00e9ologia\" class=\"r-img\"  typeof=\"foaf:Image\" src=\"https:\/\/www.europesays.com\/fr\/wp-content\/uploads\/2025\/05\/urifghdjuifghdj.jpg\" alt=\"urifghdjuifghdj\"\/><br \/>\n      <a href=\"https:\/\/www.rtl.be\/actu\/belgique\/societe\/honte-vous-plusieurs-tombes-pillees-cuesmes-pierre-emmanuel-se-dit-profondement\/2025-03-11\/article\/742187\" class=\"r-stories--link\" rel=\"nofollow noopener\" target=\"_blank\">\u00ab\u00a0Honte \u00e0 vous !\u00a0\u00bb: plusieurs tombes pill\u00e9es \u00e0 Cuesmes, Pierre-Emmanuel se dit \u00ab\u00a0profond\u00e9ment indign\u00e9\u00a0\u00bb par cet acte de vandalisme <\/a><\/p>\n<p>Selon la version officielle, Jim Morrison est mort dans sa baignoire, d\u2019un arr\u00eat cardiaque. Mais des th\u00e8ses alternatives continuent d\u2019alimenter les sp\u00e9culations. L\u2019une des plus connues, d\u00e9fendue par le journaliste Sam Bernett, affirme que le chanteur aurait en r\u00e9alit\u00e9 succomb\u00e9 \u00e0 une overdose dans les toilettes d\u2019une bo\u00eete de nuit parisienne, le Rock\u2019n\u2019Roll Circus, avant d\u2019\u00eatre discr\u00e8tement transport\u00e9 chez lui.<\/p>\n<p>&#13;<br \/>\n&#13;<\/p>\n<p>&#13;<br \/>\n&#13;<\/p>\n<p><a class=\"r-btn r-btn--tag\" href=\"https:\/\/www.rtl.be\/377417\/free-tags\/jim-morrison\" title=\"Jim Morrison\" rel=\"nofollow noopener\" target=\"_blank\">Jim Morrison<\/a><\/p>\n<p><script async src=\"https:\/\/platform.twitter.com\/widgets.js\" charset=\"utf-8\"><\/script><\/p>\n","protected":false},"excerpt":{"rendered":"La sculpture du chanteur des Doors, vol\u00e9e en 1988 sur sa tombe parisienne, a \u00e9t\u00e9 d\u00e9couverte fortuitement lors&hellip;\n","protected":false},"author":2,"featured_media":112391,"comment_status":"","ping_status":"","sticky":false,"template":"","format":"standard","meta":{"footnotes":""},"categories":[1888],"tags":[1111,1928,11,1927,1777,674,1011,27,6913,12,1926,626,1925,25],"class_list":{"0":"post-112390","1":"post","2":"type-post","3":"status-publish","4":"format-standard","5":"has-post-thumbnail","7":"category-paris","8":"tag-actu","9":"tag-actu-paris","10":"tag-actualites","11":"tag-actualites-paris","12":"tag-eu","13":"tag-europe","14":"tag-fr","15":"tag-france","16":"tag-jim-morrison","17":"tag-news","18":"tag-news-paris","19":"tag-paris","20":"tag-paris-news","21":"tag-republique-francaise"},"share_on_mastodon":{"url":"https:\/\/pubeurope.com\/@fr\/114535886140677413","error":""},"_links":{"self":[{"href":"https:\/\/www.europesays.com\/fr\/wp-json\/wp\/v2\/posts\/112390","targetHints":{"allow":["GET"]}}],"collection":[{"href":"https:\/\/www.europesays.com\/fr\/wp-json\/wp\/v2\/posts"}],"about":[{"href":"https:\/\/www.europesays.com\/fr\/wp-json\/wp\/v2\/types\/post"}],"author":[{"embeddable":true,"href":"https:\/\/www.europesays.com\/fr\/wp-json\/wp\/v2\/users\/2"}],"replies":[{"embeddable":true,"href":"https:\/\/www.europesays.com\/fr\/wp-json\/wp\/v2\/comments?post=112390"}],"version-history":[{"count":0,"href":"https:\/\/www.europesays.com\/fr\/wp-json\/wp\/v2\/posts\/112390\/revisions"}],"wp:featuredmedia":[{"embeddable":true,"href":"https:\/\/www.europesays.com\/fr\/wp-json\/wp\/v2\/media\/112391"}],"wp:attachment":[{"href":"https:\/\/www.europesays.com\/fr\/wp-json\/wp\/v2\/media?parent=112390"}],"wp:term":[{"taxonomy":"category","embeddable":true,"href":"https:\/\/www.europesays.com\/fr\/wp-json\/wp\/v2\/categories?post=112390"},{"taxonomy":"post_tag","embeddable":true,"href":"https:\/\/www.europesays.com\/fr\/wp-json\/wp\/v2\/tags?post=112390"}],"curies":[{"name":"wp","href":"https:\/\/api.w.org\/{rel}","templated":true}]}}