{"id":112394,"date":"2025-05-19T18:22:08","date_gmt":"2025-05-19T18:22:08","guid":{"rendered":"https:\/\/www.europesays.com\/fr\/112394\/"},"modified":"2025-05-19T18:22:08","modified_gmt":"2025-05-19T18:22:08","slug":"malgre-les-peripeties-ambroise-a-marche-de-paris-a-yvetot-en-faveur-de-la-spa-de-dieppe","status":"publish","type":"post","link":"https:\/\/www.europesays.com\/fr\/112394\/","title":{"rendered":"Malgr\u00e9 les p\u00e9rip\u00e9ties, Ambroise a march\u00e9 de Paris \u00e0 Yvetot en faveur de la SPA de Dieppe."},"content":{"rendered":"<p>            Par<br \/>\n        <strong><br \/>\n            <a href=\"https:\/\/actu.fr\/auteur\/maxime-cartier1\" title=\"Consulter tous les articles de Maxime Cartier\" target=\"_blank\" rel=\"noopener\">Maxime Cartier<\/a><br \/>\n        <\/strong><\/p>\n<p>        Publi\u00e9 le<\/p>\n<p>            19 mai 2025 \u00e0 19h34        <\/p>\n<p>Le <b>d\u00e9fi<\/b> aura pris un peu plus de temps que pr\u00e9vu et la distance parcourue, elle, \u00e9tait plus cons\u00e9quente que ce qu\u2019il s\u2019\u00e9tait fix\u00e9. Ambroise Feugray se souviendra bien longtemps du d\u00e9fi qu\u2019il s\u2019est lanc\u00e9\u2009: <b>rallier Paris \u00e0 Yvetot, en marchant, sans s\u2019arr\u00eater<\/b>.<\/p>\n<p class=\" wall-content\">Le jeune homme de 24\u00a0ans a tenu \u00e0 soutenir la SPA de <a href=\"https:\/\/actu.fr\/normandie\/dieppe_76217\" target=\"_blank\" rel=\"noopener\">Dieppe (Seine-Maritime)<\/a> tout en accomplissant une prouesse sportive. Et le d\u00e9fi est r\u00e9ussi\u2009!<\/p>\n<p>Un changement d\u2019itin\u00e9raire<\/p>\n<p class=\" wall-content\">Le Seinomarin est parti symboliquement du pied de la tour Eiffel vendredi 16\u00a0mai 2025 \u00e0 14\u2009h. Et assez rapidement, les premi\u00e8res difficult\u00e9s sont apparues\u2009: \u00ab\u2009J\u2019ai eu des petites douleurs, \u00e0 environ 30\u00a0km\u2009\u00bb, confie le marcheur.<\/p>\n<p class=\" wall-content\">Lorsqu\u2019il arrive dans le pays du Vexin, en pleine nuit, Ambroise Feugray est confront\u00e9 \u00e0 une nouvelle complication\u2009: \u00ab\u2009J\u2019ai d\u00fb changer d\u2019itin\u00e9raire et me rallonger d\u2019au moins 12\u00a0km, pour ne pas \u00eatre sur une route d\u00e9partementale o\u00f9 il y avait beaucoup de monde, poursuit-il. Ce n\u2019\u00e9tait pas prudent de continuer sur cette route, j\u2019ai pr\u00e9f\u00e9r\u00e9 emprunter les routes de campagne\u2009\u00bb.<\/p>\n<p class=\" wall-content\">Un impr\u00e9vu certes, mais le sportif a su s\u2019adapter. Tout le long du parcours, il a pu compter sur le soutien sans faille de sa famille, de ses amis et de ses coll\u00e8gues de travail.<\/p>\n<p>Vid\u00e9os : en ce moment sur Actu<\/p>\n<p class=\" wall-content\">Il a m\u00eame re\u00e7u des centaines de messages d\u2019inconnus. De quoi lui remonter le moral, lui qui a vraiment eu du mal \u00e0 poursuivre l\u2019aventure au petit matin.<\/p>\n<p class=\" wall-content\">D\u2019ailleurs, s\u2019il avait pour objectif de ne pas s\u2019arr\u00eater, le marcheur a finalement fait une pause. \u00ab\u2009J\u2019\u00e9tais lessiv\u00e9\u2009\u00bb, reconna\u00eet-il.<\/p>\n<p class=\" wall-content\">Il a profit\u00e9 de son arr\u00eat pour se remettre de la cr\u00e8me, \u00e9clater les nombreuses cloques qu\u2019il avait aux pieds, mettre des pansements. Il a \u00e9galement mang\u00e9 un morceau, avant de repartir de plus belle.<\/p>\n<p>La g\u00e9n\u00e9rosit\u00e9 au rendez-vous<\/p>\n<p class=\" wall-content\">Les kilom\u00e8tres d\u00e9filent et le jeune homme finit par arriver \u00e0 Rouen. \u00c0 partir de l\u00e0, \u00ab\u2009\u00e7a allait mieux et j\u2019ai pu aller jusqu\u2019\u00e0 Yvetot. Je me disais\u2009: \u2018\u00c7a y est, tu es bient\u00f4t chez toi\u2019\u00bb.<\/p>\n<p class=\" wall-content\">Le jeune homme est enfin arriv\u00e9 \u00e0 Yvetot, devant son lieu de travail, le samedi 17\u00a0mai, \u00e0 18\u2009h\u200940. Il a r\u00e9alis\u00e9 son d\u00e9fi en un peu plus de 29 h. \u00ab\u2009Mon but premier, c\u2019\u00e9tait de terminer le d\u00e9fi. Vu le mal que j\u2019ai eu, je suis tr\u00e8s content d\u2019avoir fini, peu importe le temps\u2009\u00bb, se r\u00e9jouit-il.<\/p>\n<p class=\" wall-content\">Le marcheur a par ailleurs pu compter sur la solidarit\u00e9 de ceux qui ont suivi son p\u00e9riple. Ambroise avait pour objectif de r\u00e9colter 1\u2009000\u00a0\u20ac pour la SPA Dieppoise.<\/p>\n<p class=\" wall-content\">La somme est largement d\u00e9pass\u00e9e puisque plus de 1\u2009400\u00a0\u20ac ont d\u00e9j\u00e0 \u00e9t\u00e9 collect\u00e9s. Le Seinomarin attend encore quelques jours pour faire cro\u00eetre davantage la cagnotte.<\/p>\n<p class=\" wall-content\">Ambroise Feugray a pris un repos bien m\u00e9rit\u00e9. Mais il r\u00e9fl\u00e9chit d\u00e9j\u00e0 \u00e0 ses futurs d\u00e9fis sportifs. Il en a deux en t\u00eate\u2009: r\u00e9aliser 100\u00a0km de marche sur une piste d\u2019athl\u00e9tisme et r\u00e9aliser un parcours de 200\u00a0km.<\/p>\n<p class=\" wall-content\">Car au lieu des 153\u00a0km en 24\u2009h qu\u2019il devait parcourir, il en aura fait plus de 170. Il souhaite franchir ce palier.<\/p>\n<p class=\" wall-content\">Suivez toute l\u2019actualit\u00e9 de vos villes et m\u00e9dias favoris en vous inscrivant \u00e0 <a href=\"https:\/\/moncompte.actu.fr\" title=\"D\u00e9couvez Mon Actu\" rel=\"nofollow noopener\" data-trk=\"{&quot;cta&quot;:{&quot;action&quot;:&quot;https:\\\/\\\/moncompte.actu.fr&quot;,&quot;category&quot;:&quot;mon compte&quot;,&quot;from&quot;:&quot;article footer&quot;,&quot;name&quot;:&quot;Mon actu&quot;,&quot;type&quot;:&quot;cta&quot;}}\" target=\"_blank\">Mon Actu<\/a>.<\/p>\n","protected":false},"excerpt":{"rendered":"Par Maxime Cartier Publi\u00e9 le 19 mai 2025 \u00e0 19h34 Le d\u00e9fi aura pris un peu plus de&hellip;\n","protected":false},"author":2,"featured_media":112395,"comment_status":"","ping_status":"","sticky":false,"template":"","format":"standard","meta":{"footnotes":""},"categories":[1888],"tags":[11,1867,3750,1777,674,1011,27,12,626,25,104,3400],"class_list":{"0":"post-112394","1":"post","2":"type-post","3":"status-publish","4":"format-standard","5":"has-post-thumbnail","7":"category-paris","8":"tag-actualites","9":"tag-animaux","10":"tag-defi","11":"tag-eu","12":"tag-europe","13":"tag-fr","14":"tag-france","15":"tag-news","16":"tag-paris","17":"tag-republique-francaise","18":"tag-societe","19":"tag-solidarite"},"share_on_mastodon":{"url":"https:\/\/pubeurope.com\/@fr\/114535893774983069","error":""},"_links":{"self":[{"href":"https:\/\/www.europesays.com\/fr\/wp-json\/wp\/v2\/posts\/112394","targetHints":{"allow":["GET"]}}],"collection":[{"href":"https:\/\/www.europesays.com\/fr\/wp-json\/wp\/v2\/posts"}],"about":[{"href":"https:\/\/www.europesays.com\/fr\/wp-json\/wp\/v2\/types\/post"}],"author":[{"embeddable":true,"href":"https:\/\/www.europesays.com\/fr\/wp-json\/wp\/v2\/users\/2"}],"replies":[{"embeddable":true,"href":"https:\/\/www.europesays.com\/fr\/wp-json\/wp\/v2\/comments?post=112394"}],"version-history":[{"count":0,"href":"https:\/\/www.europesays.com\/fr\/wp-json\/wp\/v2\/posts\/112394\/revisions"}],"wp:featuredmedia":[{"embeddable":true,"href":"https:\/\/www.europesays.com\/fr\/wp-json\/wp\/v2\/media\/112395"}],"wp:attachment":[{"href":"https:\/\/www.europesays.com\/fr\/wp-json\/wp\/v2\/media?parent=112394"}],"wp:term":[{"taxonomy":"category","embeddable":true,"href":"https:\/\/www.europesays.com\/fr\/wp-json\/wp\/v2\/categories?post=112394"},{"taxonomy":"post_tag","embeddable":true,"href":"https:\/\/www.europesays.com\/fr\/wp-json\/wp\/v2\/tags?post=112394"}],"curies":[{"name":"wp","href":"https:\/\/api.w.org\/{rel}","templated":true}]}}