{"id":1123958,"date":"2026-08-13T07:33:19","date_gmt":"2026-08-13T07:33:19","guid":{"rendered":"https:\/\/www.europesays.com\/fr\/1123958\/"},"modified":"2026-08-13T07:33:19","modified_gmt":"2026-08-13T07:33:19","slug":"a-quelques-mois-des-midterms-donald-trump-se-fait-lacher-par-karoline-leavitt-porte-parole-de-la-maison-blanche","status":"publish","type":"post","link":"https:\/\/www.europesays.com\/fr\/1123958\/","title":{"rendered":"\u00c0 quelques mois des midterms, Donald Trump se fait l\u00e2cher par Karoline Leavitt, porte-parole de la Maison Blanche"},"content":{"rendered":"<p>        <img decoding=\"async\" loading=\"lazy\" src=\"https:\/\/www.europesays.com\/fr\/wp-content\/uploads\/2026\/08\/ec79363_upload-1-1hrbdhgd9lvx-afp-20260218-983p8p7-v1-highres-whitehousepresssecretarykarolineleavit.jpeg\"  width=\"728\" height=\"409\" alt=\"A 28\u00a0ans, Karoline Leavitt, ici lors d\u2019un briefing presse en f\u00e9vrier 2026\u00a0\u00e0 la Maison Blanche, elle est la plus jeune personne jamais nomm\u00e9e au poste de porte-parole.\"\/>  <\/p>\n<p>SAUL LOEB \/ AFP<\/p>\n<p>A 28\u00a0ans, Karoline Leavitt, ici lors d\u2019un briefing presse en f\u00e9vrier 2026\u00a0\u00e0 la Maison Blanche, elle est la plus jeune personne jamais nomm\u00e9e au poste de porte-parole.<\/p>\n<p class=\"asset asset-text\">Elle a \u00e9t\u00e9 l\u2019un des visages du retour au pouvoir de Donald Trump\u00a0: <a href=\"https:\/\/www.huffingtonpost.fr\/international\/video\/donald-trump-nomme-karoline-leavitt-comme-porte-parole-de-son-second-mandat-qui-est-elle_242322.html\" rel=\"nofollow noopener\" target=\"_blank\">Karoline Leavitt<\/a>, porte-parole de la Maison Blanche et fid\u00e8le d\u2019entre les fid\u00e8les du pr\u00e9sident am\u00e9ricain, quittera ses fonctions \u00e0 la fin du mois pour se consacrer \u00e0 sa famille.<\/p>\n<p class=\"asset asset-text\">La r\u00e9publicaine de 28\u00a0ans, m\u00e8re de deux enfants, a toutefois promis de continuer \u00e0 jouer un r\u00f4le politique actif. Pour rappel, elle est la plus jeune personne jamais nomm\u00e9e \u00e0 ce poste tr\u00e8s expos\u00e9.<\/p>\n<p class=\"asset asset-text\">Dans un message annon\u00e7ant son d\u00e9part sur les r\u00e9seaux sociaux, elle pourfend la \u00ab\u00a0menace existentielle\u00a0\u00bb que fait selon elle peser un \u00ab\u00a0parti d\u00e9mocrate toujours plus extr\u00e9miste\u00a0\u00bb, et d\u00e9clare\u00a0: \u00ab\u00a0Mon combat entre dans une nouvelle phase, mais il est loin d\u2019\u00eatre termin\u00e9\u00a0\u00bb.<\/p>\n<p> La lecture de ce contenu est susceptible d\u2019entra\u00eener un d\u00e9p\u00f4t de cookies de la part de l\u2019op\u00e9rateur tiers qui l\u2019h\u00e9berge. Compte-tenu des choix que vous avez exprim\u00e9s en mati\u00e8re de d\u00e9p\u00f4t de cookies, nous avons bloqu\u00e9 l\u2019affichage de ce contenu. Si vous souhaitez y acc\u00e9der, vous devez accepter la cat\u00e9gorie de cookies \u201cContenus tiers\u201d en cliquant sur le bouton ci-dessous. <\/p>\n<p> Lire la Vid\u00e9o        <\/p>\n<p class=\"asset asset-text\">Donald Trump a, lui, pr\u00e9cis\u00e9 sur son r\u00e9seau Truth Social que cette fid\u00e8le alli\u00e9e quitterait son poste \u00ab\u00a0\u00e0 la fin du mois\u00a0\u00bb, et signal\u00e9 qu\u2019elle continuerait \u00e0 jouer un r\u00f4le de \u00ab\u00a0conseill\u00e8re externe\u00a0\u00bb privil\u00e9gi\u00e9e aupr\u00e8s de lui.<\/p>\n<p class=\"asset asset-text\">\u00ab\u00a0J\u2019ai senti au fond de mon c\u0153ur que je ne pouvais pas \u00eatre la maman que mes deux jeunes enfants m\u00e9ritent tout en consacrant \u00e0 ma fonction de porte-parole le temps, l\u2019\u00e9nergie et l\u2019attention constantes requises\u00a0\u00bb, a \u00e9crit sur X la \u00ab\u00a0Press Secretary\u00a0\u00bb sortante.<\/p>\n<p class=\"asset asset-text\">D\u00e9j\u00e0 m\u00e8re d\u2019un gar\u00e7on n\u00e9 en 2024, elle avait accouch\u00e9 d\u00e9but mai d\u2019une petite fille, et pris ensuite un cong\u00e9 maternit\u00e9 de quelques semaines. Elle est mari\u00e9e \u00e0 Nicholas Riccio, un promoteur immobilier.<\/p>\n<p class=\"asset asset-text\">Apr\u00e8s son premier accouchement, Karoline Leavitt avait repris son travail au sein de l\u2019\u00e9quipe de campagne de Donald Trump au bout de seulement quelques jours, un retour pr\u00e9cipit\u00e9 par <a href=\"https:\/\/www.huffingtonpost.fr\/international\/video\/tentative-d-assassinat-de-trump-a-butler-un-an-apres-le-secret-service-a-fait-des-changements-drastiques_252514.html\" rel=\"nofollow noopener\" target=\"_blank\">la tentative d\u2019assassinat dont a \u00e9t\u00e9 victime le candidat r\u00e9publicain le 13\u00a0juillet\u00a02024<\/a>.<\/p>\n<p>                     Une ascension fulgurante    <\/p>\n<p class=\"asset asset-text\">\u00ab\u00a0Je comprends et je respecte totalement sa d\u00e9cision\u00a0\u00bb, a d\u00e9clar\u00e9 mercredi le pr\u00e9sident am\u00e9ricain, dans un message tr\u00e8s \u00e9logieux, o\u00f9 il salue le travail \u00ab\u00a0ph\u00e9nom\u00e9nal\u00a0\u00bb de sa porte-parole.<\/p>\n<p class=\"asset asset-text\">Cette native du New Hampshire (nord-est), dont l\u2019ascension fulgurante aux c\u00f4t\u00e9s de Donald Trump a illustr\u00e9 la diffusion des id\u00e9es trumpistes aupr\u00e8s de la \u00ab\u00a0Gen Z\u00a0\u00bb, a pilot\u00e9 une strat\u00e9gie de communication agressive.<\/p>\n<p class=\"asset asset-text\">Arborant \u00e0 l\u2019occasion une croix bien visible, cette catholique aux cheveux blonds a l\u00e2ch\u00e9 contre les m\u00e9dias traditionnels son sens cinglant de la r\u00e9partie depuis le podium de la c\u00e9l\u00e8bre salle de presse aux tons bleus.<\/p>\n<p class=\"asset asset-text\">Elle a au contraire r\u00e9serv\u00e9 un accueil chaleureux \u00e0 des influenceurs et cr\u00e9ateurs de contenu align\u00e9s sur <a href=\"https:\/\/www.huffingtonpost.fr\/culture\/article\/comment-alan-ritchson-star-de-reacher-sur-prime-video-s-est-detache-de-son-image-d-icone-du-camp-maga_300533.html\" rel=\"nofollow noopener\" target=\"_blank\">l\u2019id\u00e9ologie Maga<\/a>. \u00ab\u00a0C\u2019est avec plaisir que j\u2019ai mis les m\u00e9dias de gauche face \u00e0 leurs responsabilit\u00e9s et que je me suis assur\u00e9e que les Am\u00e9ricains apprenaient la v\u00e9rit\u00e9 sur les succ\u00e8s du pr\u00e9sident Trump\u00a0\u00bb, a-t-elle \u00e9crit mercredi sur X.<\/p>\n<p class=\"asset asset-text\">Les opposants de Donald Trump l\u2019ont au contraire accus\u00e9e de propager sans h\u00e9sitation les affirmations mensong\u00e8res du milliardaire r\u00e9publicain.<\/p>\n<p>    Un d\u00e9part au mauvais moment    <\/p>\n<p class=\"asset asset-text\">Son d\u00e9part intervient peu avant des <a href=\"https:\/\/www.huffingtonpost.fr\/international\/article\/avant-les-midterms-donald-trump-n-aurait-pas-pu-mieux-faire-la-publicite-d-abdul-el-sayed_300896.html\" rel=\"nofollow noopener\" target=\"_blank\">\u00e9lections l\u00e9gislatives cruciales en novembre<\/a> et au moment o\u00f9 la popularit\u00e9 du pr\u00e9sident am\u00e9ricain ne cesse de baisser.<\/p>\n<p class=\"asset asset-text\">La loyaut\u00e9 jusqu\u2019ici ind\u00e9fectible de Karoline Leavitt &#8211; principal crit\u00e8re de recrutement dans la nouvelle administration Trump &#8211; ne date pas d\u2019hier.<\/p>\n<p class=\"asset asset-text\">Alors \u00e9tudiante \u00e0 l\u2019universit\u00e9 de Saint Anselm (New Hampshire, nord-est), elle avait envoy\u00e9 en septembre\u00a02017 une lettre au journal de l\u2019\u00e9tablissement pour s\u2019indigner qu\u2019un professeur ait critiqu\u00e9 Donald Trump en classe et pour d\u00e9plorer que le corps enseignant \u00ab\u00a0diffuse ses convictions et opinions (progressistes) pendant les cours\u00a0\u00bb.<\/p>\n<p class=\"asset asset-text\">Karoline Leavitt avait brigu\u00e9 sans succ\u00e8s un si\u00e8ge au Congr\u00e8s en 2022. Selon le site d\u2019informations NOTUS, qui s\u2019appuie sur des documents financiers, elle avait accept\u00e9 pendant sa campagne 200\u00a0000\u00a0dollars de dons d\u00e9passant les limites l\u00e9gales, et ne les avait pas d\u00e9clar\u00e9s par la suite.<\/p>\n","protected":false},"excerpt":{"rendered":"SAUL LOEB \/ AFP A 28\u00a0ans, Karoline Leavitt, ici lors d\u2019un briefing presse en f\u00e9vrier 2026\u00a0\u00e0 la Maison&hellip;\n","protected":false},"author":2,"featured_media":1123959,"comment_status":"","ping_status":"","sticky":false,"template":"","format":"standard","meta":{"footnotes":"","_share_on_mastodon":"0"},"categories":[2],"tags":[11,75,73,1011,27,14,78,12,25],"class_list":["post-1123958","post","type-post","status-publish","format-standard","has-post-thumbnail","category-actualites","tag-actualites","tag-donald-trump","tag-etats-unis","tag-fr","tag-france","tag-international","tag-maison-blanche","tag-news","tag-republique-francaise"],"share_on_mastodon":{"url":"https:\/\/pubeurope.com\/@fr\/117087046174834878","error":""},"_links":{"self":[{"href":"https:\/\/www.europesays.com\/fr\/wp-json\/wp\/v2\/posts\/1123958","targetHints":{"allow":["GET"]}}],"collection":[{"href":"https:\/\/www.europesays.com\/fr\/wp-json\/wp\/v2\/posts"}],"about":[{"href":"https:\/\/www.europesays.com\/fr\/wp-json\/wp\/v2\/types\/post"}],"author":[{"embeddable":true,"href":"https:\/\/www.europesays.com\/fr\/wp-json\/wp\/v2\/users\/2"}],"replies":[{"embeddable":true,"href":"https:\/\/www.europesays.com\/fr\/wp-json\/wp\/v2\/comments?post=1123958"}],"version-history":[{"count":0,"href":"https:\/\/www.europesays.com\/fr\/wp-json\/wp\/v2\/posts\/1123958\/revisions"}],"wp:featuredmedia":[{"embeddable":true,"href":"https:\/\/www.europesays.com\/fr\/wp-json\/wp\/v2\/media\/1123959"}],"wp:attachment":[{"href":"https:\/\/www.europesays.com\/fr\/wp-json\/wp\/v2\/media?parent=1123958"}],"wp:term":[{"taxonomy":"category","embeddable":true,"href":"https:\/\/www.europesays.com\/fr\/wp-json\/wp\/v2\/categories?post=1123958"},{"taxonomy":"post_tag","embeddable":true,"href":"https:\/\/www.europesays.com\/fr\/wp-json\/wp\/v2\/tags?post=1123958"}],"curies":[{"name":"wp","href":"https:\/\/api.w.org\/{rel}","templated":true}]}}