{"id":1123977,"date":"2026-08-13T07:56:21","date_gmt":"2026-08-13T07:56:21","guid":{"rendered":"https:\/\/www.europesays.com\/fr\/1123977\/"},"modified":"2026-08-13T07:56:21","modified_gmt":"2026-08-13T07:56:21","slug":"plus-belle-la-vie-en-avance-resume-de-lepisode-649-du-vendredi-14-aout","status":"publish","type":"post","link":"https:\/\/www.europesays.com\/fr\/1123977\/","title":{"rendered":"Plus belle la vie en avance : r\u00e9sum\u00e9 de l&rsquo;\u00e9pisode 649 du vendredi 14 ao\u00fbt"},"content":{"rendered":"<p>Patrick Nebout n\u2019est plus vraiment Patrick : nouvel uniforme<br \/>\nchic, int\u00e9r\u00eat soudain pour la peinture marine\u2026 et rendez-vous<br \/>\nsecrets avec la myst\u00e9rieuse Sonia ! Vendredi 14 ao\u00fbt 2026, <a href=\"https:\/\/www.melty.fr\/series\/plus-belle-la-vie-en-avance-resume-de-lepisode-648-du-jeudi-13-aout-2339185.html\" rel=\"nofollow noopener\" target=\"_blank\"><br \/>\nl\u2019ex-commissaire s\u2019\u00e9lance dans sa premi\u00e8re journ\u00e9e<br \/>\nd\u2019infiltration<\/a> sous l\u2019identit\u00e9 de Sam Ferry, tandis que sa<br \/>\nfemme Babeth, convaincue de son infid\u00e9lit\u00e9, le suit \u00e0 la trace dans<br \/>\nles rues de Marseille.<\/p>\n<p>Au m\u00eame moment, la brigade s\u2019agite : Morgane, encore gris\u00e9e par<br \/>\nune nuit blanche avec Baptiste, assume enfin leur idylle devant le<br \/>\ncommissariat, et Ariane tente \u2013 non sans mal \u2013 de faire confiance \u00e0<br \/>\nZo\u00e9, lanc\u00e9e \u00e0 toute vitesse sur son scooter pour sauver les<br \/>\nbiberons du petit Harry. Entre double vie, doutes conjugaux et<br \/>\ntensions familiales, le Mistral s\u2019appr\u00eate \u00e0 vivre une journ\u00e9e sous<br \/>\nhaute pression.<\/p>\n<p>Patrick, un agent double au bord du gouffre<\/p>\n<p>Costume ajust\u00e9, lunettes cam\u00e9ra, oreillette dernier cri :<br \/>\nPatrick endosse enfin l&rsquo;identit\u00e9 de Sam Ferry. Sa premi\u00e8re cible ?<br \/>\nUn bar hupp\u00e9 o\u00f9 l&rsquo;inconnue au revolver l&rsquo;attend. Avant de partir,<br \/>\nSonia lui glisse \u2013 \u00ab\u00a0Si une personne non identifi\u00e9e arrive, soyez en<br \/>\nalerte !\u00a0\u00bb. L&rsquo;avertissement sonne comme une sentence : la moindre<br \/>\nerreur pourrait lui co\u00fbter la vie\u2026 et sa famille.<\/p>\n<p>Babeth file son mari et croit voir la trahison<\/p>\n<p>Dans les ruelles du Mistral, Babeth suit Patrick jusqu&rsquo;\u00e0 la<br \/>\nplage o\u00f9 Sonia ajuste son micro. Lorsqu&rsquo;elle surprend son \u00e9poux<br \/>\nmurmurer \u2013 \u00ab\u00a0J&rsquo;ai besoin d&rsquo;aller au bout de cette aventure.\u00a0\u00bb \u2013 son<br \/>\nsang ne fait qu&rsquo;un tour. Pour elle, l&rsquo;\u00ab aventure \u00bb est forc\u00e9ment<br \/>\nadult\u00e8re ; l&rsquo;alliance oubli\u00e9e ne fait qu&rsquo;attiser la jalousie.<br \/>\n<a href=\"https:\/\/www.melty.fr\/series\/plus-belle-la-vie-en-avance-resume-de-lepisode-647-du-mercredi-12-aout-2338966.html\" rel=\"nofollow noopener\" target=\"_blank\"><br \/>\nLe terrain \u00e9motionnel est pr\u00eat \u00e0 exploser<\/a>.<\/p>\n<p>Morgane &amp; Baptiste, l&rsquo;amour sous les n\u00e9ons<\/p>\n<p>Nuit blanche, gueule de bois et bo\u00eete de vitamines d\u00e9pos\u00e9e par<br \/>\nIdriss : le commissariat chambre Morgane. Loin d&rsquo;\u00eatre g\u00ean\u00e9e, la<br \/>\njeune flic assume face au poste et embrasse Baptiste sur le<br \/>\ntrottoir. Elle avoue \u2013 \u00ab\u00a0Gr\u00e2ce \u00e0 toi, je r\u00e9ussis enfin \u00e0 l\u00e2cher<br \/>\nprise.\u00a0\u00bb Reste \u00e0 composer avec Mathis et l&#8217;emploi du temps serr\u00e9<br \/>\nd&rsquo;un papa cuisinier.<\/p>\n<p>Ariane, Zo\u00e9 et la peur du deux-roues<\/p>\n<p>La p\u00e9nurie de lait d&rsquo;Harry pousse Ariane \u00e0 confier le scooter \u00e0<br \/>\nZo\u00e9 pour une course express. Retour en quinze minutes chrono : la<br \/>\nm\u00e8re, terroris\u00e9e, reproche la vitesse \u00e0 sa fille qui jure avoir<br \/>\nrespect\u00e9 le code \u2013 \u00ab\u00a0Le message que tu lui renvoies, c&rsquo;est de la<br \/>\nm\u00e9fiance\u00a0\u00bb, lui rappelle Djawad. Entre contr\u00f4le maternel et d\u00e9sir<br \/>\nd&rsquo;autonomie, le duo m\u00e8re-fille cherche toujours la bonne<br \/>\ncarburation.<\/p>\n<p>Vanessa tourne le dos \u00e0 Thomas, le<br \/>\nMistral se fissure<\/p>\n<p>Au Mistral, la disparition du proc\u00e8s d&rsquo;Oph\u00e9lie isole Vanessa.<br \/>\nQuand Thomas glisse \u2013 \u00ab\u00a0Je trouve dommage qu&rsquo;il n&rsquo;y ait pas de<br \/>\nproc\u00e8s, ne serait-ce que pour les proches de la victime.\u00a0\u00bb \u2013<br \/>\nl&rsquo;h\u00e9riti\u00e8re claque la porte. Gabriel diagnostique une amiti\u00e9 \u00ab \u00e0<br \/>\nsens unique \u00bb. Ulysse, impuissant, voit sa m\u00e8re s&rsquo;enfermer : \u00ab\u00a0Je<br \/>\nn&rsquo;ai pas besoin d&rsquo;amis, ma famille me suffit\u00a0\u00bb, laissant pr\u00e9sager de<br \/>\nnouvelles fractures au quartier.<\/p>\n","protected":false},"excerpt":{"rendered":"Patrick Nebout n\u2019est plus vraiment Patrick : nouvel uniforme chic, int\u00e9r\u00eat soudain pour la peinture marine\u2026 et rendez-vous&hellip;\n","protected":false},"author":2,"featured_media":1123978,"comment_status":"","ping_status":"","sticky":false,"template":"","format":"standard","meta":{"footnotes":"","_share_on_mastodon":"0"},"categories":[1356],"tags":[58,59,1011,27,1368,252,199,1364],"class_list":["post-1123977","post","type-post","status-publish","format-standard","has-post-thumbnail","category-television","tag-divertissement","tag-entertainment","tag-fr","tag-france","tag-plus-belle-la-vie","tag-television","tag-tf1","tag-tv"],"share_on_mastodon":{"url":"https:\/\/pubeurope.com\/@fr\/117087134664810768","error":""},"_links":{"self":[{"href":"https:\/\/www.europesays.com\/fr\/wp-json\/wp\/v2\/posts\/1123977","targetHints":{"allow":["GET"]}}],"collection":[{"href":"https:\/\/www.europesays.com\/fr\/wp-json\/wp\/v2\/posts"}],"about":[{"href":"https:\/\/www.europesays.com\/fr\/wp-json\/wp\/v2\/types\/post"}],"author":[{"embeddable":true,"href":"https:\/\/www.europesays.com\/fr\/wp-json\/wp\/v2\/users\/2"}],"replies":[{"embeddable":true,"href":"https:\/\/www.europesays.com\/fr\/wp-json\/wp\/v2\/comments?post=1123977"}],"version-history":[{"count":0,"href":"https:\/\/www.europesays.com\/fr\/wp-json\/wp\/v2\/posts\/1123977\/revisions"}],"wp:featuredmedia":[{"embeddable":true,"href":"https:\/\/www.europesays.com\/fr\/wp-json\/wp\/v2\/media\/1123978"}],"wp:attachment":[{"href":"https:\/\/www.europesays.com\/fr\/wp-json\/wp\/v2\/media?parent=1123977"}],"wp:term":[{"taxonomy":"category","embeddable":true,"href":"https:\/\/www.europesays.com\/fr\/wp-json\/wp\/v2\/categories?post=1123977"},{"taxonomy":"post_tag","embeddable":true,"href":"https:\/\/www.europesays.com\/fr\/wp-json\/wp\/v2\/tags?post=1123977"}],"curies":[{"name":"wp","href":"https:\/\/api.w.org\/{rel}","templated":true}]}}