{"id":112399,"date":"2025-05-19T18:25:10","date_gmt":"2025-05-19T18:25:10","guid":{"rendered":"https:\/\/www.europesays.com\/fr\/112399\/"},"modified":"2025-05-19T18:25:10","modified_gmt":"2025-05-19T18:25:10","slug":"deux-hommes-executes-pour-meurtre-ce-mardi-un-troisieme-jeudi","status":"publish","type":"post","link":"https:\/\/www.europesays.com\/fr\/112399\/","title":{"rendered":"deux hommes ex\u00e9cut\u00e9s pour meurtre ce mardi, un troisi\u00e8me jeudi"},"content":{"rendered":"<p>Seize ex\u00e9cutions ont d\u00e9j\u00e0 eu lieu depuis le d\u00e9but de l\u2019ann\u00e9e aux \u00c9tats-Unis, o\u00f9 23 des cinquante \u00c9tats appliquent encore la peine de mort.<\/p>\n<p class=\"fig-paragraph\">Deux hommes condamn\u00e9s \u00e0\u00a0<a href=\"http:\/\/www.lefigaro.fr\/flash-actu\/etats-unis-execution-d-un-condamne-qui-avait-demande-a-mourir-20250425\" data-fig-type=\"NewsFlash\" data-gtm-custom-categorie=\"navigation\" data-gtm-custom-action=\"crossclick\" data-gtm-custom-label=\"Contextuel\" data-gtm-event=\"customEventSPE\" data-fig-domain=\"LEFIGARO\" target=\"_blank\" rel=\"noopener\">la peine capitale<\/a>\u00a0pour meurtre doivent \u00eatre ex\u00e9cut\u00e9s mardi aux \u00c9tats-Unis, o\u00f9 pr\u00e8s de la moiti\u00e9 des 50 \u00c9tats appliquent la peine de mort, et un troisi\u00e8me le sera jeudi. L&rsquo;\u00c9tat de l&rsquo;Indiana (nord) va ainsi proc\u00e9der \u00e0 sa premi\u00e8re ex\u00e9cution depuis 2009, pr\u00e9vue \u00e0 Michigan City entre minuit heure locale (05h00 GMT) et le lever du soleil. Elle concerne Benjamin Ritchie, 45 ans, condamn\u00e9 pour avoir tu\u00e9 par balle un policier, Bill Toney, lors d&rsquo;une course-poursuite apr\u00e8s un vol de v\u00e9hicule dans une station-service.<\/p>\n<p class=\"fig-paragraph\">Quelques heures plus tard, en fin de journ\u00e9e, Matthew Johnson, 49 ans, doit \u00eatre ex\u00e9cut\u00e9 par injection l\u00e9tale au Texas (sud). Il avait plaid\u00e9 coupable du meurtre en 2012 d&rsquo;une employ\u00e9e de magasin de 76 ans, Nancy Harris, qu&rsquo;il avait immol\u00e9e par le feu pendant un cambriolage. Oscar Smith, 75 ans, sera lui mis \u00e0 mort jeudi dans le Tennessee (sud), \u00e9galement par injection l\u00e9tale. Il avait \u00e9t\u00e9 condamn\u00e9 pour avoir abattu et poignard\u00e9 en 1989 son \u00e9pouse, Judy Smith, de laquelle il \u00e9tait s\u00e9par\u00e9, et les deux fils de cette derni\u00e8re.<\/p>\n<p class=\"fig-paragraph\">Seize ex\u00e9cutions ont eu lieu depuis le d\u00e9but de l&rsquo;ann\u00e9e aux \u00c9tats-Unis, dont deux par peloton d&rsquo;ex\u00e9cution et deux par inhalation d&rsquo;azote, une m\u00e9thode contest\u00e9e utilis\u00e9e pour la premi\u00e8re fois au monde en 2024 en Alabama (sud). La peine capitale a \u00e9t\u00e9 abolie dans 23 des 50 \u00c9tats am\u00e9ricains tandis que\u00a0<a href=\"http:\/\/www.lefigaro.fr\/flash-actu\/etats-unis-deux-condamnes-executes-en-oklahoma-et-en-floride-20250321\" data-fig-type=\"NewsFlash\" data-gtm-custom-categorie=\"navigation\" data-gtm-custom-action=\"crossclick\" data-gtm-custom-label=\"Contextuel\" data-gtm-event=\"customEventSPE\" data-fig-domain=\"LEFIGARO\" target=\"_blank\" rel=\"noopener\">trois autres &#8211; Californie<\/a>, Oregon et Pennsylvanie &#8211; observent actuellement un moratoire. Donald Trump est un d\u00e9fenseur de la peine capitale et a d\u00e9clar\u00e9 lors de son investiture pour un second mandat, en janvier, qu&rsquo;il \u00e9tait favorable \u00e0 son \u00e9largissement.<\/p>\n","protected":false},"excerpt":{"rendered":"Seize ex\u00e9cutions ont d\u00e9j\u00e0 eu lieu depuis le d\u00e9but de l\u2019ann\u00e9e aux \u00c9tats-Unis, o\u00f9 23 des cinquante \u00c9tats&hellip;\n","protected":false},"author":2,"featured_media":112400,"comment_status":"","ping_status":"","sticky":false,"template":"","format":"standard","meta":{"footnotes":""},"categories":[1589],"tags":[1111,47,11,1109,10945,1112,73,1866,6189,118,1108,107,1106,1107,27,1110,1114,14,12,1113,316,1864,1865,1863,308],"class_list":{"0":"post-112399","1":"post","2":"type-post","3":"status-publish","4":"format-standard","5":"has-post-thumbnail","7":"category-etats-unis","8":"tag-actu","9":"tag-actualite","10":"tag-actualites","11":"tag-breves","12":"tag-condamnation-a-mort","13":"tag-depeches","14":"tag-etats-unis","15":"tag-etats-unis-damerique","16":"tag-execution","17":"tag-faits-divers","18":"tag-fil","19":"tag-fil-info","20":"tag-flash","21":"tag-flash-actu","22":"tag-france","23":"tag-informations","24":"tag-infos","25":"tag-international","26":"tag-news","27":"tag-nouvelles","28":"tag-politique","29":"tag-united-states","30":"tag-united-states-of-america","31":"tag-us","32":"tag-usa"},"share_on_mastodon":{"url":"https:\/\/pubeurope.com\/@fr\/114535905922741317","error":""},"_links":{"self":[{"href":"https:\/\/www.europesays.com\/fr\/wp-json\/wp\/v2\/posts\/112399","targetHints":{"allow":["GET"]}}],"collection":[{"href":"https:\/\/www.europesays.com\/fr\/wp-json\/wp\/v2\/posts"}],"about":[{"href":"https:\/\/www.europesays.com\/fr\/wp-json\/wp\/v2\/types\/post"}],"author":[{"embeddable":true,"href":"https:\/\/www.europesays.com\/fr\/wp-json\/wp\/v2\/users\/2"}],"replies":[{"embeddable":true,"href":"https:\/\/www.europesays.com\/fr\/wp-json\/wp\/v2\/comments?post=112399"}],"version-history":[{"count":0,"href":"https:\/\/www.europesays.com\/fr\/wp-json\/wp\/v2\/posts\/112399\/revisions"}],"wp:featuredmedia":[{"embeddable":true,"href":"https:\/\/www.europesays.com\/fr\/wp-json\/wp\/v2\/media\/112400"}],"wp:attachment":[{"href":"https:\/\/www.europesays.com\/fr\/wp-json\/wp\/v2\/media?parent=112399"}],"wp:term":[{"taxonomy":"category","embeddable":true,"href":"https:\/\/www.europesays.com\/fr\/wp-json\/wp\/v2\/categories?post=112399"},{"taxonomy":"post_tag","embeddable":true,"href":"https:\/\/www.europesays.com\/fr\/wp-json\/wp\/v2\/tags?post=112399"}],"curies":[{"name":"wp","href":"https:\/\/api.w.org\/{rel}","templated":true}]}}