{"id":1123992,"date":"2026-08-13T08:04:17","date_gmt":"2026-08-13T08:04:17","guid":{"rendered":"https:\/\/www.europesays.com\/fr\/1123992\/"},"modified":"2026-08-13T08:04:17","modified_gmt":"2026-08-13T08:04:17","slug":"legislative-partielle-au-royaume-uni-nigel-farage-affronte-lhomme-a-la-poubelle-pour-un-scrutin-hors-du-commun","status":"publish","type":"post","link":"https:\/\/www.europesays.com\/fr\/1123992\/","title":{"rendered":"L\u00e9gislative partielle au Royaume-Uni : Nigel Farage affronte \u00abl\u2019homme \u00e0 la poubelle\u00bb pour un scrutin hors du commun"},"content":{"rendered":"<p>\n    Les sondages donnent Nigel Farage vainqueur. Le politicien, cheville ouvri\u00e8re du Brexit, fait face \u00e0 \u00abCount Binface\u00bb, candidat fantaisiste portant une poubelle sur la t\u00eate.<\/p>\n<p class=\"fig-paragraph\">Nigel Farage, chef du parti anti-immigration Reform UK, esp\u00e8re jeudi \u00eatre largement r\u00e9\u00e9lu lors d&rsquo;une l\u00e9gislative partielle en\u00a0<a href=\"http:\/\/www.lefigaro.fr\/voyages\/relier-l-angleterre-a-la-normandie-a-la-voile-ce-ferry-pas-comme-les-autres-traversera-la-manche-des-septembre-20260811\" data-fig-type=\"NewsFlash\" data-gtm-custom-categorie=\"navigation\" data-gtm-custom-action=\"crossclick\" data-gtm-custom-label=\"Contextuel\" data-gtm-event=\"customEventSPE\" data-fig-domain=\"LEFIGARO\" rel=\"nofollow noopener\" target=\"_blank\">Angleterre<\/a>, qu&rsquo;il a lui-m\u00eame d\u00e9clench\u00e9e, o\u00f9 il a pour principal rival\u00a0<a href=\"http:\/\/www.lefigaro.fr\/international\/election-partielle-au-royaume-uni-qui-est-count-binface-le-candidat-a-tete-de-poubelle-qui-affrontera-nigel-farage-20260708\" data-fig-type=\"NewsFlash\" data-gtm-custom-categorie=\"navigation\" data-gtm-custom-action=\"crossclick\" data-gtm-custom-label=\"Contextuel\" data-gtm-event=\"customEventSPE\" data-fig-domain=\"LEFIGARO\" rel=\"nofollow noopener\" target=\"_blank\">Count Binface<\/a>, candidat fantaisiste portant une poubelle sur la t\u00eate. Les bureaux de vote ouvriront \u00e0 07H00 (06H00 GMT) \u00e0 Clacton, dans le sud-est de l&rsquo;Angleterre, pour cette \u00e9lection singuli\u00e8re comptant un nombre record de 34 candidats, la plupart ind\u00e9pendants, peu connus et plusieurs aux profils satiriques.<\/p>\n<p class=\"fig-paragraph\">Les partis traditionnels, travaillistes, conservateurs et lib\u00e9raux-d\u00e9mocrates, ont d\u00e9clar\u00e9 boycotter le scrutin d\u00e8s que\u00a0<a href=\"http:\/\/www.lefigaro.fr\/international\/royaume-uni-nigel-farage-demissionne-de-son-mandat-de-depute-20260707\" data-fig-type=\"NewsFlash\" data-gtm-custom-categorie=\"navigation\" data-gtm-custom-action=\"crossclick\" data-gtm-custom-label=\"Contextuel\" data-gtm-event=\"customEventSPE\" data-fig-domain=\"LEFIGARO\" rel=\"nofollow noopener\" target=\"_blank\">Nigel Farage<\/a>\u00a0a annonc\u00e9 le 7 juillet sa d\u00e9mission du Parlement &#8211; ce qui a automatiquement d\u00e9clench\u00e9 cette \u00e9lection anticip\u00e9e &#8211; et sa candidature. Cette l\u00e9gislative est celle du \u00abpeuple de Clacton contre l&rsquo;establishment\u00bb, clame cette figure de la politique britannique, ex-h\u00e9raut du Brexit, dont le parti Reform UK a connu une ascension spectaculaire depuis deux ans et a remport\u00e9 des \u00e9lections locales en mai.<\/p>\n<p>                                            <a class=\"fig-a11y-skip\" href=\"#fig-a11y-skip-main-inarticle\" is=\"fig-a11y-skip\" data-trigger-mode=\"visible-once\"><br \/>\n    Passer la publicit\u00e9<br \/>\n<\/a>            <\/p>\n<p>                                            \u00abUne offensive tous azimuts contre nous\u00bb<\/p>\n<p class=\"fig-paragraph\">Nigel Farage, 62 ans, a provoqu\u00e9 l&rsquo;\u00e9lection apr\u00e8s avoir \u00e9t\u00e9 rattrap\u00e9 par des affaires de dons non d\u00e9clar\u00e9s. Le gendarme de l&rsquo;\u00e9thique parlementaire enqu\u00eate sur un don de cinq millions de livres (5,7 millions d&rsquo;euros) qu&rsquo;il a re\u00e7u d&rsquo;un milliardaire ayant fait fortune dans les cryptomonnaies, Christopher Harborne, peu avant son \u00e9lection comme d\u00e9put\u00e9 \u00e0 Clacton en juillet 2024.<\/p>\n<p class=\"fig-paragraph\">Selon le Times, Farage aurait \u00e9galement re\u00e7u un don non d\u00e9clar\u00e9 de George Cottrell, entrepreneur en cryptomonnaies condamn\u00e9 pour fraude aux \u00c9tats-Unis en 2017. \u00abL&rsquo;establishment a d\u00e9cid\u00e9 de lancer une offensive tous azimuts contre nous\u00bb, a affirm\u00e9 Nigel Farage. \u00abQue le peuple soit mon juge et non l&rsquo;\u00e9lite de Westminster\u00bb, a-t-il dit. Clacton-on-Sea est une station baln\u00e9aire d\u00e9catie qui a vot\u00e9 massivement pour le Brexit en 2016. Nigel Farage y a \u00e9t\u00e9 pour la premi\u00e8re fois \u00e9lu d\u00e9put\u00e9 en 2024 apr\u00e8s sept tentatives.<\/p>\n<p class=\"fig-paragraph\">Les sondages le donnent vainqueur. Mais l&rsquo;ampleur de sa probable victoire, le taux de participation et le nombre de bulletins nuls vont \u00eatre examin\u00e9s de pr\u00e8s. Le score de Count Binface (le comte T\u00eate-de-Poubelle, en fran\u00e7ais) sera \u00e9galement tr\u00e8s suivi. Parmi les promesses de ce candidat qui se pr\u00e9sente comme un \u00abguerrier spatial intergalactique\u00bb: \u00abnationaliser\u00bb la chanteuse Adele ou \u00abboucher tous les nids-de-poule avec le programme du Labour de 2024\u00bb.<\/p>\n<p>                                            \u00abNe nous d\u00e9cevez pas\u00bb<\/p>\n<p class=\"fig-paragraph\">\u00abCount Binface, vous portez les espoirs de la nation. Ne nous d\u00e9cevez pas\u00bb, a lanc\u00e9, sourire aux l\u00e8vres, le travailliste Andy Burnham en juillet, quelques jours avant d&rsquo;\u00eatre nomm\u00e9 Premier ministre. Pour Stjin Van Kessel, professeur en politique compar\u00e9e \u00e0 l&rsquo;universit\u00e9 Queen Mary \u00e0 Londres, \u00abla tentative de Nigel Farage de transformer cette \u00e9lection partielle en bataille politique majeure a \u00e9chou\u00e9 (&#8230;) Une grande partie de l&rsquo;attention se reporte sur le candidat satirique Count Binface, au d\u00e9triment de Farage, qui en ressort quelque peu ridiculis\u00e9\u00bb.<\/p>\n<p class=\"fig-paragraph\">S&rsquo;il perdait, \u00abce serait une fin tout \u00e0 fait humiliante &#8211; et hilarante &#8211; de sa carri\u00e8re politique\u00bb, souligne Peter Dorey, professeur \u00e0 l&rsquo;universit\u00e9 de Cardiff, sp\u00e9cialis\u00e9 dans la politique britannique. Le r\u00e9sultat de l&rsquo;\u00e9lection \u00abd\u00e9pendra en grande partie du nombre d&rsquo;\u00e9lecteurs de Reform UK qui se d\u00e9tourneront de Farage en raison de la controverse (sur les dons, ndlr), et du nombre de ceux qui lui resteront fid\u00e8les parce qu&rsquo;ils estiment qu&rsquo;il est victime d&rsquo;une chasse aux sorci\u00e8res\u00bb, souligne-t-il.<\/p>\n<p>                                            <a class=\"fig-a11y-skip\" href=\"#fig-a11y-skip-main-inarticle_mtf\" is=\"fig-a11y-skip\" data-trigger-mode=\"visible-once\"><br \/>\n    Passer la publicit\u00e9<br \/>\n<\/a>            <\/p>\n<p class=\"fig-paragraph\">Cette l\u00e9gislative partielle se tient alors que pour la premi\u00e8re fois depuis plus d&rsquo;un an, les travaillistes sont r\u00e9cemment repass\u00e9s devant Reform UK dans des sondages. Le Labour b\u00e9n\u00e9ficie de l&rsquo;espoir port\u00e9 par l&rsquo;arriv\u00e9e \u00e0 Downing Street\u00a0<a href=\"http:\/\/www.lefigaro.fr\/international\/royaume-uni-bev-craig-succede-a-andy-burnham-a-la-mairie-de-manchester-20260801\" data-fig-type=\"NewsFlash\" data-gtm-custom-categorie=\"navigation\" data-gtm-custom-action=\"crossclick\" data-gtm-custom-label=\"Contextuel\" data-gtm-event=\"customEventSPE\" data-fig-domain=\"LEFIGARO\" rel=\"nofollow noopener\" target=\"_blank\">d&rsquo;Andy Burnham<\/a>\u00a0le 20 juillet. Des commentateurs s&rsquo;interrogent pour savoir si Reform UK a d\u00e9sormais atteint son pic, alors que les prochaines \u00e9lections l\u00e9gislatives au Royaume-Uni ne sont pas attendues avant 2029.<\/p>\n<p class=\"fig-paragraph\">Si Nigel Farage est r\u00e9\u00e9lu \u00e0 Clacton, l&rsquo;enqu\u00eate parlementaire sur les dons, suspendue apr\u00e8s sa d\u00e9mission, pourra reprendre. Si elle devait conclure \u00e0 une faute s\u00e9rieuse, il pourrait \u00eatre d\u00e9mis de son si\u00e8ge pour plus de 15 jours, ce qui d\u00e9clencherait une nouvelle \u00e9lection. Les partis traditionnels ont d\u00e9j\u00e0 annonc\u00e9 qu&rsquo;ils pr\u00e9senteraient alors des candidats.<\/p>\n","protected":false},"excerpt":{"rendered":"Les sondages donnent Nigel Farage vainqueur. Le politicien, cheville ouvri\u00e8re du Brexit, fait face \u00e0 \u00abCount Binface\u00bb, candidat&hellip;\n","protected":false},"author":2,"featured_media":1123993,"comment_status":"","ping_status":"","sticky":false,"template":"","format":"standard","meta":{"footnotes":"","_share_on_mastodon":"0"},"categories":[5],"tags":[11,1011,27,14,12,10669,473,28],"class_list":["post-1123992","post","type-post","status-publish","format-standard","has-post-thumbnail","category-international","tag-actualites","tag-fr","tag-france","tag-international","tag-news","tag-nigel-farage","tag-royaume-uni","tag-world"],"share_on_mastodon":{"url":"https:\/\/pubeurope.com\/@fr\/117087165973811593","error":""},"_links":{"self":[{"href":"https:\/\/www.europesays.com\/fr\/wp-json\/wp\/v2\/posts\/1123992","targetHints":{"allow":["GET"]}}],"collection":[{"href":"https:\/\/www.europesays.com\/fr\/wp-json\/wp\/v2\/posts"}],"about":[{"href":"https:\/\/www.europesays.com\/fr\/wp-json\/wp\/v2\/types\/post"}],"author":[{"embeddable":true,"href":"https:\/\/www.europesays.com\/fr\/wp-json\/wp\/v2\/users\/2"}],"replies":[{"embeddable":true,"href":"https:\/\/www.europesays.com\/fr\/wp-json\/wp\/v2\/comments?post=1123992"}],"version-history":[{"count":0,"href":"https:\/\/www.europesays.com\/fr\/wp-json\/wp\/v2\/posts\/1123992\/revisions"}],"wp:featuredmedia":[{"embeddable":true,"href":"https:\/\/www.europesays.com\/fr\/wp-json\/wp\/v2\/media\/1123993"}],"wp:attachment":[{"href":"https:\/\/www.europesays.com\/fr\/wp-json\/wp\/v2\/media?parent=1123992"}],"wp:term":[{"taxonomy":"category","embeddable":true,"href":"https:\/\/www.europesays.com\/fr\/wp-json\/wp\/v2\/categories?post=1123992"},{"taxonomy":"post_tag","embeddable":true,"href":"https:\/\/www.europesays.com\/fr\/wp-json\/wp\/v2\/tags?post=1123992"}],"curies":[{"name":"wp","href":"https:\/\/api.w.org\/{rel}","templated":true}]}}