{"id":112411,"date":"2025-05-19T18:31:09","date_gmt":"2025-05-19T18:31:09","guid":{"rendered":"https:\/\/www.europesays.com\/fr\/112411\/"},"modified":"2025-05-19T18:31:09","modified_gmt":"2025-05-19T18:31:09","slug":"une-enseignante-renversee-devant-son-lycee-lors-dun-rodeo-urbain","status":"publish","type":"post","link":"https:\/\/www.europesays.com\/fr\/112411\/","title":{"rendered":"une enseignante renvers\u00e9e devant son lyc\u00e9e lors d\u2019un rod\u00e9o urbain"},"content":{"rendered":"<p>L\u2019enseignante a \u00e9t\u00e9 transport\u00e9e \u00e0 l\u2019h\u00f4pital avec des douleurs \u00e0 la cheville. Le v\u00e9hicule impliqu\u00e9 dans la collision a \u00e9t\u00e9 saisi et une enqu\u00eate de police est en cours pour retrouver le chauffard.<\/p>\n<p class=\"fig-paragraph\">Une enseignante marseillaise a \u00e9t\u00e9 renvers\u00e9e ce lundi en fin de matin\u00e9e devant son lyc\u00e9e lors d\u2019un\u00a0<a href=\"http:\/\/www.lefigaro.fr\/faits-divers\/evian-les-bains-le-pompier-agresse-lors-du-rodeo-urbain-est-sorti-du-coma-20250517\" data-fig-type=\"Article\" data-gtm-custom-categorie=\"navigation\" data-gtm-custom-action=\"crossclick\" data-gtm-custom-label=\"Contextuel\" data-gtm-event=\"customEventSPE\" data-fig-domain=\"LEFIGARO\" target=\"_blank\" rel=\"noopener\">rod\u00e9o urbain<\/a>, a appris Le Figaro de sources concordantes, confirmant une information de\u00a0<a href=\"https:\/\/www.laprovence.com\/article\/faits-divers-justice\/1819051275205815\/une-enseignante-du-lycee-saint-exupery-percutee-par-une-audi-rs6-apres-un-rodeo\" target=\"_blank\" rel=\"nofollow noopener\" data-gtm-custom-categorie=\"navigation\" data-gtm-custom-action=\"crossclick\" data-gtm-custom-label=\"Contextuel\" data-gtm-event=\"customEventSPE\">La Provence<\/a> . La victime a \u00e9t\u00e9 transport\u00e9e \u00e0 l\u2019h\u00f4pital et ses jours ne sont pas en danger.<\/p>\n<p class=\"fig-paragraph\">Selon nos confr\u00e8res, l\u2019enseignante venait de quitter son \u00e9tablissement, le lyc\u00e9e Saint-Exup\u00e9ry situ\u00e9 dans le 15e arrondissement, lorsqu\u2019elle a \u00e9t\u00e9 percut\u00e9e par une berline allemande (une Audi RS6 selon La Provence) qui roulait \u00e0 vive allure dans le quartier depuis plusieurs heures. Le conducteur du v\u00e9hicule a arr\u00eat\u00e9 son v\u00e9hicule, qui a fini par \u00eatre r\u00e9cup\u00e9r\u00e9 par d\u2019autres individus tentant de le dissimuler \u00e0 proximit\u00e9 des lieux de l\u2019accident. La berline a finalement \u00e9t\u00e9 saisie par les forces de l\u2019ordre.<\/p>\n<p>Pas de pronostic vital engag\u00e9<\/p>\n<p class=\"fig-paragraph\">L\u2019enseignante, qui souffrait de douleurs \u00e0 la cheville, a \u00e9t\u00e9 transport\u00e9e \u00e0 l\u2019h\u00f4pital par les marins-pompiers de Marseille sans que son pronostic vital ne soit engag\u00e9. Sollicit\u00e9, le rectorat de l\u2019acad\u00e9mie d\u2019Aix-Marseille a confirm\u00e9 au Figaro qu\u2019une enqu\u00eate de police avait \u00e9t\u00e9 ouverte pour retrouver le chauffard et ses complices, qui ont pris la fuite. \u00abLa direction du lyc\u00e9e apporte tout son soutien \u00e0 l\u2019enseignante et \u00e0 sa famille\u00bb, poursuit le rectorat.<\/p>\n","protected":false},"excerpt":{"rendered":"L\u2019enseignante a \u00e9t\u00e9 transport\u00e9e \u00e0 l\u2019h\u00f4pital avec des douleurs \u00e0 la cheville. Le v\u00e9hicule impliqu\u00e9 dans la collision&hellip;\n","protected":false},"author":2,"featured_media":112412,"comment_status":"","ping_status":"","sticky":false,"template":"","format":"standard","meta":{"footnotes":""},"categories":[2],"tags":[11,885,1182,1180,1181,1011,27,1184,1185,2633,12,1177,1176,149,1186,882,25,19057,1178,1183,1179],"class_list":{"0":"post-112411","1":"post","2":"type-post","3":"status-publish","4":"format-standard","5":"has-post-thumbnail","7":"category-actualites","8":"tag-actualites","9":"tag-bouches-du-rhone","10":"tag-calanques","11":"tag-canebiere","12":"tag-cite-phoceenne","13":"tag-fr","14":"tag-france","15":"tag-la-timone","16":"tag-les-baumettes-mediterranee","17":"tag-lycee","18":"tag-news","19":"tag-notre-dame-de-la-garde","20":"tag-olympique-de-marseille","21":"tag-om","22":"tag-provence","23":"tag-provence-alpes-cote-dazur","24":"tag-republique-francaise","25":"tag-rodeo-urbain","26":"tag-saint-charles","27":"tag-sormiou","28":"tag-vieux-port"},"share_on_mastodon":{"url":"https:\/\/pubeurope.com\/@fr\/114535929254763340","error":""},"_links":{"self":[{"href":"https:\/\/www.europesays.com\/fr\/wp-json\/wp\/v2\/posts\/112411","targetHints":{"allow":["GET"]}}],"collection":[{"href":"https:\/\/www.europesays.com\/fr\/wp-json\/wp\/v2\/posts"}],"about":[{"href":"https:\/\/www.europesays.com\/fr\/wp-json\/wp\/v2\/types\/post"}],"author":[{"embeddable":true,"href":"https:\/\/www.europesays.com\/fr\/wp-json\/wp\/v2\/users\/2"}],"replies":[{"embeddable":true,"href":"https:\/\/www.europesays.com\/fr\/wp-json\/wp\/v2\/comments?post=112411"}],"version-history":[{"count":0,"href":"https:\/\/www.europesays.com\/fr\/wp-json\/wp\/v2\/posts\/112411\/revisions"}],"wp:featuredmedia":[{"embeddable":true,"href":"https:\/\/www.europesays.com\/fr\/wp-json\/wp\/v2\/media\/112412"}],"wp:attachment":[{"href":"https:\/\/www.europesays.com\/fr\/wp-json\/wp\/v2\/media?parent=112411"}],"wp:term":[{"taxonomy":"category","embeddable":true,"href":"https:\/\/www.europesays.com\/fr\/wp-json\/wp\/v2\/categories?post=112411"},{"taxonomy":"post_tag","embeddable":true,"href":"https:\/\/www.europesays.com\/fr\/wp-json\/wp\/v2\/tags?post=112411"}],"curies":[{"name":"wp","href":"https:\/\/api.w.org\/{rel}","templated":true}]}}