{"id":1124233,"date":"2026-08-13T10:54:18","date_gmt":"2026-08-13T10:54:18","guid":{"rendered":"https:\/\/www.europesays.com\/fr\/1124233\/"},"modified":"2026-08-13T10:54:18","modified_gmt":"2026-08-13T10:54:18","slug":"meteo-quel-temps-est-il-prevu-a-vandoeuvre-les-nancy-et-ses-environs-le-jeudi-13-aout-2026","status":"publish","type":"post","link":"https:\/\/www.europesays.com\/fr\/1124233\/","title":{"rendered":"M\u00e9t\u00e9o. Quel temps est-il pr\u00e9vu \u00e0 Vand\u0153uvre-l\u00e8s-Nancy et ses environs le jeudi 13 ao\u00fbt 2026 ?"},"content":{"rendered":"<p data-ofstats-scroll=\"read_depth_20\">La matin\u00e9e se d\u00e9roulera sous un ciel clair persistant. Les temp\u00e9ratures resteront stables autour de 21 \u00b0C en d\u00e9but de journ\u00e9e, avant de progresser nettement pour atteindre 27 \u00b0C vers la fin de matin\u00e9e. Le vent, faible au d\u00e9part avec 5 km\/h, soufflera d\u2019abord du Nord-Est puis de l\u2019Est-Nord-Est, avec des rafales oscillant entre 10 et 15 km\/h. L\u2019humidit\u00e9 diminuera progressivement, tandis que la couverture nuageuse restera tr\u00e8s faible, sans \u00e9volution significative.<\/p>\n<p data-ofstats-scroll=\"read_depth_30\">L\u2019apr\u00e8s-midi prendra le relais sous un ciel durablement d\u00e9gag\u00e9, dans la continuit\u00e9 de la matin\u00e9e. Les temp\u00e9ratures monteront de 30 \u00b0C en d\u00e9but de p\u00e9riode pour atteindre jusqu\u2019\u00e0 36 \u00b0C en fin d\u2019apr\u00e8s-midi, avec une progression plus marqu\u00e9e apr\u00e8s 14 h. Le vent restera faible, oscillant entre 5 et 10 km\/h, passant d\u2019Est-Nord-Est \u00e0 Nord-Nord-Est, tout en conservant des rafales pouvant atteindre 20 km\/h. L\u2019humidit\u00e9 diminuera encore au fil des heures.<\/p>\n<p data-ofstats-scroll=\"read_depth_50\">La soir\u00e9e prolongera cette ambiance chaude, avec une temp\u00e9rature ne commen\u00e7ant \u00e0 faiblir qu\u2019apr\u00e8s 20 h pour descendre vers 31 \u00b0C en fin de p\u00e9riode. Le ciel demeurera d\u00e9gag\u00e9, sans \u00e9volution notable de la n\u00e9bulosit\u00e9, dans le prolongement de l\u2019apr\u00e8s-midi. Le vent restera faible \u00e0 mod\u00e9r\u00e9, avec des vitesses proches de 5 \u00e0 10 km\/h et des rafales atteignant 20 km\/h, tout en pivotant du Nord-Est vers l\u2019Est-Sud-Est au fil des heures. L\u2019humidit\u00e9 ne conna\u00eetra qu\u2019une l\u00e9g\u00e8re variation.<\/p>\n<p data-ofstats-scroll=\"read_depth_70\">Au cours de la nuit, apr\u00e8s cette soir\u00e9e encore lourde, la temp\u00e9rature reculera de 30 \u00e0 26 \u00b0C, traduisant un rafra\u00eechissement lent mais continu vers le matin. Le vent, d\u2019abord \u00e9tabli \u00e0 10 km\/h avec des rafales pouvant atteindre 20 km\/h, faiblira ensuite autour de 5 km\/h avec des rafales limit\u00e9es \u00e0 5 km\/h. Sa provenance \u00e9voluera de l\u2019Est vers le Nord-Est. Le ciel restera largement d\u00e9gag\u00e9, dans la continuit\u00e9 des heures pr\u00e9c\u00e9dentes, et l\u2019humidit\u00e9 se renforcera progressivement jusqu\u2019\u00e0 l\u2019aube.<\/p>\n<p data-ofstats-scroll=\"read_depth_90\">Pour la journ\u00e9e de vendredi, dans le prolongement de cette nuit encore douce, la temp\u00e9rature restera \u00e9lev\u00e9e, passant d\u2019un d\u00e9but de matin\u00e9e d\u00e9j\u00e0 chaud autour de 24 \u00e0 25 \u00b0C \u00e0 un maximum de 37 \u00b0C en fin d\u2019apr\u00e8s-midi. Le vent, d\u2019abord faible du Nord-Est et du Nord-Nord-Est \u00e0 5 km\/h, se renforcera progressivement pour atteindre 10 km\/h avec des rafales jusqu\u2019\u00e0 25 km\/h venant de l\u2019Est-Nord-Est. Le ciel clair du matin laissera temporairement place \u00e0 une couverture nuageuse marqu\u00e9e en milieu de journ\u00e9e, avant un retour \u00e0 des conditions largement d\u00e9gag\u00e9es. L\u2019humidit\u00e9, perceptible en d\u00e9but de matin\u00e9e, diminuera nettement au fil des heures.<\/p>\n<p data-ofstats-scroll=\"read_depth_90\"><a href=\"https:\/\/www.ouest-france.fr\/meteo\/grand-est\/vandoeuvre-les-nancy-54500\/\" rel=\"nofollow noopener\" target=\"_blank\">Suivez la m\u00e9t\u00e9o de votre commune en temps r\u00e9el<\/a><\/p>\n<p data-ofstats-scroll=\"read_depth_100\">Ouest-France vous donne \u00e9galement la possibilit\u00e9 de conna\u00eetre la m\u00e9t\u00e9o de votre commune, heure par heure, sur notre page m\u00e9t\u00e9o d\u00e9di\u00e9e<\/p>\n","protected":false},"excerpt":{"rendered":"La matin\u00e9e se d\u00e9roulera sous un ciel clair persistant. Les temp\u00e9ratures resteront stables autour de 21 \u00b0C en&hellip;\n","protected":false},"author":2,"featured_media":1041145,"comment_status":"","ping_status":"","sticky":false,"template":"","format":"standard","meta":{"footnotes":"","_share_on_mastodon":"0"},"categories":[9635],"tags":[1111,11,11734,1777,674,1011,27,775,1702,9847,12,25,24495,5711],"class_list":["post-1124233","post","type-post","status-publish","format-standard","has-post-thumbnail","category-nancy","tag-actu","tag-actualites","tag-bois-de-haye","tag-eu","tag-europe","tag-fr","tag-france","tag-grand-est","tag-nancy","tag-neuves-maisons","tag-news","tag-republique-francaise","tag-richardmenil","tag-vandoeuvre-les-nancy"],"share_on_mastodon":{"url":"https:\/\/pubeurope.com\/@fr\/117087834595520463","error":""},"_links":{"self":[{"href":"https:\/\/www.europesays.com\/fr\/wp-json\/wp\/v2\/posts\/1124233","targetHints":{"allow":["GET"]}}],"collection":[{"href":"https:\/\/www.europesays.com\/fr\/wp-json\/wp\/v2\/posts"}],"about":[{"href":"https:\/\/www.europesays.com\/fr\/wp-json\/wp\/v2\/types\/post"}],"author":[{"embeddable":true,"href":"https:\/\/www.europesays.com\/fr\/wp-json\/wp\/v2\/users\/2"}],"replies":[{"embeddable":true,"href":"https:\/\/www.europesays.com\/fr\/wp-json\/wp\/v2\/comments?post=1124233"}],"version-history":[{"count":0,"href":"https:\/\/www.europesays.com\/fr\/wp-json\/wp\/v2\/posts\/1124233\/revisions"}],"wp:featuredmedia":[{"embeddable":true,"href":"https:\/\/www.europesays.com\/fr\/wp-json\/wp\/v2\/media\/1041145"}],"wp:attachment":[{"href":"https:\/\/www.europesays.com\/fr\/wp-json\/wp\/v2\/media?parent=1124233"}],"wp:term":[{"taxonomy":"category","embeddable":true,"href":"https:\/\/www.europesays.com\/fr\/wp-json\/wp\/v2\/categories?post=1124233"},{"taxonomy":"post_tag","embeddable":true,"href":"https:\/\/www.europesays.com\/fr\/wp-json\/wp\/v2\/tags?post=1124233"}],"curies":[{"name":"wp","href":"https:\/\/api.w.org\/{rel}","templated":true}]}}