{"id":112450,"date":"2025-05-19T18:53:07","date_gmt":"2025-05-19T18:53:07","guid":{"rendered":"https:\/\/www.europesays.com\/fr\/112450\/"},"modified":"2025-05-19T18:53:07","modified_gmt":"2025-05-19T18:53:07","slug":"israel-compte-prendre-le-controle-de-gaza-levee-partielle-du-blocus-sur-laide-humanitaire-frappes-meurtrieres-lactu-du-conflit-au-proche-orient-ce-lundi-19","status":"publish","type":"post","link":"https:\/\/www.europesays.com\/fr\/112450\/","title":{"rendered":"Isra\u00ebl compte \u00abprendre le contr\u00f4le\u00bb de Gaza, lev\u00e9e partielle du blocus sur l\u2019aide humanitaire, frappes meurtri\u00e8res\u2026 L\u2019actu du conflit au Proche-Orient ce lundi 19\u00a0mai \u2013 Lib\u00e9ration"},"content":{"rendered":"<p class=\"sc-ksZaOG ehjQrN text-element\">La r\u00e9daction de Lib\u00e9ration vous r\u00e9sume les principales actualit\u00e9s du jour sur le conflit au Proche-Orient.<\/p>\n<p class=\"sc-ksZaOG ehjQrN text-element\">Le Premier ministre isra\u00e9lien, Benyamin N\u00e9tanyahou, a d\u00e9clar\u00e9 ce lundi qu\u2019Isra\u00ebl allait \u00abprendre le contr\u00f4le de toute\u00bb la bande de Gaza, o\u00f9 <a href=\"https:\/\/www.liberation.fr\/international\/moyen-orient\/operation-chariots-de-gedeon-a-gaza-israel-met-le-cessez-le-feu-aux-poudres-20250518_FBS4KAP3HBDHFGYGC2OGZA2V3U\/\" target=\"_blank\" rel=\"noreferrer noopener\" title=\"https:\/\/www.liberation.fr\/international\/moyen-orient\/operation-chariots-de-gedeon-a-gaza-israel-met-le-cessez-le-feu-aux-poudres-20250518_FBS4KAP3HBDHFGYGC2OGZA2V3U\/\">l\u2019arm\u00e9e a intensifi\u00e9 son offensive terrestre depuis la veille<\/a>. \u00abLes combats sont intenses et nous progressons\u00bb, a-t-il encore affirm\u00e9. L\u2019Etat h\u00e9breu a repris le 18 mars ses op\u00e9rations militaires \u00e0 Gaza, rompant une tr\u00eave de deux mois, et d\u00e9voil\u00e9 d\u00e9but mai un plan pr\u00e9voyant la \u00abconqu\u00eate\u00bb de Gaza et le d\u00e9placement de la plupart de ses 2,4 millions d\u2018habitants vers l\u2019extr\u00eame sud du territoire. Dimanche, l\u2018arm\u00e9e a dit avoir attaqu\u00e9 \u00abplus de 160 cibles terroristes\u00bb \u00e0 travers tout le territoire, dont \u00abdes postes de lancement de missiles antichars\u00bb et des \u00abinfrastructures souterraines\u00bb. <\/p>\n<p class=\"sc-ksZaOG ehjQrN text-element\">Mis sous pression \u00e0 l\u2019international, Isra\u00ebl <a href=\"https:\/\/www.liberation.fr\/international\/moyen-orient\/en-direct-guerre-a-gaza-au-moins-33-palestiniens-tues-dans-un-pilonnage-israelien-selon-les-secours-20250518_TZOUUZDROJESLFTSQ5XSLAFVN4\/\" target=\"_blank\" rel=\"noreferrer noopener\" title=\"https:\/\/www.liberation.fr\/international\/moyen-orient\/en-direct-guerre-a-gaza-au-moins-33-palestiniens-tues-dans-un-pilonnage-israelien-selon-les-secours-20250518_TZOUUZDROJESLFTSQ5XSLAFVN4\/\">a lev\u00e9 partiellement dimanche<\/a> le blocus sur Gaza et autorise ainsi une reprise limit\u00e9e de l\u2019aide humanitaire. Une \u00abquantit\u00e9 de base de nourriture\u00bb pourrait \u00eatre achemin\u00e9e vers le territoire, a annonc\u00e9 dimanche le bureau du Premier ministre isra\u00e9lien dans un communiqu\u00e9.<\/p>\n<p class=\"sc-ksZaOG ehjQrN text-element\">\u00abNous ne devons pas laisser la population sombrer <a href=\"https:\/\/www.liberation.fr\/international\/moyen-orient\/malnutrition-stocks-epuises-a-gaza-pres-dune-personne-sur-cinq-est-menacee-de-famine-20250513_JNTSJFNEKFCOZNP2LZSTJTNGXA\/\" target=\"_blank\" rel=\"noreferrer noopener\" title=\"https:\/\/www.liberation.fr\/international\/moyen-orient\/malnutrition-stocks-epuises-a-gaza-pres-dune-personne-sur-cinq-est-menacee-de-famine-20250513_JNTSJFNEKFCOZNP2LZSTJTNGXA\/\">dans la famine<\/a>, ni pour des raisons pratiques, ni pour des raisons diplomatiques\u00bb, a ajout\u00e9 Benyamin N\u00e9tanyahou ce lundi matin. Un revirement qu\u2019il explique par le fait que des \u00abamis\u00bb d\u2018Isra\u00ebl lui ont dit qu\u2019ils ne pourraient plus soutenir la poursuite de la guerre si des \u00abimages de famine de masse\u00bb dans le territoire palestinien \u00e9taient diffus\u00e9es. L\u2019entr\u00e9e de l\u2019aide humanitaire dans l\u2019enclave d\u00e9vast\u00e9e est bloqu\u00e9e depuis deux mois. L\u2019ONU a qualifi\u00e9 cette aide \u00ablimit\u00e9e\u00bb mais \u00abbienvenue\u00bb de \u00abgoutte d\u2019eau dans l\u2019oc\u00e9an\u00bb.<\/p>\n<p class=\"sc-ksZaOG ehjQrN text-element\">Des camions transportant de la nourriture pour b\u00e9b\u00e9s \u00e0 Gaza sont attendus ce lundi, a annonc\u00e9 la diplomatie isra\u00e9lienne. \u00abAujourd\u2019hui, Isra\u00ebl facilite l\u2019entr\u00e9e de camions avec de la nourriture pour b\u00e9b\u00e9s dans Gaza. Dans les jours \u00e0 venir, Isra\u00ebl facilitera l\u2019entr\u00e9e de dizaines de camions d\u2019aide\u00bb, a soulign\u00e9 \u00e0 la presse Eden Bar-Tal, directeur g\u00e9n\u00e9ral du minist\u00e8re des Affaires \u00e9trang\u00e8res lors d\u2019une conf\u00e9rence de presse \u00e0 J\u00e9rusalem. \u00abDeux millions de personnes sont affam\u00e9es\u00bb \u00e0 Gaza, alors que des \u00abtonnes de nourriture sont bloqu\u00e9es \u00e0 la fronti\u00e8re\u00bb, a d\u00e9plor\u00e9 le chef de l\u2019Organisation mondiale de la sant\u00e9 (OMS), Tedros Adhanom Ghebreyesus. <\/p>\n<p class=\"sc-ksZaOG ehjQrN text-element\">D\u2018intenses frappes isra\u00e9liennes ont tu\u00e9 52 personnes ce lundi dans <a href=\"https:\/\/www.liberation.fr\/international\/moyen-orient\/a-gaza-les-hommes-sont-charges-de-ramener-de-quoi-manger-les-enfants-font-la-queue-pour-de-leau-et-les-femmes-sefforcent-de-cueillir-des-herbes-comestibles-20250515_WIUC6EBTKVHXJL43BUWTW3JCNY\/\" target=\"_blank\" rel=\"noreferrer noopener\" title=\"https:\/\/www.liberation.fr\/international\/moyen-orient\/a-gaza-les-hommes-sont-charges-de-ramener-de-quoi-manger-les-enfants-font-la-queue-pour-de-leau-et-les-femmes-sefforcent-de-cueillir-des-herbes-comestibles-20250515_WIUC6EBTKVHXJL43BUWTW3JCNY\/\">la bande de Gaza<\/a>. La D\u00e9fense civile locale a \u00e9galement signal\u00e9 des \u00abfrappes a\u00e9riennes violentes \u00e0 Khan Youn\u00e8s, notamment autour de l\u2019h\u00f4pital Nasser\u00bb, dans le sud du territoire.<\/p>\n<p class=\"sc-ksZaOG ehjQrN text-element\">\u00abLe bombardement isra\u00e9lien sur Gaza s\u2019est poursuivi depuis minuit et durant les premi\u00e8res heures de la matin\u00e9e, faisant 52 martyrs\u00bb, a soulign\u00e9 \u00e0 l\u2019AFP le porte-parole de la D\u00e9fense civile, Mahmoud Bassal. Il a pr\u00e9cis\u00e9 que les bombardements \u00e9taient toujours en cours dans l\u2019apr\u00e8s-midi et que les forces isra\u00e9liennes avaient \u00ab\u00e9largi leur op\u00e9ration terrestre\u00bb.<\/p>\n<p class=\"sc-ksZaOG ehjQrN text-element\">\u00a0<a href=\"https:\/\/www.liberation.fr\/international\/moyen-orient\/docteur-salha-directeur-dun-hopital-du-nord-de-gaza-tous-les-palestiniens-ne-sont-pas-membres-du-hamas-nous-sommes-des-etres-humains-comme-les-autres-20250516_ZRUGCJME3ZCX3BOR6F4ZL7B4WQ\/\" target=\"_blank\" rel=\"noreferrer noopener\" title=\"https:\/\/www.liberation.fr\/international\/moyen-orient\/docteur-salha-directeur-dun-hopital-du-nord-de-gaza-tous-les-palestiniens-ne-sont-pas-membres-du-hamas-nous-sommes-des-etres-humains-comme-les-autres-20250516_ZRUGCJME3ZCX3BOR6F4ZL7B4WQ\/\">Dans le nord de la bande de Gaza<\/a>, au moins deux personnes sont mortes dans une frappe de drone sur une tente abritant des personnes d\u00e9plac\u00e9es dans la cour de l\u2019h\u00f4pital indon\u00e9sien, selon l\u2019organisme de premiers secours. Tsahal accuse le Hamas de se servir de b\u00e2timents civils, comme les h\u00f4pitaux, \u00e0 des fins militaires, ce que le mouvement islamiste nie.<\/p>\n<p class=\"sc-ksZaOG ehjQrN text-element\"><b>Mis \u00e0 jour<\/b> \u00e0 15h21 avec les d\u00e9clarations du porte-parole de la D\u00e9fense civile.<\/p>\n","protected":false},"excerpt":{"rendered":"La r\u00e9daction de Lib\u00e9ration vous r\u00e9sume les principales actualit\u00e9s du jour sur le conflit au Proche-Orient. Le Premier&hellip;\n","protected":false},"author":2,"featured_media":112451,"comment_status":"","ping_status":"","sticky":false,"template":"","format":"standard","meta":{"footnotes":""},"categories":[5],"tags":[11,1011,27,3519,14,664,3523,12,28],"class_list":{"0":"post-112450","1":"post","2":"type-post","3":"status-publish","4":"format-standard","5":"has-post-thumbnail","7":"category-international","8":"tag-actualites","9":"tag-fr","10":"tag-france","11":"tag-hamas","12":"tag-international","13":"tag-israel","14":"tag-israel-palestine-conflit","15":"tag-news","16":"tag-world"},"share_on_mastodon":{"url":"https:\/\/pubeurope.com\/@fr\/114536015746678462","error":""},"_links":{"self":[{"href":"https:\/\/www.europesays.com\/fr\/wp-json\/wp\/v2\/posts\/112450","targetHints":{"allow":["GET"]}}],"collection":[{"href":"https:\/\/www.europesays.com\/fr\/wp-json\/wp\/v2\/posts"}],"about":[{"href":"https:\/\/www.europesays.com\/fr\/wp-json\/wp\/v2\/types\/post"}],"author":[{"embeddable":true,"href":"https:\/\/www.europesays.com\/fr\/wp-json\/wp\/v2\/users\/2"}],"replies":[{"embeddable":true,"href":"https:\/\/www.europesays.com\/fr\/wp-json\/wp\/v2\/comments?post=112450"}],"version-history":[{"count":0,"href":"https:\/\/www.europesays.com\/fr\/wp-json\/wp\/v2\/posts\/112450\/revisions"}],"wp:featuredmedia":[{"embeddable":true,"href":"https:\/\/www.europesays.com\/fr\/wp-json\/wp\/v2\/media\/112451"}],"wp:attachment":[{"href":"https:\/\/www.europesays.com\/fr\/wp-json\/wp\/v2\/media?parent=112450"}],"wp:term":[{"taxonomy":"category","embeddable":true,"href":"https:\/\/www.europesays.com\/fr\/wp-json\/wp\/v2\/categories?post=112450"},{"taxonomy":"post_tag","embeddable":true,"href":"https:\/\/www.europesays.com\/fr\/wp-json\/wp\/v2\/tags?post=112450"}],"curies":[{"name":"wp","href":"https:\/\/api.w.org\/{rel}","templated":true}]}}