{"id":112454,"date":"2025-05-19T18:55:09","date_gmt":"2025-05-19T18:55:09","guid":{"rendered":"https:\/\/www.europesays.com\/fr\/112454\/"},"modified":"2025-05-19T18:55:09","modified_gmt":"2025-05-19T18:55:09","slug":"vingt-ans-de-prison-pour-le-pere-coupable-davoir-pousse-sa-fille-du-haut-du-pont","status":"publish","type":"post","link":"https:\/\/www.europesays.com\/fr\/112454\/","title":{"rendered":"Vingt ans de prison pour le p\u00e8re coupable d\u2019avoir pouss\u00e9 sa fille du haut du pont"},"content":{"rendered":"<p>Tout au long du proc\u00e8s, il n\u2019avait cess\u00e9 de <a href=\"https:\/\/www.20minutes.fr\/justice\/4153244-20250513-saint-nazaire-papa-va-tuer-pere-accuse-avoir-pousse-fille-pont-juge-devant-assises\" class=\"color-ultramarine c-link\" target=\"_blank\" rel=\"noopener\">clamer son innocence<\/a>. Un homme \u00e2g\u00e9 de 47 ans a \u00e9t\u00e9 condamn\u00e9 ce lundi \u00e0 vingt ans de prison, par la cour d\u2019assises de Loire-Atlantique, pour avoir pouss\u00e9 sa fille de 18 ans du haut du pont de <a href=\"https:\/\/www.20minutes.fr\/economie\/saint-nazaire\/\" class=\"color-ultramarine c-link\" target=\"_blank\" rel=\"noopener\">Saint-Nazaire<\/a> en juin\u00a02022. L\u2019avocat de la d\u00e9fense, qui avait plaid\u00e9 l\u2019acquittement, s\u2019est dit \u00ab\u00a0extr\u00eamement d\u00e9\u00e7u\u00a0\u00bb apr\u00e8s l\u2019\u00e9nonc\u00e9 du verdict et a \u00e9voqu\u00e9 la possibilit\u00e9 d\u2019un appel. L\u2019avocat g\u00e9n\u00e9ral avait, lui, requis vingt ans de prison, d\u00e9non\u00e7ant un p\u00e8re qui ne supportait plus \u00ab\u00a0sa fille qui brise sa famille\u00a0\u00bb.<\/p>\n<p>Le drame s\u2019\u00e9tait produit le 28\u00a0juin 2022, en milieu d\u2019apr\u00e8s-midi. La jeune femme avait <a href=\"https:\/\/www.20minutes.fr\/faits_divers\/3317327-20220629-loire-alantique-enquete-apres-chute-mortelle-ado-depuis-pont-saint-nazaire\" class=\"color-ultramarine c-link\" target=\"_blank\" rel=\"noopener\">trouv\u00e9 la mort apr\u00e8s une chute<\/a> de plus de 60 m\u00e8tres depuis le pont qui enjambe l\u2019estuaire de la Loire. Son p\u00e8re d\u00e9clare avoir tent\u00e9 de la retenir alors qu\u2019elle s\u2019appr\u00eatait \u00e0 sauter. Des t\u00e9moins oculaires affirment au contraire <a href=\"https:\/\/www.20minutes.fr\/faits_divers\/3318007-20220630-saint-nazaire-pere-vu-train-pousser-fille-pont-avant-chute-mortelle\" class=\"color-ultramarine c-link\" target=\"_blank\" rel=\"noopener\">avoir vu l\u2019accus\u00e9 saisir sa fille<\/a>, pour certains par la jambe, pour d\u2019autres par le pied ou la cheville, et la projeter vers le fleuve en contrebas.<\/p>\n<p>L\u2019accus\u00e9 soutenu par la m\u00e8re et la s\u0153ur de la victime<\/p>\n<p>Le jour du drame, le p\u00e8re de famille \u00e9tait all\u00e9 en voiture chercher sa fille chez son petit ami, qui exer\u00e7ait des violences sur elle, selon plusieurs t\u00e9moins. La jeune femme souffrait par ailleurs de troubles du comportement, de \u00ab\u00a0conduites toxicomaniaques inqui\u00e9tantes\u00a0\u00bb et d\u2019une \u00ab\u00a0tendance autodestructrice\u00a0\u00bb, a \u00e9tabli l\u2019enqu\u00eate. Elle avait, par le pass\u00e9, fait part d&rsquo; \u00ab\u00a0id\u00e9es suicidaires\u00a0\u00bb \u00e0 des proches.<\/p>\n<p>Devant la cour d\u2019assises, le banc des parties civiles \u00e9tait rest\u00e9 vide. La m\u00e8re et la s\u0153ur de la jeune femme ont soutenu l\u2019accus\u00e9 tout au long de la proc\u00e9dure.<\/p>\n","protected":false},"excerpt":{"rendered":"Tout au long du proc\u00e8s, il n\u2019avait cess\u00e9 de clamer son innocence. Un homme \u00e2g\u00e9 de 47 ans&hellip;\n","protected":false},"author":2,"featured_media":112455,"comment_status":"","ping_status":"","sticky":false,"template":"","format":"standard","meta":{"footnotes":""},"categories":[2],"tags":[47,11,20851,3555,1011,27,303,3047,766,12,2636,3272],"class_list":{"0":"post-112454","1":"post","2":"type-post","3":"status-publish","4":"format-standard","5":"has-post-thumbnail","7":"category-actualites","8":"tag-actualite","9":"tag-actualites","10":"tag-cour-dassises","11":"tag-feminicide","12":"tag-fr","13":"tag-france","14":"tag-justice","15":"tag-loire-atlantique","16":"tag-nantes","17":"tag-news","18":"tag-pays-de-la-loire","19":"tag-saint-nazaire"},"share_on_mastodon":{"url":"https:\/\/pubeurope.com\/@fr\/114536023518903805","error":""},"_links":{"self":[{"href":"https:\/\/www.europesays.com\/fr\/wp-json\/wp\/v2\/posts\/112454","targetHints":{"allow":["GET"]}}],"collection":[{"href":"https:\/\/www.europesays.com\/fr\/wp-json\/wp\/v2\/posts"}],"about":[{"href":"https:\/\/www.europesays.com\/fr\/wp-json\/wp\/v2\/types\/post"}],"author":[{"embeddable":true,"href":"https:\/\/www.europesays.com\/fr\/wp-json\/wp\/v2\/users\/2"}],"replies":[{"embeddable":true,"href":"https:\/\/www.europesays.com\/fr\/wp-json\/wp\/v2\/comments?post=112454"}],"version-history":[{"count":0,"href":"https:\/\/www.europesays.com\/fr\/wp-json\/wp\/v2\/posts\/112454\/revisions"}],"wp:featuredmedia":[{"embeddable":true,"href":"https:\/\/www.europesays.com\/fr\/wp-json\/wp\/v2\/media\/112455"}],"wp:attachment":[{"href":"https:\/\/www.europesays.com\/fr\/wp-json\/wp\/v2\/media?parent=112454"}],"wp:term":[{"taxonomy":"category","embeddable":true,"href":"https:\/\/www.europesays.com\/fr\/wp-json\/wp\/v2\/categories?post=112454"},{"taxonomy":"post_tag","embeddable":true,"href":"https:\/\/www.europesays.com\/fr\/wp-json\/wp\/v2\/tags?post=112454"}],"curies":[{"name":"wp","href":"https:\/\/api.w.org\/{rel}","templated":true}]}}