{"id":112456,"date":"2025-05-19T18:56:12","date_gmt":"2025-05-19T18:56:12","guid":{"rendered":"https:\/\/www.europesays.com\/fr\/112456\/"},"modified":"2025-05-19T18:56:12","modified_gmt":"2025-05-19T18:56:12","slug":"veauche-quand-la-magie-doz-et-des-claquettes-opere","status":"publish","type":"post","link":"https:\/\/www.europesays.com\/fr\/112456\/","title":{"rendered":"Veauche. Quand la magie d\u2019Oz et des claquettes op\u00e8re"},"content":{"rendered":"<p>Install\u00e9e \u00e0 Saint-\u00c9tienne depuis 1984, l\u2019American Dancin&rsquo; School est l\u2019une des plus grandes et des plus anciennes \u00e9coles de claquettes de France.<\/p>\n<p>Elle est m\u00eame l\u2019une des seules, voire la seule, \u00e0 ne dispenser que des cours de claquettes am\u00e9ricaines \u00e0 sa centaine d\u2019\u00e9l\u00e8ves de tous \u00e2ges et de tous niveaux. L\u2019ann\u00e9e derni\u00e8re, c\u2019est un double anniversaire qui a \u00e9t\u00e9 f\u00eat\u00e9\u00a0: les 40 ans de l\u2019\u00e9cole, fond\u00e9e par Jean-Yves Lacote et les 10 ans de la reprise de la structure par Stevie Lacote, son fils&#8230;.<\/p>\n","protected":false},"excerpt":{"rendered":"Install\u00e9e \u00e0 Saint-\u00c9tienne depuis 1984, l\u2019American Dancin&rsquo; School est l\u2019une des plus grandes et des plus anciennes \u00e9coles&hellip;\n","protected":false},"author":2,"featured_media":112457,"comment_status":"","ping_status":"","sticky":false,"template":"","format":"standard","meta":{"footnotes":""},"categories":[9653],"tags":[1111,11,2430,1687,7539,1777,674,1011,27,12,25,4001,7538,3140],"class_list":{"0":"post-112456","1":"post","2":"type-post","3":"status-publish","4":"format-standard","5":"has-post-thumbnail","7":"category-saint-etienne","8":"tag-actu","9":"tag-actualites","10":"tag-auvergne-rhone-alpes","11":"tag-culture-loisirs","12":"tag-edition-loire-sud","13":"tag-eu","14":"tag-europe","15":"tag-fr","16":"tag-france","17":"tag-news","18":"tag-republique-francaise","19":"tag-saint-etienne","20":"tag-saint-etienne-ville","21":"tag-spectacle"},"share_on_mastodon":{"url":"https:\/\/pubeurope.com\/@fr\/114536027472017887","error":""},"_links":{"self":[{"href":"https:\/\/www.europesays.com\/fr\/wp-json\/wp\/v2\/posts\/112456","targetHints":{"allow":["GET"]}}],"collection":[{"href":"https:\/\/www.europesays.com\/fr\/wp-json\/wp\/v2\/posts"}],"about":[{"href":"https:\/\/www.europesays.com\/fr\/wp-json\/wp\/v2\/types\/post"}],"author":[{"embeddable":true,"href":"https:\/\/www.europesays.com\/fr\/wp-json\/wp\/v2\/users\/2"}],"replies":[{"embeddable":true,"href":"https:\/\/www.europesays.com\/fr\/wp-json\/wp\/v2\/comments?post=112456"}],"version-history":[{"count":0,"href":"https:\/\/www.europesays.com\/fr\/wp-json\/wp\/v2\/posts\/112456\/revisions"}],"wp:featuredmedia":[{"embeddable":true,"href":"https:\/\/www.europesays.com\/fr\/wp-json\/wp\/v2\/media\/112457"}],"wp:attachment":[{"href":"https:\/\/www.europesays.com\/fr\/wp-json\/wp\/v2\/media?parent=112456"}],"wp:term":[{"taxonomy":"category","embeddable":true,"href":"https:\/\/www.europesays.com\/fr\/wp-json\/wp\/v2\/categories?post=112456"},{"taxonomy":"post_tag","embeddable":true,"href":"https:\/\/www.europesays.com\/fr\/wp-json\/wp\/v2\/tags?post=112456"}],"curies":[{"name":"wp","href":"https:\/\/api.w.org\/{rel}","templated":true}]}}