{"id":112464,"date":"2025-05-19T19:00:10","date_gmt":"2025-05-19T19:00:10","guid":{"rendered":"https:\/\/www.europesays.com\/fr\/112464\/"},"modified":"2025-05-19T19:00:10","modified_gmt":"2025-05-19T19:00:10","slug":"le-mouvement-de-blocage-des-taxis-va-se-poursuivre-ce-mardi-grosse-pagaille-attendue-dans-la-metropole-toulonnaise","status":"publish","type":"post","link":"https:\/\/www.europesays.com\/fr\/112464\/","title":{"rendered":"Le mouvement de blocage des taxis va se poursuivre ce mardi: grosse pagaille attendue dans la m\u00e9tropole toulonnaise"},"content":{"rendered":"<p>Les cort\u00e8ges ont pr\u00e9vu de se rassembler ce mardi matin d\u00e8s 5h30 au centre commercial d\u2019Ollioules et sur l\u2019aire d&rsquo;autoroute de la Chaberte \u00e0 La Garde.<\/p>\n<p>Les conditions de circulation seront donc une nouvelle fois tr\u00e8s difficile autour et \u00e0 Toulon. La pr\u00e9fecture du Var conseille de diff\u00e9rer ses d\u00e9placements sur ces secteurs, d&rsquo;autant que <a href=\"https:\/\/www.varmatin.com\/meteo\/le-var-place-en-vigilance-jaune-orages-et-pluie-inondation-ce-mardi-986491\" rel=\"nofollow noopener\" target=\"_blank\">la m\u00e9t\u00e9o s&rsquo;annonce \u00e9galement d\u00e9favorable, avec une vigilance jaune \u00e9mise.<\/a><\/p>\n<p>Pas un automobiliste de la m\u00e9tropole toulonnaise n\u2019a pu \u00e9chapper, ce lundi matin, aux <a href=\"https:\/\/www.varmatin.com\/greve-mouvements-sociaux\/soit-on-est-entendu-soit-on-bloque-le-pays-les-taxis-paralysent-toulon-pour-se-faire-entendre-986461\" rel=\"nofollow noopener\" target=\"_blank\">barrages filtrants des entr\u00e9es d\u2019autoroute est et ouest de la pr\u00e9fecture varoise, paralysant le trafic et surchargeant les itin\u00e9raires bis<\/a>. Les automobilistes pi\u00e9g\u00e9s ont mis entre 2h30 et 3 heures pour s\u2019extraire des embouteillages.<\/p>\n<p>L\u2019apr\u00e8s-midi, la police a ferm\u00e9 certains acc\u00e8s \u00e0 l\u2019autoroute pour d\u00e9congestionner les bouchons. M\u00eame topo dans l\u2019Est-Var aux entr\u00e9es et sorties des p\u00e9ages du Muy et de Fr\u00e9jus (Capitou) sur l\u2019A8.<\/p>\n<p>              <img ci-src=\"https:\/\/www.varmatin.com\/greve-mouvements-sociaux\/protec\/DATA_ART_15550853-NO8LNYSh.png?vh=194fbc&amp;ci_seal=5c1f222818\" alt=\"\"\/><br \/>\n        Ce lundi matin, \u00e0 Fr\u00e9jus, des chauffeurs de taxis manifestaient au niveau  de la sortie Capitou de l\u2019autoroute A8. Photo G. P. <\/p>\n<p>Ces op\u00e9rations ont \u00e9t\u00e9 men\u00e9es par pr\u00e8s de 250 taxis varois qui ont suivi l\u2019appel \u00e0 la gr\u00e8ve nationale port\u00e9 par quatre syndicats. Le mouvement a dur\u00e9 toute la journ\u00e9e et sera reconduit ce mardi \u00e0 l\u2019\u00e9chelle nationale, faute de r\u00e9ponses du gouvernement. Les artisans taxis varois ont vot\u00e9 lundi soir pour une reconduction du mouvement. \u00ab\u00a0Soit on est entendu, soit on bloque le pays!\u00a0\u00bb, pr\u00e9venait un gr\u00e9viste toulonnais, lundi matin.<\/p>\n<p>La course r\u00e9duite de 26 \u00e0 13 euros<\/p>\n<p>L\u2019objet de leur courroux? Outre l\u2019habituelle d\u00e9nonciation de la concurrence des VTC, cela concerne l\u2019annonce faite jeudi dernier par l\u2019Assurance maladie d\u2019une nouvelle tarification pour les transports sanitaires. Les taxis seraient alors r\u00e9mun\u00e9r\u00e9s sur la base d\u2019un forfait de prise en charge de 13 euros (avec une majoration pour les d\u00e9parts et arriv\u00e9es dans les grandes agglom\u00e9rations) contre 26 euros actuellement. \u00ab\u00a0Le transport sanitaire repr\u00e9sente pr\u00e8s de 80% des courses d\u2019un taxi qui travaille 12 heures par jour pour gagner \u00e0 peine plus de 2.000 euros par mois\u00a0\u00bb, argumente un gr\u00e9viste toulonnais.<\/p>\n<p>Cette tarification, qui doit encore \u00eatre approuv\u00e9e par le gouvernement et entrerait en vigueur le 1er octobre 2025, repr\u00e9senterait une perte de salaire \u00ab\u00a0de 30 \u00e0 40%\u00a0\u00bb. Pour nombre d\u2019artisans, il s\u2019agit d\u2019une attaque contre une mission qu\u2019ils exercent au quotidien et qu\u2019ils estiment relever du service public.<\/p>\n<p>              <img ci-src=\"https:\/\/www.varmatin.com\/greve-mouvements-sociaux\/protec\/DATA_ART_15550860-eahOZTjZ.jpg?vh=707029&amp;ci_seal=d2193d24d0\" alt=\"\"\/><br \/>\n        L\u2019entr\u00e9e ouest de Toulon et le tunnel ont \u00e9t\u00e9 bloqu\u00e9s d\u00e8s six heures du matin. Les gr\u00e9vistes ont mis en place un barrage filtrant sur une seule voie. Photo Olivier Bouisson <strong>Photo Olivier Bouisson.<\/strong> <\/p>\n","protected":false},"excerpt":{"rendered":"Les cort\u00e8ges ont pr\u00e9vu de se rassembler ce mardi matin d\u00e8s 5h30 au centre commercial d\u2019Ollioules et sur&hellip;\n","protected":false},"author":2,"featured_media":112465,"comment_status":"","ping_status":"","sticky":false,"template":"","format":"standard","meta":{"footnotes":""},"categories":[9619],"tags":[1111,11,1777,674,1011,27,802,12,882,25,801,2310],"class_list":{"0":"post-112464","1":"post","2":"type-post","3":"status-publish","4":"format-standard","5":"has-post-thumbnail","7":"category-toulon","8":"tag-actu","9":"tag-actualites","10":"tag-eu","11":"tag-europe","12":"tag-fr","13":"tag-france","14":"tag-greves-et-mouvements-sociaux","15":"tag-news","16":"tag-provence-alpes-cote-dazur","17":"tag-republique-francaise","18":"tag-social","19":"tag-toulon"},"share_on_mastodon":{"url":"https:\/\/pubeurope.com\/@fr\/114536043202998250","error":""},"_links":{"self":[{"href":"https:\/\/www.europesays.com\/fr\/wp-json\/wp\/v2\/posts\/112464","targetHints":{"allow":["GET"]}}],"collection":[{"href":"https:\/\/www.europesays.com\/fr\/wp-json\/wp\/v2\/posts"}],"about":[{"href":"https:\/\/www.europesays.com\/fr\/wp-json\/wp\/v2\/types\/post"}],"author":[{"embeddable":true,"href":"https:\/\/www.europesays.com\/fr\/wp-json\/wp\/v2\/users\/2"}],"replies":[{"embeddable":true,"href":"https:\/\/www.europesays.com\/fr\/wp-json\/wp\/v2\/comments?post=112464"}],"version-history":[{"count":0,"href":"https:\/\/www.europesays.com\/fr\/wp-json\/wp\/v2\/posts\/112464\/revisions"}],"wp:featuredmedia":[{"embeddable":true,"href":"https:\/\/www.europesays.com\/fr\/wp-json\/wp\/v2\/media\/112465"}],"wp:attachment":[{"href":"https:\/\/www.europesays.com\/fr\/wp-json\/wp\/v2\/media?parent=112464"}],"wp:term":[{"taxonomy":"category","embeddable":true,"href":"https:\/\/www.europesays.com\/fr\/wp-json\/wp\/v2\/categories?post=112464"},{"taxonomy":"post_tag","embeddable":true,"href":"https:\/\/www.europesays.com\/fr\/wp-json\/wp\/v2\/tags?post=112464"}],"curies":[{"name":"wp","href":"https:\/\/api.w.org\/{rel}","templated":true}]}}