{"id":112501,"date":"2025-05-19T19:22:10","date_gmt":"2025-05-19T19:22:10","guid":{"rendered":"https:\/\/www.europesays.com\/fr\/112501\/"},"modified":"2025-05-19T19:22:10","modified_gmt":"2025-05-19T19:22:10","slug":"le-concert-gospel-pour-100-voix-a-lille-le-10-janvier-2026-a-dunkerque-le-15-novembre-2026-et-a-boulogne-sur-mer-le-28-novembre-2026","status":"publish","type":"post","link":"https:\/\/www.europesays.com\/fr\/112501\/","title":{"rendered":"Le concert \u00ab\u00a0Gospel pour 100 voix\u00a0\u00bb \u00e0 Lille le 10 janvier 2026, \u00e0 Dunkerque le 15 novembre 2026 et \u00e0 Boulogne-sur-Mer le 28 novembre 2026"},"content":{"rendered":"<p style=\"text-align: justify;\">Le concert <strong>Gospel pour 100 voix \u2013 The Delivrance Tour<\/strong> se produira dans <strong>plusieurs salles de la r\u00e9gion :<\/strong><\/p>\n<p><strong>\u2013 samedi 10 janvier 2026 \u00e0 20h30<\/strong> au <strong>Z\u00e9nith de Lille <br \/>\u2013 dimanche 15 novembre 2026 \u00e0 <\/strong><strong>18h<\/strong> au <strong>Kursaal de Dunkerque<\/strong><br \/><strong>\u2013 samedi 28 novembre 2026 \u00e0 20h<\/strong> \u00e0 <strong>L\u2019Embarcad\u00e8re de Boulogne-sur-Mer<\/strong><\/p>\n<p style=\"text-align: justify;\">Gospel pour 100 voix <br \/>Des<strong> chanteurs encore plus talentueux,<\/strong> une <strong>\u00e9nergie encore plus d\u00e9bordante,<\/strong> un<strong> show encore plus \u00e9poustouflant <\/strong>ont valu \u00e0 ce spectacle de <strong>remporter<\/strong> une <strong>nomination aux Reality TV Award \u00e0 Londres<\/strong> et une <strong>nomination aux Premier Gospel Award en Angleterre<\/strong> et d\u2019\u00eatre s\u00e9lectionn\u00e9s pour participer aux <strong>premiers Britain Got Talent- The Champions \u00e0 Londres <\/strong>ou au <strong>Schlagerboom en Allemagne\u2026<\/strong><\/p>\n<p style=\"text-align: justify;\">Non contents d\u2019avoir conquis le public europ\u00e9en, <strong>\u00ab The 100 Voices of Gospel- Gospel pour 100 Voix \u00bb <\/strong>a fait chavirer les <strong>12 millions de t\u00e9l\u00e9spectateurs <\/strong>de la<strong> fameuse \u00e9mission anglaise \u00ab Britain Got Talent \u00bb <\/strong>en obtenant pour la <strong>premi\u00e8re fois un triple Golden Buzzer<\/strong> et le <strong>coup de coeur du jury lors de la finale 2016.<\/strong><\/p>\n<p style=\"text-align: justify;\">Les <strong>vid\u00e9os de leurs prestations <\/strong>ont fait le <strong>tour du monde<\/strong> et a ont \u00e9t\u00e9 <strong>vues plus de 70 millions de fois.<\/strong><\/p>\n<p style=\"text-align: justify;\">Leurs <strong>prestations TV<\/strong> ont \u00e9t\u00e9 <strong>suivies par plus de 120 millions de t\u00e9l\u00e9spectateurs<\/strong> et leur <strong>spectacle live par 1 million de spectateurs<\/strong>.<\/p>\n<p style=\"text-align: justify;\"><strong>Des chanteurs encore plus talentueux, une \u00e9nergie encore plus d\u00e9bordante,<\/strong> <strong>un show encore plus \u00e9poustouflant<\/strong> ont valu \u00e0 <strong>ce spectacle<\/strong> de <strong>remporter une nomination aux Reality TV Award \u00e0 Londres<\/strong> et <strong>une nomination aux Premier Gospel Award en Angleterre<\/strong> et d\u2019\u00eatre <strong>s\u00e9lectionn\u00e9s pour participer aux premiers Britain Got Talent- The Champions \u00e0 Londres<\/strong> ou au<strong> Schlagerboom en Allemagne\u2026..<\/strong><\/p>\n<p style=\"text-align: justify;\">Non contents d\u2019avoir conquis le public europ\u00e9en, <strong><strong>\u00ab<\/strong> The 100 Voices of Gospel \u2013 Gospel pour 100 Voix <strong>\u00bb<\/strong><\/strong> a fait chavirer les <strong>12 millions de t\u00e9l\u00e9spectateurs<\/strong> de la<strong> fameuse \u00e9mission anglaise \u00ab Britain Got Talent \u00bb<\/strong> en obtenant pour la<strong> premi\u00e8re fois dans l\u2019histoire de l\u2019\u00e9mission un double Golden Buzzer.<\/strong><\/p>\n<p style=\"text-align: justify;\"><strong>Aur\u00e9ol\u00e9s d\u2019un \u00e9norme succ\u00e8s populaire, <\/strong>les <strong>cent chanteurs, danseurs <\/strong>et <strong>musiciens du spectacle \u00ab The 100 Voices of Gospel \u2013 Gospel pour 100 Voix <strong><strong>\u00bb<\/strong><\/strong><\/strong> sillonneront la <strong>France,<\/strong> le <strong>Royaume-Uni,<\/strong> la <strong>Suisse,<\/strong> la <strong>Belgique,<\/strong> l\u2019<strong>Allemagne,<\/strong> l\u2019<strong>Italie, <\/strong>les <strong>Pays Bas,<\/strong> l\u2019<strong>Autriche,<\/strong> la <strong>Tunisie,<\/strong> les <strong>West Indies\u2026<\/strong>. <strong>en 2026,<\/strong> pour une <strong>nouvelle s\u00e9rie de concerts monumentaux<\/strong> avec<strong> un spectacle totalement nouveau !<\/strong><\/p>\n<p><strong>\u00a0<\/strong><\/p>\n<p><img loading=\"lazy\" decoding=\"async\" width=\"9\" height=\"9\" src=\"https:\/\/www.europesays.com\/fr\/wp-content\/uploads\/2025\/04\/1744722321_833_arrow.png\" alt=\"Puce\"\/> <strong>Les tarifs <\/strong>se situent entre<strong> 20\u20ac <\/strong>et <strong>90\u20ac.<\/strong><\/p>\n<p><img loading=\"lazy\" decoding=\"async\" src=\"https:\/\/www.europesays.com\/fr\/wp-content\/uploads\/2025\/04\/1744722321_833_arrow.png\" alt=\"Puce\" width=\"9\" height=\"9\"\/> <a href=\"http:\/\/www.nuitsdartistes.com\/\" target=\"_blank\" rel=\"noreferrer noopener\">Site internet de Nuits d\u2019Artistes<\/a><\/p>\n<p class=\"has-text-align-right\">Source : Nuits d\u2019Artistes \/ Images : DR \u2013 \u00a9 Ewilona Prod<\/p>\n","protected":false},"excerpt":{"rendered":"Le concert Gospel pour 100 voix \u2013 The Delivrance Tour se produira dans plusieurs salles de la r\u00e9gion&hellip;\n","protected":false},"author":2,"featured_media":112502,"comment_status":"","ping_status":"","sticky":false,"template":"","format":"standard","meta":{"footnotes":""},"categories":[2815],"tags":[5734,1111,11,8569,920,23199,1777,674,1011,27,19274,23200,811,23201,1307,12,25,3140,23202,12177],"class_list":{"0":"post-112501","1":"post","2":"type-post","3":"status-publish","4":"format-standard","5":"has-post-thumbnail","7":"category-lille","8":"tag-5734","9":"tag-actu","10":"tag-actualites","11":"tag-boulogne-sur-mer","12":"tag-dunkerque","13":"tag-embarcadere","14":"tag-eu","15":"tag-europe","16":"tag-fr","17":"tag-france","18":"tag-gospel","19":"tag-gospel-pour-100-voix","20":"tag-hauts-de-france","21":"tag-kursaal","22":"tag-lille","23":"tag-news","24":"tag-republique-francaise","25":"tag-spectacle","26":"tag-the-delivrance-tour","27":"tag-zenith"},"share_on_mastodon":{"url":"https:\/\/pubeurope.com\/@fr\/114536129739975804","error":""},"_links":{"self":[{"href":"https:\/\/www.europesays.com\/fr\/wp-json\/wp\/v2\/posts\/112501","targetHints":{"allow":["GET"]}}],"collection":[{"href":"https:\/\/www.europesays.com\/fr\/wp-json\/wp\/v2\/posts"}],"about":[{"href":"https:\/\/www.europesays.com\/fr\/wp-json\/wp\/v2\/types\/post"}],"author":[{"embeddable":true,"href":"https:\/\/www.europesays.com\/fr\/wp-json\/wp\/v2\/users\/2"}],"replies":[{"embeddable":true,"href":"https:\/\/www.europesays.com\/fr\/wp-json\/wp\/v2\/comments?post=112501"}],"version-history":[{"count":0,"href":"https:\/\/www.europesays.com\/fr\/wp-json\/wp\/v2\/posts\/112501\/revisions"}],"wp:featuredmedia":[{"embeddable":true,"href":"https:\/\/www.europesays.com\/fr\/wp-json\/wp\/v2\/media\/112502"}],"wp:attachment":[{"href":"https:\/\/www.europesays.com\/fr\/wp-json\/wp\/v2\/media?parent=112501"}],"wp:term":[{"taxonomy":"category","embeddable":true,"href":"https:\/\/www.europesays.com\/fr\/wp-json\/wp\/v2\/categories?post=112501"},{"taxonomy":"post_tag","embeddable":true,"href":"https:\/\/www.europesays.com\/fr\/wp-json\/wp\/v2\/tags?post=112501"}],"curies":[{"name":"wp","href":"https:\/\/api.w.org\/{rel}","templated":true}]}}