{"id":112505,"date":"2025-05-19T19:24:08","date_gmt":"2025-05-19T19:24:08","guid":{"rendered":"https:\/\/www.europesays.com\/fr\/112505\/"},"modified":"2025-05-19T19:24:08","modified_gmt":"2025-05-19T19:24:08","slug":"meteo-orages-et-fortes-pluies-a-marseille-lalerte-declenchee-les-secteurs-concernes","status":"publish","type":"post","link":"https:\/\/www.europesays.com\/fr\/112505\/","title":{"rendered":"M\u00e9t\u00e9o. Orages et fortes pluies \u00e0 Marseille, l&rsquo;alerte d\u00e9clench\u00e9e : les secteurs concern\u00e9s"},"content":{"rendered":"<p>            Par<br \/>\n        <strong><br \/>\n            <a href=\"https:\/\/actu.fr\/auteur\/fabien-binacchi\" title=\"Consulter tous les articles de Fabien Binacchi\" target=\"_blank\" rel=\"noopener\">Fabien Binacchi<\/a><br \/>\n        <\/strong><\/p>\n<p>        Publi\u00e9 le<\/p>\n<p>            19 mai 2025 \u00e0 20h51        <\/p>\n<p>Prudence\u2009: les orages sont de retour \u00e0 <a href=\"https:\/\/actu.fr\/marseille\/\" target=\"_blank\" rel=\"noopener\">Marseille<\/a> et dans les <a href=\"https:\/\/actu.fr\/provence-alpes-cote-d-azur\/bouches-du-rhone_13\" target=\"_blank\" rel=\"noopener\">Bouches-du-Rh\u00f4ne<\/a> dans la nuit, ce mardi 20\u00a0mai, avec <strong>un risque suppl\u00e9mentaire de \u00ab\u2009pluie-inondation\u2009\u00bb,<\/strong> selon M\u00e9t\u00e9o-France.<\/p>\n<p class=\" wall-content\">Une vigilance jaune est activ\u00e9e \u00e0 partir de 3h du matin et la pr\u00e9fecture pr\u00e9vient m\u00eame que <strong>l\u2019alerte pourrait \u00eatre pouss\u00e9e au niveau sup\u00e9rieur.<\/strong><\/p>\n<p>Jusqu\u2019\u00e0 30mm et de la gr\u00eale\u2009?<\/p>\n<p class=\" wall-content\">Le tonnerre va encore gronder. En milieu de nuit, entre ce lundi et mardi, des orages, potentiellement violents, vont frapper l\u2019ensemble des Bouches-du-Rh\u00f4ne, et notamment Marseille. <strong>Ils persisteront dans l\u2019est du d\u00e9partement une bonne partie de la matin\u00e9e.<\/strong><\/p>\n<p class=\" wall-content\">La pr\u00e9fecture pr\u00e9cise\u2009: \u00ab\u2009Leur intensit\u00e9 est encore incertaine, mais ils pourraient s\u2019accompagner de gr\u00eale, fortes rafales et donner des cumuls de l\u2019ordre de 30\u00a0mm en peu de temps\u2009\u00bb. Une vigilance jaune aux <strong>orages est activ\u00e9e de 3h \u00e0 12h<\/strong>, et pour le risque <strong>\u00abpluie-inondation\u00bb entre 5h et 10h.<\/strong><\/p>\n<p class=\" wall-content\">\n<p>Au moment du pic de circulation<\/p>\n<p class=\" wall-content\">Les services de l\u2019\u00c9tat pr\u00e9viennent \u00e9galement que l\u2019alerte pourrait encore monter d\u2019un cran suivant l\u2019\u00e9volution de la situation en d\u00e9but de journ\u00e9e, <strong>quand les routes sont les plus fr\u00e9quent\u00e9es.<\/strong><\/p>\n<p>Vid\u00e9os : en ce moment sur Actu<\/p>\n<p class=\" wall-content\">Apr\u00e8s \u00ab\u2009une premi\u00e8re salve orageuse\u2009\u00bb qui \u00ab\u2009sera \u00e0 l\u2019origine de fortes pluies\u2009\u00bb, \u00ab\u2009les pr\u00e9cipitations matinales au moment du pic de circulation pourraient aggraver le niveau de vigilance\u2009\u00bb, indique encore la pr\u00e9fecture. <strong>M\u00e9t\u00e9o-France pourrait revoir ses recommandations dans les prochaines heures.<\/strong> \u00c0 suivre.<\/p>\n<p class=\" wall-content\">Suivez toute l\u2019actualit\u00e9 de vos villes et m\u00e9dias favoris en vous inscrivant \u00e0 <a href=\"https:\/\/moncompte.actu.fr\" title=\"D\u00e9couvez Mon Actu\" rel=\"nofollow noopener\" data-trk=\"{&quot;cta&quot;:{&quot;action&quot;:&quot;https:\\\/\\\/moncompte.actu.fr&quot;,&quot;category&quot;:&quot;mon compte&quot;,&quot;from&quot;:&quot;article footer&quot;,&quot;name&quot;:&quot;Mon actu&quot;,&quot;type&quot;:&quot;cta&quot;}}\" target=\"_blank\">Mon Actu<\/a>.<\/p>\n","protected":false},"excerpt":{"rendered":"Par Fabien Binacchi Publi\u00e9 le 19 mai 2025 \u00e0 20h51 Prudence\u2009: les orages sont de retour \u00e0 Marseille&hellip;\n","protected":false},"author":2,"featured_media":112506,"comment_status":"","ping_status":"","sticky":false,"template":"","format":"standard","meta":{"footnotes":""},"categories":[2814],"tags":[1111,11,1777,674,1011,27,884,2487,2357,12,4594,4459,882,25],"class_list":{"0":"post-112505","1":"post","2":"type-post","3":"status-publish","4":"format-standard","5":"has-post-thumbnail","7":"category-marseille","8":"tag-actu","9":"tag-actualites","10":"tag-eu","11":"tag-europe","12":"tag-fr","13":"tag-france","14":"tag-marseille","15":"tag-meteo","16":"tag-meteo-france","17":"tag-news","18":"tag-orages","19":"tag-pluie","20":"tag-provence-alpes-cote-dazur","21":"tag-republique-francaise"},"share_on_mastodon":{"url":"https:\/\/pubeurope.com\/@fr\/114536137553124353","error":""},"_links":{"self":[{"href":"https:\/\/www.europesays.com\/fr\/wp-json\/wp\/v2\/posts\/112505","targetHints":{"allow":["GET"]}}],"collection":[{"href":"https:\/\/www.europesays.com\/fr\/wp-json\/wp\/v2\/posts"}],"about":[{"href":"https:\/\/www.europesays.com\/fr\/wp-json\/wp\/v2\/types\/post"}],"author":[{"embeddable":true,"href":"https:\/\/www.europesays.com\/fr\/wp-json\/wp\/v2\/users\/2"}],"replies":[{"embeddable":true,"href":"https:\/\/www.europesays.com\/fr\/wp-json\/wp\/v2\/comments?post=112505"}],"version-history":[{"count":0,"href":"https:\/\/www.europesays.com\/fr\/wp-json\/wp\/v2\/posts\/112505\/revisions"}],"wp:featuredmedia":[{"embeddable":true,"href":"https:\/\/www.europesays.com\/fr\/wp-json\/wp\/v2\/media\/112506"}],"wp:attachment":[{"href":"https:\/\/www.europesays.com\/fr\/wp-json\/wp\/v2\/media?parent=112505"}],"wp:term":[{"taxonomy":"category","embeddable":true,"href":"https:\/\/www.europesays.com\/fr\/wp-json\/wp\/v2\/categories?post=112505"},{"taxonomy":"post_tag","embeddable":true,"href":"https:\/\/www.europesays.com\/fr\/wp-json\/wp\/v2\/tags?post=112505"}],"curies":[{"name":"wp","href":"https:\/\/api.w.org\/{rel}","templated":true}]}}