{"id":112510,"date":"2025-05-19T19:27:13","date_gmt":"2025-05-19T19:27:13","guid":{"rendered":"https:\/\/www.europesays.com\/fr\/112510\/"},"modified":"2025-05-19T19:27:13","modified_gmt":"2025-05-19T19:27:13","slug":"zfe-laurent-marcangeli-plaide-pour-paris-lyon-et-on-arrete-lcp","status":"publish","type":"post","link":"https:\/\/www.europesays.com\/fr\/112510\/","title":{"rendered":"ZFE : Laurent Marcangeli plaide pour &lsquo;Paris, Lyon et on arr\u00eate !&rsquo; | LCP"},"content":{"rendered":"<p>Invit\u00e9 de \u00ab\u00a0Lundi c&rsquo;est politique\u00a0\u00bb sur LCP, ce 19 mai au soir, le ministre de la Fonction publique et de la Simplification a d\u00e9fendu une \u00ab\u00a0implantation raisonnable\u00a0\u00bb des zones \u00e0 faibles \u00e9missions (ZFE), limit\u00e9e \u00e0 Paris et \u00e0 Lyon. \u00ab\u00a0Et on arr\u00eate\u00a0\u00bb, a propos\u00e9 Laurent Marcangeli, pointant les difficult\u00e9s d&rsquo;application de ces zones sur le territoire.<\/p>\n<p>\u00ab\u00a0<strong>Paris, Lyon, et on arr\u00eate.<\/strong>\u00a0\u00bb Invit\u00e9 de l&rsquo;\u00e9mission \u00ab\u00a0<strong>Lundi c&rsquo;est politique<\/strong>\u00ab\u00a0, sur <strong>LCP<\/strong>, le ministre de l&rsquo;Action publique, de la Fonction publique et de la Simplification, Laurent Marcangeli, a d\u00e9fendu ce 19 mai un recentrage du dispositif des \u00ab\u00a0<strong>zones \u00e0 faible \u00e9mission<\/strong>\u00a0\u00bb (<strong>ZFE<\/strong>), en limitant leur implantation \u00e0 la capitale et \u00e0 la pr\u00e9fecture du Rh\u00f4ne. Les ZFE, qui interdisent l&rsquo;acc\u00e8s \u00e0 plusieurs grandes villes aux v\u00e9hicules les plus polluants, ont \u00e9t\u00e9 cr\u00e9\u00e9es \u00e0 compter de 2019 pour am\u00e9liorer la qualit\u00e9 de l&rsquo;air.<\/p>\n<p>Elles posent toutefois \u00ab\u00a0d&rsquo;immenses probl\u00e8mes\u00a0\u00bb de mise en application sur le territoire, a point\u00e9 Laurent Marcangeli, qui a rappel\u00e9 le principal danger du dispositif : p\u00e9naliser les m\u00e9nages qui n&rsquo;ont pas les moyens de changer de v\u00e9hicule. D\u00e8s lors, cette mesure pourrait \u00eatre v\u00e9cue par certains citoyens comme une \u00ab\u00a0mesure de s\u00e9gr\u00e9gation\u00a0\u00bb, \u00ab\u00a0d\u2019apartheid social\u00a0\u00bb, a mis en garde le ministre.<\/p>\n<p>Cette position de \u00ab\u00a0nuance\u00a0\u00bb du gouvernement intervient alors que les ZFE sont menac\u00e9es dans leur int\u00e9gralit\u00e9 : en mars, les d\u00e9put\u00e9s de la commission sp\u00e9ciale charg\u00e9e d&rsquo;examiner le <strong>projet de loi de simplification de la vie \u00e9conomique<\/strong> <a data-entity-substitution=\"canonical\" data-entity-type=\"node\" data-entity-uuid=\"1b810815-30a8-4175-ac8a-3ed493f865c0\" href=\"https:\/\/lcp.fr\/actualites\/zfe-la-suppression-des-zones-a-faibles-emissions-votee-en-commission-a-l-assemblee\" target=\"_blank\" title=\"ZFE : la suppression des &quot;Zones \u00e0 faibles \u00e9missions&quot; vot\u00e9e en commission \u00e0 l&#039;Assembl\u00e9e\" rel=\"noopener\">avaient vot\u00e9 en majorit\u00e9 pour leur suppression<\/a>, contre l&rsquo;avis du gouvernement. L&rsquo;examen du texte dans l&rsquo;h\u00e9micycle, qui a \u00e9t\u00e9 saucissonn\u00e9 du fait de sa longueur, doit reprendre \u00e0 compter du vendredi 30 mai. \u00ab\u00a0La cr\u00e9ativit\u00e9 parlementaire, notamment en mati\u00e8re de d\u00e9p\u00f4t d&rsquo;amendements, a frapp\u00e9 tr\u00e8s fort \u00e0 l&rsquo;occasion de ce texte\u00a0\u00bb, a comment\u00e9 Laurent Marcangeli, appelant les \u00e9lus \u00e0 rationaliser leurs d\u00e9bats, sans \u00eatre dans \u00ab\u00a0une forme de pourrissement\u00a0\u00bb. \u00ab\u00a0S&rsquo;ils veulent simplifier la vie des Fran\u00e7ais, il va falloir aller plus vite.\u00a0\u00bb<\/p>\n<p>Vers un projet de loi renfor\u00e7ant la protection fonctionnelle des agents de l&rsquo;Etat<\/p>\n<p>Alors que les menaces se multiplient \u00e0 l&rsquo;encontre des fonctionnaires, le ministre de la Fonction publique a annonc\u00e9 qu&rsquo;il \u00e9tait pr\u00eat \u00e0 reprendre une <a href=\"https:\/\/www.assemblee-nationale.fr\/dyn\/17\/textes\/l17b0688_proposition-loi\" target=\"_blank\" rel=\"noopener\">proposition de loi<\/a> sur la <strong>protection fonctionnelle<\/strong> port\u00e9e par <strong>Violette Spillebout (Ensemble pour la R\u00e9publique),<\/strong> en la transformant en projet de loi afin que le texte soit inscrit \u00e0 l&rsquo;ordre du jour de l&rsquo;Assembl\u00e9e nationale \u00ab\u00a0dans les plus brefs d\u00e9lais\u00a0\u00bb.<\/p>\n<p>Laurent Marcangeli souhaite que \u00ab\u00a0l&#8217;employeur\u00a0porte plainte au nom de l&rsquo;agent\u00a0\u00bb. \u00ab\u00a0L&rsquo;agent peut porter plainte \u00e9galement, mais il ne faut pas qu&rsquo;il soit seul. Cela n&rsquo;existe pas aujourd&rsquo;hui\u00a0\u00bb, a t-il d\u00e9taill\u00e9, se disant par ailleurs favorable \u00e0 ouvrir cette possibilit\u00e9 aux ayants-droit : famille, enfant, concubin&#8230; Afin que la \u00ab\u00a0qualit\u00e9 de victime leur soit reconnue \u00e9galement\u00a0\u00bb.<\/p>\n<blockquote class=\"encadre\"><p>\nLaurent Marcangeli pas pour une primaire en vue de 2027<\/p>\n<p>Le ministre de l&rsquo;Action publique a \u00e9t\u00e9 interrog\u00e9 sur l&rsquo;\u00e9lection pr\u00e9sidentielle de 2027, alors qu&rsquo;un autre membre du gouvernement, <strong>Bruno Retailleau<\/strong>, vient d&rsquo;\u00eatre \u00e9lu \u00e0 la t\u00eate du parti de droite, Les R\u00e9publicains. Laurent Marcangeli a fait part de son hostilit\u00e9 quant \u00e0 l&rsquo;organisation d&rsquo;une <strong>primaire<\/strong>, qui serait destin\u00e9e \u00e0 choisir le candidat unique d&rsquo;un bloc central allant des D\u00e9mocrates aux R\u00e9publicains. \u00ab\u00a0Personne n&rsquo;en veut\u00a0\u00bb, a-t-il affirm\u00e9, jugeant que la photographie serait \u00ab\u00a0suffisamment claire\u00a0\u00bb \u00e0 l&rsquo;approche de l&rsquo;\u00e9ch\u00e9ance \u00ab\u00a0pour savoir qui est le mieux plac\u00e9\u00a0\u00bb.<\/p>\n<p>A ce petit jeu, et bien qu&rsquo;il reste encore beaucoup d&rsquo;\u00e9tapes avant que les choses ne se d\u00e9cantent, pour Laurent Marcangeli, c&rsquo;est <strong>Edouard Philippe<\/strong> qui se d\u00e9marque. \u00ab\u00a0<strong>Il y a du Chirac en Edouard Philippe<\/strong>. C&rsquo;est quelqu&rsquo;un qui va combattre jusqu&rsquo;au bout. Il est en train de prendre une \u00e9paisseur, qu&rsquo;il n&rsquo;avait pas encore en 2022&Prime;, a plaid\u00e9 celui qui pr\u00e9sidait le groupe philippiste \u00e0 l&rsquo;Assembl\u00e9e jusqu&rsquo;\u00e0 sa nomination dans le gouvernement Bayrou. \u00ab\u00a0J&rsquo;ai vu quelqu&rsquo;un qui se pr\u00e9pare durement pour \u00eatre pr\u00e9sident de la R\u00e9publique.\u00a0\u00bb<\/p>\n<\/blockquote>\n","protected":false},"excerpt":{"rendered":"Invit\u00e9 de \u00ab\u00a0Lundi c&rsquo;est politique\u00a0\u00bb sur LCP, ce 19 mai au soir, le ministre de la Fonction publique&hellip;\n","protected":false},"author":2,"featured_media":112511,"comment_status":"","ping_status":"","sticky":false,"template":"","format":"standard","meta":{"footnotes":""},"categories":[1889],"tags":[1111,11,416,2430,423,1777,674,1011,27,1922,23203,2428,12,25],"class_list":{"0":"post-112510","1":"post","2":"type-post","3":"status-publish","4":"format-standard","5":"has-post-thumbnail","7":"category-lyon","8":"tag-actu","9":"tag-actualites","10":"tag-assemblee-nationale","11":"tag-auvergne-rhone-alpes","12":"tag-deputes","13":"tag-eu","14":"tag-europe","15":"tag-fr","16":"tag-france","17":"tag-info","18":"tag-lcp","19":"tag-lyon","20":"tag-news","21":"tag-republique-francaise"},"share_on_mastodon":{"url":"https:\/\/pubeurope.com\/@fr\/114536149393520742","error":""},"_links":{"self":[{"href":"https:\/\/www.europesays.com\/fr\/wp-json\/wp\/v2\/posts\/112510","targetHints":{"allow":["GET"]}}],"collection":[{"href":"https:\/\/www.europesays.com\/fr\/wp-json\/wp\/v2\/posts"}],"about":[{"href":"https:\/\/www.europesays.com\/fr\/wp-json\/wp\/v2\/types\/post"}],"author":[{"embeddable":true,"href":"https:\/\/www.europesays.com\/fr\/wp-json\/wp\/v2\/users\/2"}],"replies":[{"embeddable":true,"href":"https:\/\/www.europesays.com\/fr\/wp-json\/wp\/v2\/comments?post=112510"}],"version-history":[{"count":0,"href":"https:\/\/www.europesays.com\/fr\/wp-json\/wp\/v2\/posts\/112510\/revisions"}],"wp:featuredmedia":[{"embeddable":true,"href":"https:\/\/www.europesays.com\/fr\/wp-json\/wp\/v2\/media\/112511"}],"wp:attachment":[{"href":"https:\/\/www.europesays.com\/fr\/wp-json\/wp\/v2\/media?parent=112510"}],"wp:term":[{"taxonomy":"category","embeddable":true,"href":"https:\/\/www.europesays.com\/fr\/wp-json\/wp\/v2\/categories?post=112510"},{"taxonomy":"post_tag","embeddable":true,"href":"https:\/\/www.europesays.com\/fr\/wp-json\/wp\/v2\/tags?post=112510"}],"curies":[{"name":"wp","href":"https:\/\/api.w.org\/{rel}","templated":true}]}}