{"id":112526,"date":"2025-05-19T19:35:09","date_gmt":"2025-05-19T19:35:09","guid":{"rendered":"https:\/\/www.europesays.com\/fr\/112526\/"},"modified":"2025-05-19T19:35:09","modified_gmt":"2025-05-19T19:35:09","slug":"de-nouvelles-sanctions-une-proposition-du-pape-la-reponse-de-zelensky-quelles-reactions-apres-le-coup-de-fil-trump-poutine-liberation","status":"publish","type":"post","link":"https:\/\/www.europesays.com\/fr\/112526\/","title":{"rendered":"de nouvelles sanctions, une proposition du pape, la r\u00e9ponse de Zelensky\u2026 quelles r\u00e9actions apr\u00e8s le coup de fil Trump-Poutine\u00a0? \u2013 Lib\u00e9ration"},"content":{"rendered":"<p class=\"sc-ksZaOG ehjQrN text-element\">Apr\u00e8s la discussion, les r\u00e9actions. Alors que les Etats-Unis ont accept\u00e9 de \u00abcoordonner \u00e9troitement\u00bb les n\u00e9gociations sur l\u2019Ukraine avec leurs partenaires europ\u00e9ens, les alli\u00e9s de Kyiv montent au cr\u00e9neau. A la suite de l\u2019appel entre<a href=\"https:\/\/www.liberation.fr\/international\/amerique\/guerre-en-ukraine-a-quoi-joue-donald-trump-20250513_SL5PRVA3WRCSHIWAKJMJ2CGOZI\/\" target=\"_blank\" rel=\"nofollow noopener\" title=\"https:\/\/www.liberation.fr\/international\/amerique\/guerre-en-ukraine-a-quoi-joue-donald-trump-20250513_SL5PRVA3WRCSHIWAKJMJ2CGOZI\/\"> Donald Trump et Vladimir Poutine<\/a> qui s\u2018est d\u00e9roul\u00e9 ce lundi 19 mai apr\u00e8s-midi, un porte-parole du <a href=\"https:\/\/www.liberation.fr\/tags\/friedrich-merz\/\" target=\"_blank\" rel=\"nofollow noopener\" title=\"https:\/\/www.liberation.fr\/tags\/friedrich-merz\/\">chancelier allemand Friedrich Merz <\/a>a pr\u00e9cis\u00e9 que les pays europ\u00e9ens \u00aballaient accro\u00eetre leur pression sur la Russie via de nouvelles sanctions\u00bb.<\/p>\n<p class=\"sc-ksZaOG ehjQrN text-element\">Apr\u00e8s son entretien avec Poutine, le t\u00e9l\u00e9phone du pr\u00e9sident am\u00e9ricain a chauff\u00e9. Le milliardaire s\u2018est entetenu avec le pr\u00e9sident ukrainien <a href=\"https:\/\/www.liberation.fr\/international\/europe\/volodymyr-zelensky-si-poutine-ne-vient-pas-en-turquie-cela-ressemblera-a-une-defaite-totale-pour-lui-20250513_SGYM5GRPEVCQ7FWTTYIK4E6HLI\/\" target=\"_blank\" rel=\"nofollow noopener\" title=\"https:\/\/www.liberation.fr\/international\/europe\/volodymyr-zelensky-si-poutine-ne-vient-pas-en-turquie-cela-ressemblera-a-une-defaite-totale-pour-lui-20250513_SGYM5GRPEVCQ7FWTTYIK4E6HLI\/\">Volodymyr Zelensky<\/a>, le pr\u00e9sident fran\u00e7ais Emmanuel Macron, le pr\u00e9sident finlandais<a href=\"https:\/\/www.liberation.fr\/international\/europe\/sabotage-de-cables-en-mer-baltique-une-situation-sous-controle-selon-la-finlande-mais-une-presence-militaire-renforcee-de-lotan-et-de-lestonie-20241227_AQUDDNR3ORHNPPZOXDWMOW7D34\/\" target=\"_blank\" rel=\"nofollow noopener\" title=\"https:\/\/www.liberation.fr\/international\/europe\/sabotage-de-cables-en-mer-baltique-une-situation-sous-controle-selon-la-finlande-mais-une-presence-militaire-renforcee-de-lotan-et-de-lestonie-20241227_AQUDDNR3ORHNPPZOXDWMOW7D34\/\"> Alexander Stubb<\/a>, le chancelier allemand Friedrich Merz, la Premi\u00e8re ministre italienne <a href=\"https:\/\/www.liberation.fr\/tags\/giorgia-meloni\/\" target=\"_blank\" rel=\"nofollow noopener\" title=\"https:\/\/www.liberation.fr\/tags\/giorgia-meloni\/\">Giorgia Meloni<\/a> et la pr\u00e9sidente de l\u2019UE <a href=\"https:\/\/www.liberation.fr\/tags\/ursula-von-der-leyen\/\" target=\"_blank\" rel=\"nofollow noopener\" title=\"https:\/\/www.liberation.fr\/tags\/ursula-von-der-leyen\/\">Ursula von der Leyen.<\/a><\/p>\n<p class=\"sc-ksZaOG ehjQrN text-element\">Le compte rendu de l\u2019appel, fourni par le porte-parole du chancelier Merz, indique que les dirigeants \u00abont discut\u00e9 des prochaines \u00e9tapes\u00bb et \u00abont soulign\u00e9 leur volont\u00e9 d\u2019accompagner \u00e9troitement l\u2019Ukraine sur la voie d\u2019un cessez-le-feu\u00bb.<\/p>\n<p class=\"sc-ksZaOG ehjQrN text-element\">Selon le pr\u00e9sident am\u00e9ricain, le fra\u00eechement nomm\u00e9 pape Leon XIV est pr\u00eat \u00e0 accueillir d\u2019\u00e9ventuelles n\u00e9gociations. \u00abLe <a href=\"https:\/\/www.liberation.fr\/tags\/vatican\/\" target=\"_blank\" rel=\"nofollow noopener\" title=\"https:\/\/www.liberation.fr\/tags\/vatican\/\">Vatican<\/a>, repr\u00e9sent\u00e9 par le pape, a d\u00e9clar\u00e9 qu\u2019il serait tr\u00e8s int\u00e9ress\u00e9 par l\u2019organisation des n\u00e9gociations. Que le processus commence !\u00bb, a soulign\u00e9 Donald Trump. Une perspective salu\u00e9e par les leaders europ\u00e9ens. \u00abLa disponibilit\u00e9 du Saint-P\u00e8re pour accueillir des pourparlers au Vatican a \u00e9t\u00e9 jug\u00e9e positivement\u00bb, a ainsi \u00e9crit Giorgia Meloni dans un communiqu\u00e9.<\/p>\n<p class=\"sc-ksZaOG ehjQrN text-element\">D\u2019apr\u00e8s Kyiv, les n\u00e9gociateurs ukrainien et russe se sont appel\u00e9s ce lundi pour parler du projet d\u2019\u00e9change de prisonniers. Le ministre ukrainien de la D\u00e9fense Roustem \u00abOumerov s\u2018est entretenu avec la partie russe, avec le chef de leur d\u00e9l\u00e9gation\u00bb Vladimir Medinski, a fait savoir le pr\u00e9sident ukrainien Zelensky lors d\u2019une conf\u00e9rence de presse, disant esp\u00e9rer \u00abun r\u00e9sultat dans les jours ou les semaines \u00e0 venir\u00bb. Vendredi, la Russie et l\u2019Ukraine avaient annonc\u00e9 s\u2018\u00eatre mis <a href=\"https:\/\/www.liberation.fr\/international\/guerre-en-ukraine-un-echange-de-prisonniers-a-defaut-de-cessez-le-feu-20250516_3KJX47F5HJBTZJ52GW3GZQYKXM\/\" target=\"_blank\" rel=\"nofollow noopener\" title=\"https:\/\/www.liberation.fr\/international\/guerre-en-ukraine-un-echange-de-prisonniers-a-defaut-de-cessez-le-feu-20250516_3KJX47F5HJBTZJ52GW3GZQYKXM\/\">d\u2019accord sur un \u00e9change de prisonniers \u00ab1 000 contre 1 000\u00bb.<\/a><\/p>\n<p class=\"sc-ksZaOG ehjQrN text-element\">Le pr\u00e9sident ukrainien Volodymyr Zelensky a annonc\u00e9 de son c\u00f4t\u00e9 n\u2019avoir pas re\u00e7u les d\u00e9tails du \u00abm\u00e9morandum\u00bb \u00e9voqu\u00e9 par Poutine lors de sa conversation avec Trump. \u00abPour l\u2019instant, je n\u2019en sais rien\u00bb, a-t-il reconnu lors d\u2019une conf\u00e9rence de presse \u00e0 Kiev. \u00abUne fois que nous aurons re\u00e7u le m\u00e9morandum ou les propositions des Russes, nous serons en mesure de formuler notre vision en cons\u00e9quence, telle que nous la concevons\u00bb, a-t-il ajout\u00e9, apr\u00e8s avoir fait part d\u2019un appel t\u00e9l\u00e9phonique avec le pr\u00e9sident am\u00e9ricain.<\/p>\n","protected":false},"excerpt":{"rendered":"Apr\u00e8s la discussion, les r\u00e9actions. Alors que les Etats-Unis ont accept\u00e9 de \u00abcoordonner \u00e9troitement\u00bb les n\u00e9gociations sur l\u2019Ukraine&hellip;\n","protected":false},"author":2,"featured_media":112527,"comment_status":"","ping_status":"","sticky":false,"template":"","format":"standard","meta":{"footnotes":""},"categories":[1590],"tags":[11,75,73,1777,674,12,132,220,297],"class_list":{"0":"post-112526","1":"post","2":"type-post","3":"status-publish","4":"format-standard","5":"has-post-thumbnail","7":"category-ukraine","8":"tag-actualites","9":"tag-donald-trump","10":"tag-etats-unis","11":"tag-eu","12":"tag-europe","13":"tag-news","14":"tag-russie","15":"tag-ukraine","16":"tag-ukraine-la-crise"},"share_on_mastodon":{"url":"https:\/\/pubeurope.com\/@fr\/114536181066570510","error":""},"_links":{"self":[{"href":"https:\/\/www.europesays.com\/fr\/wp-json\/wp\/v2\/posts\/112526","targetHints":{"allow":["GET"]}}],"collection":[{"href":"https:\/\/www.europesays.com\/fr\/wp-json\/wp\/v2\/posts"}],"about":[{"href":"https:\/\/www.europesays.com\/fr\/wp-json\/wp\/v2\/types\/post"}],"author":[{"embeddable":true,"href":"https:\/\/www.europesays.com\/fr\/wp-json\/wp\/v2\/users\/2"}],"replies":[{"embeddable":true,"href":"https:\/\/www.europesays.com\/fr\/wp-json\/wp\/v2\/comments?post=112526"}],"version-history":[{"count":0,"href":"https:\/\/www.europesays.com\/fr\/wp-json\/wp\/v2\/posts\/112526\/revisions"}],"wp:featuredmedia":[{"embeddable":true,"href":"https:\/\/www.europesays.com\/fr\/wp-json\/wp\/v2\/media\/112527"}],"wp:attachment":[{"href":"https:\/\/www.europesays.com\/fr\/wp-json\/wp\/v2\/media?parent=112526"}],"wp:term":[{"taxonomy":"category","embeddable":true,"href":"https:\/\/www.europesays.com\/fr\/wp-json\/wp\/v2\/categories?post=112526"},{"taxonomy":"post_tag","embeddable":true,"href":"https:\/\/www.europesays.com\/fr\/wp-json\/wp\/v2\/tags?post=112526"}],"curies":[{"name":"wp","href":"https:\/\/api.w.org\/{rel}","templated":true}]}}