{"id":112530,"date":"2025-05-19T19:37:09","date_gmt":"2025-05-19T19:37:09","guid":{"rendered":"https:\/\/www.europesays.com\/fr\/112530\/"},"modified":"2025-05-19T19:37:09","modified_gmt":"2025-05-19T19:37:09","slug":"industrie-de-defense-peche-commerce-le-royaume-uni-et-lue-ouvrent-lere-des-rapprochements","status":"publish","type":"post","link":"https:\/\/www.europesays.com\/fr\/112530\/","title":{"rendered":"Industrie de d\u00e9fense, p\u00eache, commerce\u2026 Le Royaume-Uni et l\u2019UE ouvrent l\u2019\u00e8re des rapprochements"},"content":{"rendered":"<p>&#13;<br \/>\n\t\u00abC\u2019est un nouveau chapitre pour des partenaires naturels, qui partagent les m\u00eames valeurs\u00bb, s\u2019est f\u00e9licit\u00e9 Ursula von der Leyen, la pr\u00e9sidente de la Commission europ\u00e9enne, \u00e0 l\u2019issue du premier sommet de ce type depuis la sortie du voisin britannique de l\u2019Union.<\/p>\n<p>&#13;<br \/>\n\tAu palais londonien de Lancaster House, les deux parties ont ainsi lanc\u00e9 la \u00abr\u00e9initialisation\u00bb de la relation avec les Vingt-Sept pr\u00f4n\u00e9e depuis juillet 2024 par le Premier ministre travailliste Keir Starmer, pr\u00e9sent aux c\u00f4t\u00e9s de l\u2019Allemande, et du pr\u00e9sident du Conseil europ\u00e9en, le Portugais Antonio Costa.<\/p>\n<p>&#13;<br \/>\n\tSucc\u00e8s fran\u00e7ais sur la p\u00eache<\/p>\n<p>&#13;<br \/>\n\tC\u2019est en mati\u00e8re de d\u00e9fense que les pas accomplis ce lundi ont \u00e9t\u00e9 les plus palpables : Britanniques et Europ\u00e9ens ont sign\u00e9 un trait\u00e9 pour multiplier les coop\u00e9rations entre arm\u00e9es, dans des op\u00e9rations ou des entra\u00eenements communs, ou bien sur les fronts de la cybers\u00e9curit\u00e9, de la protection des infrastructures critiques, et de l\u2019espace. Un \u00abdeal\u00bb conclu au forceps, tard dans lu 18 au 19 mai. La France avait conditionn\u00e9 tout accord sur la d\u00e9fense \u00e0 un compromis dans le domaine de la p\u00eache. Succ\u00e8s tricolore : l\u2019Hexagone a obtenu pour les chalutiers de l\u2019UE la prolongation du g\u00e9n\u00e9reux acc\u00e8s actuel aux eaux britanniques, qui devrait expirer en 2026, pour 12 ans, soit jusqu\u2019en 2038.<\/p>\n<p>&#13;<br \/>\n\tL\u2019accord reste cependant incomplet \u00e0 bien des \u00e9gards. Le gouvernement de sa Majest\u00e9 n\u2019a pas encore d\u00e9croch\u00e9 la participation des firmes industrielles britanniques, tant souhait\u00e9e par Keir Starmer, au programme \u00abSAFE\u00bb de 150 milliards d\u2019euros d\u2019investissements dans le r\u00e9armement de l\u2019UE. Le texte agr\u00e9\u00e9 y ouvre certes la porte, mais les conditions demeurent floues, et davantage de discussions seront n\u00e9cessaires. Et pour obtenir un feu vert d\u00e9finitif, Londres devra accepter d\u2019ouvrir son propre march\u00e9 et de contribuer \u00e0 l\u2019effort budg\u00e9taire. Pas \u00e9vident pour Keir Starmer, qui se voit accus\u00e9 outre-Manche de revenir subrepticement sur l\u2019issue du r\u00e9f\u00e9rendum de 2016.<\/p>\n<p>&#13;<br \/>\n\tRetour du Royaume-Uni dans les normes de l&rsquo;UE<\/p>\n<p>&#13;<br \/>\n\tEn mati\u00e8re commerciale, le Premier ministre a n\u00e9anmoins pu brandir ce lundi un pr\u00e9cieux accord \u00absanitaire et phytosanitaire\u00bb devant all\u00e9ger drastiquement les contr\u00f4les aux fronti\u00e8res de l\u2019UE, et autres \u00abproc\u00e9dures administratives\u00bb (\u00ab\u00a0red tapes\u00a0\u00bb) qui p\u00e9nalisent les entreprises exportatrices britanniques de biens agroalimentaires depuis 2020. A rebours des promesses initiales des \u00abBrexiteers\u00bb, son gouvernement s\u2019est engag\u00e9 \u00e0 respecter les normes \u00e9dict\u00e9es par l\u2019UE, et \u00e0 se plier aux verdicts de la Cour de Justice de l\u2019Union, en cas de litiges. Mais l\u00e0 aussi, les modalit\u00e9s devront \u00eatre finalis\u00e9es dans les prochaines semaines.<\/p>\n<p>&#13;<br \/>\n\t\u00abC\u2019est un accord gagnant-gagnant entre une Grande-Bretagne ind\u00e9pendante et nos alli\u00e9s de l\u2019UE\u00bb, a martel\u00e9 Keir Starmer, jurant \u00eatre \u00abrest\u00e9 fid\u00e8le aux lignes rouges de [son] programme : ne pas rejoindre le march\u00e9 unique ni l\u2019union douani\u00e8re, et ne r\u00e9tablir la libre circulation des personnes\u00bb. D\u00e8s lors, les engagements de Londres esp\u00e9r\u00e9s par Bruxelles pour que les jeunes de l\u2019UE &#8211; \u00e9tudiants et travailleurs &#8211; puissent plus facilement s\u2019installer outre-Manche sont finalement rest\u00e9s tr\u00e8s modestes.<\/p>\n<p>&#13;<br \/>\n\tParmi les autres avanc\u00e9es : la participation du Royaume-Uni au march\u00e9 europ\u00e9en de l&rsquo;\u00e9lectricit\u00e9 \u00abcomme avant le Brexit\u00bb, ou encore davantage de coop\u00e9ration sur les investissements dans les \u00e9nergies renouvelables en mer du Nord.<\/p>\n<p>&#13;<br \/>\n\tL\u2019UE et le voisin britanniques refusionneront enfin leurs bourses du carbone (ETS, pour Emissions Trading System) afin, notamment, que les industries concern\u00e9es (ciment, m\u00e9tallurgie, engrais ou l\u2019\u00e9lectricit\u00e9) se voient exempt\u00e9es de leurs \u00abm\u00e9canisme d&rsquo;ajustement carbone aux fronti\u00e8res\u00bb respectifs.<\/p>\n<p>&#13;<br \/>\n\t<strong>Cl\u00e9ment Solal et Alexandre Gilles-Chomel<\/strong><\/p>\n","protected":false},"excerpt":{"rendered":"&#13; \u00abC\u2019est un nouveau chapitre pour des partenaires naturels, qui partagent les m\u00eames valeurs\u00bb, s\u2019est f\u00e9licit\u00e9 Ursula von&hellip;\n","protected":false},"author":2,"featured_media":112531,"comment_status":"","ping_status":"","sticky":false,"template":"","format":"standard","meta":{"footnotes":""},"categories":[1588],"tags":[11,670,2159,2160,554,11291,1018,1777,674,14,12,4838,473,1853,1851,1850,1852],"class_list":{"0":"post-112530","1":"post","2":"type-post","3":"status-publish","4":"format-standard","5":"has-post-thumbnail","7":"category-royaume-uni","8":"tag-actualites","9":"tag-aero-spatial","10":"tag-agro","11":"tag-commerce-international","12":"tag-defense","13":"tag-eco-social","14":"tag-economie-de-guerre","15":"tag-eu","16":"tag-europe","17":"tag-international","18":"tag-news","19":"tag-peche","20":"tag-royaume-uni","21":"tag-royaume-uni-de-grande-bretagne-et-dirlande-du-nord","22":"tag-uk","23":"tag-united-kingdom","24":"tag-united-kingdom-of-great-britain-and-northern-ireland"},"share_on_mastodon":{"url":"https:\/\/pubeurope.com\/@fr\/114536188708115041","error":""},"_links":{"self":[{"href":"https:\/\/www.europesays.com\/fr\/wp-json\/wp\/v2\/posts\/112530","targetHints":{"allow":["GET"]}}],"collection":[{"href":"https:\/\/www.europesays.com\/fr\/wp-json\/wp\/v2\/posts"}],"about":[{"href":"https:\/\/www.europesays.com\/fr\/wp-json\/wp\/v2\/types\/post"}],"author":[{"embeddable":true,"href":"https:\/\/www.europesays.com\/fr\/wp-json\/wp\/v2\/users\/2"}],"replies":[{"embeddable":true,"href":"https:\/\/www.europesays.com\/fr\/wp-json\/wp\/v2\/comments?post=112530"}],"version-history":[{"count":0,"href":"https:\/\/www.europesays.com\/fr\/wp-json\/wp\/v2\/posts\/112530\/revisions"}],"wp:featuredmedia":[{"embeddable":true,"href":"https:\/\/www.europesays.com\/fr\/wp-json\/wp\/v2\/media\/112531"}],"wp:attachment":[{"href":"https:\/\/www.europesays.com\/fr\/wp-json\/wp\/v2\/media?parent=112530"}],"wp:term":[{"taxonomy":"category","embeddable":true,"href":"https:\/\/www.europesays.com\/fr\/wp-json\/wp\/v2\/categories?post=112530"},{"taxonomy":"post_tag","embeddable":true,"href":"https:\/\/www.europesays.com\/fr\/wp-json\/wp\/v2\/tags?post=112530"}],"curies":[{"name":"wp","href":"https:\/\/api.w.org\/{rel}","templated":true}]}}