{"id":1125401,"date":"2026-08-14T00:40:25","date_gmt":"2026-08-14T00:40:25","guid":{"rendered":"https:\/\/www.europesays.com\/fr\/1125401\/"},"modified":"2026-08-14T00:40:25","modified_gmt":"2026-08-14T00:40:25","slug":"a-lille-le-trafic-de-cocaine-et-dheroine-laisse-les-pouvoirs-publics-impuissants","status":"publish","type":"post","link":"https:\/\/www.europesays.com\/fr\/1125401\/","title":{"rendered":"\u00c0 Lille, le trafic de coca\u00efne et d&rsquo;h\u00e9ro\u00efne laisse les pouvoirs publics impuissants"},"content":{"rendered":"<p class=\"dm_article-chapeau\">Le maire de Marseille tire la sonnette d&rsquo;alarme : la consommation de crack explose dans la ville. Beno\u00eet Payan r\u00e9clame donc un plan d&rsquo;urgence interminist\u00e9riel. Un courrier vient d&rsquo;\u00eatre adress\u00e9 \u00e0 S\u00e9bastien Lecornu sur le sujet. Une situation qui concerne \u00e9galement le nord et la ville de Lille.<\/p>\n<p>Pouvoirs publics impuissants, riverains d\u00e9sar\u00e7onn\u00e9s, personne ne semble en mesure d&rsquo;endiguer le ph\u00e9nom\u00e8ne. Le quartier Moulin, situ\u00e9 en face d&rsquo;un h\u00f4pital, \u00e0 la sortie du m\u00e9tro, vit au rythme des guetteurs install\u00e9s sur des canap\u00e9s et des rochers.<\/p>\n<p>Le <a href=\"https:\/\/www.europe1.fr\/dossiers\/narcotrafic\" target=\"_blank\" rel=\"nofollow noopener\">trafic de coca\u00efne<\/a> et d&rsquo;h\u00e9ro\u00efne a investi le quartier et fait subir des va-et-vient r\u00e9guliers devant des habitants et des patients du centre hospitalier d\u00e9sabus\u00e9s. \u00ab\u00a0Il y a beaucoup de squatteurs et de points de deal. Des personnes qui sont drogu\u00e9es et qui crient. Ils insultent les gens. \u00c7a me fait peur\u00a0\u00bb, t\u00e9moigne une riveraine. Un sentiment d&rsquo;ins\u00e9curit\u00e9 quotidien. \u00ab\u00a0Je pense que malheureusement, \u00e7a s&rsquo;amplifie\u00a0\u00bb, ajoute un habitant.<\/p>\n<p>Une nouvelle plaque tournante<\/p>\n<p>Lille est devenue une plaque tournante <a href=\"https:\/\/www.europe1.fr\/police-justice\/rhone-cinq-interpellations-apres-1826-livraisons-de-drogue-par-drone-a-la-prison-de-villefranche-sur-saone-1008740\" target=\"_blank\" rel=\"nofollow noopener\">de la drogue<\/a>, en raison de sa proximit\u00e9 avec la Belgique et les Pays-Bas. Plus de consommateurs et, par cons\u00e9quent, plus de points de deal, d\u00e9plore Jean-Claude Menault, adjoint au maire en charge de la s\u00e9curit\u00e9.<\/p>\n<p>\u00ab\u00a0Il y a un sentiment d&rsquo;impuissance parce qu&rsquo;on ne veut pas y mettre les moyens. La loi sur le narcotrafic, c&rsquo;est bien, mais c&rsquo;est une loi qui traite les narcotrafiquants, c&rsquo;est-\u00e0-dire le haut du spectre. Mais dans les quartiers qui sont les n\u00f4tres, c&rsquo;est le bas du spectre qui gangr\u00e8ne les secteurs et qui trouble la vie des gens\u00a0\u00bb, exprime-t-il.<\/p>\n<p>Au-del\u00e0 des lois, c&rsquo;est une pr\u00e9sence polici\u00e8re qu&rsquo;attend l&rsquo;\u00e9lu. \u00ab\u00a0Ce qu&rsquo;on r\u00e9clame, c&rsquo;est une pr\u00e9sence permanente, et pas des op\u00e9rations de communication temporaires qu&rsquo;il a pu y avoir ces derni\u00e8res ann\u00e9es\u00a0\u00bb, conclut-il.<\/p>\n","protected":false},"excerpt":{"rendered":"Le maire de Marseille tire la sonnette d&rsquo;alarme : la consommation de crack explose dans la ville. Beno\u00eet&hellip;\n","protected":false},"author":2,"featured_media":1125402,"comment_status":"","ping_status":"","sticky":false,"template":"","format":"standard","meta":{"footnotes":"","_share_on_mastodon":"0"},"categories":[2815],"tags":[1111,11,3992,1777,674,1011,27,811,1307,8721,12,25],"class_list":["post-1125401","post","type-post","status-publish","format-standard","has-post-thumbnail","category-lille","tag-actu","tag-actualites","tag-drogues","tag-eu","tag-europe","tag-fr","tag-france","tag-hauts-de-france","tag-lille","tag-narcotrafic","tag-news","tag-republique-francaise"],"share_on_mastodon":{"url":"https:\/\/pubeurope.com\/@fr\/117091082563119517","error":""},"_links":{"self":[{"href":"https:\/\/www.europesays.com\/fr\/wp-json\/wp\/v2\/posts\/1125401","targetHints":{"allow":["GET"]}}],"collection":[{"href":"https:\/\/www.europesays.com\/fr\/wp-json\/wp\/v2\/posts"}],"about":[{"href":"https:\/\/www.europesays.com\/fr\/wp-json\/wp\/v2\/types\/post"}],"author":[{"embeddable":true,"href":"https:\/\/www.europesays.com\/fr\/wp-json\/wp\/v2\/users\/2"}],"replies":[{"embeddable":true,"href":"https:\/\/www.europesays.com\/fr\/wp-json\/wp\/v2\/comments?post=1125401"}],"version-history":[{"count":0,"href":"https:\/\/www.europesays.com\/fr\/wp-json\/wp\/v2\/posts\/1125401\/revisions"}],"wp:featuredmedia":[{"embeddable":true,"href":"https:\/\/www.europesays.com\/fr\/wp-json\/wp\/v2\/media\/1125402"}],"wp:attachment":[{"href":"https:\/\/www.europesays.com\/fr\/wp-json\/wp\/v2\/media?parent=1125401"}],"wp:term":[{"taxonomy":"category","embeddable":true,"href":"https:\/\/www.europesays.com\/fr\/wp-json\/wp\/v2\/categories?post=1125401"},{"taxonomy":"post_tag","embeddable":true,"href":"https:\/\/www.europesays.com\/fr\/wp-json\/wp\/v2\/tags?post=1125401"}],"curies":[{"name":"wp","href":"https:\/\/api.w.org\/{rel}","templated":true}]}}