{"id":112544,"date":"2025-05-19T19:45:09","date_gmt":"2025-05-19T19:45:09","guid":{"rendered":"https:\/\/www.europesays.com\/fr\/112544\/"},"modified":"2025-05-19T19:45:09","modified_gmt":"2025-05-19T19:45:09","slug":"une-double-dose-de-bonheur-pour-wiktor-rasjner","status":"publish","type":"post","link":"https:\/\/www.europesays.com\/fr\/112544\/","title":{"rendered":"une double dose de bonheur pour Wiktor Rasjner"},"content":{"rendered":"<p>En voil\u00e0 un gar\u00e7on qui a bien fait de venir\u00a0! De quitter sa Pologne natale et le banc de Zawiercie pour la Touraine. Car Wiktor Rajsner va rentrer cette semaine tout aur\u00e9ol\u00e9 d\u2019un titre de champion de France. \u00ab\u00a0Je suis probablement un des tout premiers, si ce n\u2019est le premier joueur polonais \u00e0 gagner ce championnat\u00a0!\u00a0\u00bb s\u2019amuse-t-il, s\u2019enthousiasme-t-il.<\/p>\n<p>Aussi discret que s\u00e9rieux, Wiktor Rajsner a fait sa place au Tours\u00a0VB. <a target=\"_self\" href=\"https:\/\/www.lanouvellerepublique.fr\/tours\/coupe-cev-wiktor-rajsner-arrive-en-joker-au-tours-vb-1737986308\" rel=\"nofollow noopener\">Arriv\u00e9 en joker m\u00e9dical de Leandro Aracaju<\/a>, fin janvier, il a saisi chaque opportunit\u00e9, a clairement ajout\u00e9 une carte au jeu tourangeau, avec sa pr\u00e9sence au filet, la qualit\u00e9 de son service flottant aussi. Sans parler de son calme. Le tout dans un championnat qu\u2019il d\u00e9couvrait, et dont il a pu appr\u00e9cier l\u2019exigence.<\/p>\n<p>\u00ab\u00a0Chaque opportunit\u00e9 a \u00e9t\u00e9 bonne pour moi. Cette ligue est tr\u00e8s forte, avec des joueurs tr\u00e8s techniques et une comp\u00e9tition tr\u00e8s serr\u00e9e. Je suis vraiment content de la d\u00e9cision que j\u2019ai prise de venir. C\u2019\u00e9tait aussi une sorte d\u2019aventure pour moi.\u00a0\u00bb Une aventure gagnante donc, pour lui comme pour le club, avec aussi, et il ne faudrait pas l\u2019oublier, une demi-finale de Coupe CEV dans l\u2019escarcelle.<\/p>\n<p>\u00ab\u00a0J\u2019avais la chair de poule quand je suis rentr\u00e9\u00a0\u00bb<\/p>\n<p>Alors, samedi, dans cette finale retour de championnat face \u00e0 Poitiers, c\u2019est bien une nouvelle fois vers Wiktor Rajsner, et non vers Mickael Marshman, que Marcelo Fronckowiak s\u2019est tourn\u00e9 dans le premier set pour suppl\u00e9er Aracaju au service \u00e0 21-22, et distiller en prime une manchette gagnante pour Strehlau (22-22). Puis encore dans le deuxi\u00e8me, et le troisi\u00e8me set. Avec \u00e0 la cl\u00e9 une derni\u00e8re plong\u00e9e dans le chaudron de Grenon. \u00ab\u00a0J\u2019avais la chair de poule quand je suis rentr\u00e9, raconte le central polonais. L\u2019ambiance \u00e9tait extraordinaire. Les supporteurs nous ont tellement pouss\u00e9s.\u00a0\u00bb<\/p>\n<p>Cette soir\u00e9e du 17\u00a0mai, Wiktor Rajsner n\u2019est donc pas pr\u00eat de l\u2019oublier. \u00ab\u00a0C\u2019\u00e9tait une grande soir\u00e9e, pour le club, pour nous. C\u2019est le 10e\u00a0titre de champion de France pour Tours, c\u2019est une grande, grande performance.\u00a0\u00bb Et ce n\u2019est pas parce qu\u2019il n\u2019a pass\u00e9 que quatre mois \u00e0 peine au TVB que ce dixi\u00e8me titre ne rev\u00eat pas une saveur tout \u00e0 fait particuli\u00e8re \u00e0 ses yeux aussi. \u00ab\u00a0Je n\u2019ai pass\u00e9 que quelques mois ici, mais je me sens proche du club, des gars et ce dixi\u00e8me, il est important aussi pour moi.\u00a0\u00bb En rentrant en Pologne, o\u00f9 le Tours VB est un club connu et reconnu, il pourra se targuer d\u2019avoir \u00e9t\u00e9 de cette histoire-l\u00e0.<\/p>\n<\/p>\n<p>Zawierce l\u2019a aussi fait vibrer<\/p>\n<p>Le bonheur fut d\u2019autant plus total samedi que, quelques heures avant d\u2019entrer dans Grenon, ses co\u00e9quipiers de Zawiercie (parmi lesquels l\u2019ancien Tourangeau Luke Perry) avaient, eux aussi, \u00e9crit une page de leur histoire. Et quelle page, en se qualifiant pour la finale de la Ligue des champions, aux d\u00e9pens de Jasterzebski au tie-break conclu par un\u2026 20-22\u00a0! \u00ab\u00a0Ils ont gagn\u00e9 apr\u00e8s un grand match\u00a0! C\u2019est \u00e9norme pour une petite ville comme cela de r\u00e9ussir une telle performance. Pour moi, c\u2019est un double grand jour\u00a0! Je suis doublement heureux\u00a0!\u00a0\u00bb<\/p>\n","protected":false},"excerpt":{"rendered":"En voil\u00e0 un gar\u00e7on qui a bien fait de venir\u00a0! De quitter sa Pologne natale et le banc&hellip;\n","protected":false},"author":2,"featured_media":112545,"comment_status":"","ping_status":"","sticky":false,"template":"","format":"standard","meta":{"footnotes":""},"categories":[1417],"tags":[1011,27,1387,1655,60,1390,1471,2767,1470,1469],"class_list":{"0":"post-112544","1":"post","2":"type-post","3":"status-publish","4":"format-standard","5":"has-post-thumbnail","7":"category-volley","8":"tag-fr","9":"tag-france","10":"tag-indre-et-loire","11":"tag-ligue-a","12":"tag-sports","13":"tag-tours","14":"tag-tours-volley-ball","15":"tag-tvb-37","16":"tag-volley","17":"tag-volleyball"},"share_on_mastodon":{"url":"https:\/\/pubeurope.com\/@fr\/114536220190594986","error":""},"_links":{"self":[{"href":"https:\/\/www.europesays.com\/fr\/wp-json\/wp\/v2\/posts\/112544","targetHints":{"allow":["GET"]}}],"collection":[{"href":"https:\/\/www.europesays.com\/fr\/wp-json\/wp\/v2\/posts"}],"about":[{"href":"https:\/\/www.europesays.com\/fr\/wp-json\/wp\/v2\/types\/post"}],"author":[{"embeddable":true,"href":"https:\/\/www.europesays.com\/fr\/wp-json\/wp\/v2\/users\/2"}],"replies":[{"embeddable":true,"href":"https:\/\/www.europesays.com\/fr\/wp-json\/wp\/v2\/comments?post=112544"}],"version-history":[{"count":0,"href":"https:\/\/www.europesays.com\/fr\/wp-json\/wp\/v2\/posts\/112544\/revisions"}],"wp:featuredmedia":[{"embeddable":true,"href":"https:\/\/www.europesays.com\/fr\/wp-json\/wp\/v2\/media\/112545"}],"wp:attachment":[{"href":"https:\/\/www.europesays.com\/fr\/wp-json\/wp\/v2\/media?parent=112544"}],"wp:term":[{"taxonomy":"category","embeddable":true,"href":"https:\/\/www.europesays.com\/fr\/wp-json\/wp\/v2\/categories?post=112544"},{"taxonomy":"post_tag","embeddable":true,"href":"https:\/\/www.europesays.com\/fr\/wp-json\/wp\/v2\/tags?post=112544"}],"curies":[{"name":"wp","href":"https:\/\/api.w.org\/{rel}","templated":true}]}}