{"id":112548,"date":"2025-05-19T19:47:08","date_gmt":"2025-05-19T19:47:08","guid":{"rendered":"https:\/\/www.europesays.com\/fr\/112548\/"},"modified":"2025-05-19T19:47:08","modified_gmt":"2025-05-19T19:47:08","slug":"atp-geneve-thierry-grin-directeur-du-tournoi-sur-la-presence-de-djokovic-les-nadal-federer-et-autres-ne-jouaient-pas-la-semaine-avant-roland-garros-cette-pratique-a-cha","status":"publish","type":"post","link":"https:\/\/www.europesays.com\/fr\/112548\/","title":{"rendered":"ATP &#8211; Gen\u00e8ve > Thierry Grin, directeur du tournoi, sur la pr\u00e9sence de Djokovic : \u00ab\u00a0Les Nadal, Federer et autres ne jouaient pas la semaine avant Roland-Garros. Cette pratique\u00a0a\u00a0chang\u00e9\u00a0\u00bb"},"content":{"rendered":"<p>Apr\u00e8s le Masters 1000 de Rome, les joueurs du circuit ont encore l\u2019oc\u00adca\u00adsion d\u2019ap\u00adporter des ajus\u00adte\u00adments sur leur jeu, avant Roland\u2010Garros, avec l\u2019ATP 500 d\u2019Hambourg et l\u2019Open de Gen\u00e8ve.\u00a0<\/p>\n<p>Une p\u00e9riode souvent boud\u00e9e par les cadors par le pass\u00e9. <a href=\"https:\/\/www.welovetennis.fr\/atp\/jim-courier-je-suis-vraiment-choque-honnetement-de-voir-certains-de-ces-noms-ici\" data-wpel-link=\"internal\" target=\"_blank\" rel=\"noopener\">Jim Courier s\u2019est d\u2019ailleurs affich\u00e9 critique sur les athl\u00e8tes parti\u00adci\u00adpant \u00e0 ces \u00e9v\u00e9ne\u00adments<\/a>. Thierry Grin n\u2019est pas de cet avis. Selon le direc\u00adteur du tournoi suisse, l\u2019ali\u00adgne\u00adment de Djokovic en terre helv\u00e9\u00adtique, et la pr\u00e9sence d\u2019Alexander Zverev montrent un regain de consi\u00add\u00e9\u00adra\u00adtion pour ces comp\u00e9\u00adti\u00adtions avant la Porte d\u2019Auteuil.<\/p>\n<p><strong>\u00ab\u202fLes deux plateaux sont extr\u00ea\u00adme\u00adment, extr\u00ea\u00adme\u00adment \u00e9lev\u00e9s, malgr\u00e9 le fait qu\u2019Hambourg est un ATP 500, Gen\u00e8ve attire presque des joueurs encore de meilleurs niveaux, ce qui est tota\u00adle\u00adment excep\u00adtionnel. Et puis \u00e7a d\u00e9montre aussi que depuis dix ans en fait, c\u2019\u00e9tait l\u2019\u00e8re o\u00f9 les Nadal, Federer et autres, les membres du Big Four ne jouaient pas la semaine avant Roland\u2010Garros, ceci a chang\u00e9, cette pratique a chang\u00e9. Et on le voit aujourd\u2019hui, les plus grands jouent la semaine avant, et puis \u00e9videm\u00adment c\u2019est une excel\u00adlente nouvelle\u00a0pour\u00a0Gen\u00e8ve\u202f\u00bb<\/strong>, a analys\u00e9 l\u2019an\u00adcien 402e joueur mondial, dans un entre\u00adtien accord\u00e9 \u00e0 <a href=\"https:\/\/www.lemanbleu.ch\/fr\/Actualite\/Sport\/Gonet-Geneva-Open-Djokovic-c-est-un-cadeau-miraculeux.html\" data-wpel-link=\"external\" target=\"_blank\" rel=\"nofollow external noopener\">L\u00e9man bleu<\/a>.<\/p>\n<p>Des propos \u00e0 nuancer, <a href=\"https:\/\/www.welovetennis.fr\/atp\/hecatombe-de-forfaits-a-hambourg-les-quatre-premieres-tetes-de-serie-se-retirent-en-meme-temps-dont-jannik-sinner\" data-wpel-link=\"internal\" target=\"_blank\" rel=\"noopener\">le num\u00e9ro un mondial Jannik Sinner, suivi de Lorenzo Musetti et Holger Rune ont d\u00e9clar\u00e9 forfait pour le tournoi d\u2019Hambourg<\/a>. Carlos Alcaraz n\u2019avait pr\u00e9vu aucune sortie avant Roland\u2010Garros. Ces tour\u00adnois rel\u00e8vent plus d\u2019une remise en forme pour les joueurs en manque de confiance, qu\u2019un r\u00e9el int\u00e9r\u00eat.<\/p>\n<p class=\"post-published-date\" style=\"color: silver; font-size: 75%; text-align: left;\">Publi\u00e9 le lundi 19 mai 2025 \u00e0 19:12<\/p>\n","protected":false},"excerpt":{"rendered":"Apr\u00e8s le Masters 1000 de Rome, les joueurs du circuit ont encore l\u2019oc\u00adca\u00adsion d\u2019ap\u00adporter des ajus\u00adte\u00adments sur leur&hellip;\n","protected":false},"author":2,"featured_media":112549,"comment_status":"","ping_status":"","sticky":false,"template":"","format":"standard","meta":{"footnotes":""},"categories":[1415],"tags":[1744,105,2199,1011,27,1960,2127,60,1467,4542],"class_list":{"0":"post-112548","1":"post","2":"type-post","3":"status-publish","4":"format-standard","5":"has-post-thumbnail","7":"category-tennis","8":"tag-alcaraz","9":"tag-djokovic","10":"tag-federer","11":"tag-fr","12":"tag-france","13":"tag-nadal","14":"tag-sinner","15":"tag-sports","16":"tag-tennis","17":"tag-zverev"},"share_on_mastodon":{"url":"https:\/\/pubeurope.com\/@fr\/114536227959677472","error":""},"_links":{"self":[{"href":"https:\/\/www.europesays.com\/fr\/wp-json\/wp\/v2\/posts\/112548","targetHints":{"allow":["GET"]}}],"collection":[{"href":"https:\/\/www.europesays.com\/fr\/wp-json\/wp\/v2\/posts"}],"about":[{"href":"https:\/\/www.europesays.com\/fr\/wp-json\/wp\/v2\/types\/post"}],"author":[{"embeddable":true,"href":"https:\/\/www.europesays.com\/fr\/wp-json\/wp\/v2\/users\/2"}],"replies":[{"embeddable":true,"href":"https:\/\/www.europesays.com\/fr\/wp-json\/wp\/v2\/comments?post=112548"}],"version-history":[{"count":0,"href":"https:\/\/www.europesays.com\/fr\/wp-json\/wp\/v2\/posts\/112548\/revisions"}],"wp:featuredmedia":[{"embeddable":true,"href":"https:\/\/www.europesays.com\/fr\/wp-json\/wp\/v2\/media\/112549"}],"wp:attachment":[{"href":"https:\/\/www.europesays.com\/fr\/wp-json\/wp\/v2\/media?parent=112548"}],"wp:term":[{"taxonomy":"category","embeddable":true,"href":"https:\/\/www.europesays.com\/fr\/wp-json\/wp\/v2\/categories?post=112548"},{"taxonomy":"post_tag","embeddable":true,"href":"https:\/\/www.europesays.com\/fr\/wp-json\/wp\/v2\/tags?post=112548"}],"curies":[{"name":"wp","href":"https:\/\/api.w.org\/{rel}","templated":true}]}}